{"id":30425,"date":"2014-08-02T09:27:59","date_gmt":"2014-08-02T15:27:59","guid":{"rendered":"http:\/\/www.eloriente.net\/home\/?p=30425"},"modified":"2014-08-02T12:14:39","modified_gmt":"2014-08-02T18:14:39","slug":"mezcal-mole-chocolate-y-sal-de-gusano-en-vancouver-canada","status":"publish","type":"post","link":"http:\/\/www.eloriente.net\/home\/2014\/08\/02\/mezcal-mole-chocolate-y-sal-de-gusano-en-vancouver-canada\/","title":{"rendered":"Mezcal, mole, chocolate y sal de gusano en Vancouver, Canad\u00e1."},"content":{"rendered":"<p><span style=\"font-size: 13px;\">eloriente.net\/STyDE<\/span><\/p>\n<p>2\/agosto\/2014<\/p>\n<p>Bajo el nombre de Misi\u00f3n Comercial de Exportadores, la Secretar\u00eda de Turismo y Desarrollo Econ\u00f3mico de Oaxaca (STyDE) en coordinaci\u00f3n con el Gobierno Federal a trav\u00e9s de ProM\u00e9xico y el Consejo de Promoci\u00f3n Tur\u00edstica de M\u00e9xico en Vancouver, empresarios oaxaque\u00f1os de mezcal, mole, chocolate, salsas, mermeladas y sal de gusano, participaron en dos importantes eventos en la ciudad de Vancouver: \u00abEat Vancouver\u00bb y \u00abVancouver International Tequila Expo\u00bb.<\/p>\n<p>Las actividades m\u00e1s all\u00e1 de la promoci\u00f3n de productos oaxaque\u00f1os en el extranjero, tambi\u00e9n incluyeron maridaje, seminario de cocina con Mezcal de Oaxaca, degustaciones VIP y encuentros de negocios a trav\u00e9s de una red de networking. Durante m\u00e1s de un mes (28 de mayo al 1 de junio), participaron con \u00e9xito las marcas Mezcal Koch, Mezcal Rey Zapoteco, Mezcal Tierra de Canto, Mezcal los Danzantes, Mezcal Sin Piedad, Mezcal Bruxo, Mezcal 8 v\u00edboras, Mezcal Amores, Mezcales de leyenda y Seasons of my heart con la promoci\u00f3n y degustaci\u00f3n del chocolate, mole, salsas, mermeladas y sal de gusano.<\/p>\n<p><a href=\"http:\/\/www.eloriente.net\/home\/wp-content\/uploads\/2014\/08\/4142476025_db040f85d7_o.jpg\"><img loading=\"lazy\" decoding=\"async\" class=\"alignnone size-medium wp-image-30426\" title=\"4142476025_db040f85d7_o\" src=\"http:\/\/www.eloriente.net\/home\/wp-content\/uploads\/2014\/08\/4142476025_db040f85d7_o-300x199.jpg\" alt=\"\" width=\"300\" height=\"199\" srcset=\"http:\/\/www.eloriente.net\/home\/wp-content\/uploads\/2014\/08\/4142476025_db040f85d7_o-300x199.jpg 300w, http:\/\/www.eloriente.net\/home\/wp-content\/uploads\/2014\/08\/4142476025_db040f85d7_o.jpg 1000w\" sizes=\"(max-width: 300px) 100vw, 300px\" \/><\/a><\/p>\n<p><a title=\"Attribution License\" href=\"https:\/\/creativecommons.org\/licenses\/by\/2.0\/\">Algunos derechos reservados<\/a>\u00a0por\u00a0<a href=\"https:\/\/www.flickr.com\/photos\/scaredykat\/\">goodiesfirst<\/a><\/p>\n<p><strong>Entradas relacionadas:<\/strong><\/p>\n<p><a title=\"Permalink to Disfruta aqu\u00ed recuerdos y breve historia de la Guelaguetza\" href=\"http:\/\/www.eloriente.net\/home\/2014\/07\/21\/disfruta-aqui-recuerdos-y-breve-historia-de-la-guelaguetza\/\" rel=\"bookmark\">Disfruta aqu\u00ed recuerdos y breve historia de la Guelaguetza<\/a><\/p>\n<p><a href=\"http:\/\/www.eloriente.net\/home\/2014\/07\/21\/disfruta-aqui-recuerdos-y-breve-historia-de-la-guelaguetza\/\" rel=\"bookmark\"><img decoding=\"async\" title=\"Disfruta aqu\u00ed recuerdos y breve historia de la Guelaguetza\" src=\"http:\/\/www.eloriente.net\/home\/wp-content\/themes\/city-desk\/timthumb.php?src=http%3A%2F%2Fwww.eloriente.net%2Fhome%2Fwp-content%2Fuploads%2F2014%2F07%2FGuelaguetza-Por-Gobierno-del-Estado.jpg&amp;q=90&amp;w=160&amp;h=106&amp;zc=1\" alt=\"Disfruta aqu\u00ed recuerdos y breve historia de la Guelaguetza\" \/><\/a><\/p>\n<p>eloriente.net 21\/julio\/2014 Como cada a\u00f1o, esta ma\u00f1ana de lunes 21 de julio dio inicio la\u00a0Guelaguetza 2014, la m\u00e1xima fiesta de los oaxaque\u00f1os, un encuentro folkl\u00f3rico de m\u00fasica y danza de las ocho regiones del estado de Oaxaca: Ca\u00f1ada, Costa, Istmo, Mixteca, Papaloapan, Sierra Norte, Sierra Sur y Valles Centrales; que data formalmente -como se le [&#8230;]<\/p>\n<p>July 21, 2014<\/p>\n<p><a title=\"Permalink to \u00bfConoces las Cuevas Prehist\u00f3ricas de Yagul y Mitla?\" href=\"http:\/\/www.eloriente.net\/home\/2014\/08\/01\/conoces-las-cuevas-prehistoricas-de-yagul-y-mitla\/\" rel=\"bookmark\">\u00bfConoces las Cuevas Prehist\u00f3ricas de Yagul y Mitla?<\/a><\/p>\n<p><a href=\"http:\/\/www.eloriente.net\/home\/2014\/08\/01\/conoces-las-cuevas-prehistoricas-de-yagul-y-mitla\/\" rel=\"bookmark\"><img decoding=\"async\" title=\"\u00bfConoces las Cuevas Prehist\u00f3ricas de Yagul y Mitla?\" src=\"http:\/\/www.eloriente.net\/home\/wp-content\/themes\/city-desk\/timthumb.php?src=http%3A%2F%2Fwww.eloriente.net%2Fhome%2Fwp-content%2Fuploads%2F2014%2F08%2Flgunos-derechos-reservados-por-maximalideal.jpg&amp;q=90&amp;w=160&amp;h=106&amp;zc=1\" alt=\"\u00bfConoces las Cuevas Prehist\u00f3ricas de Yagul y Mitla?\" \/><\/a><\/p>\n<p>eloriente.net\/INAH 1 de agosto de 2014 *** Localizadas en los Valles Centrales de Oaxaca, se encuentran bajo la categor\u00eda de Paisaje Cultural *** La gesti\u00f3n del bien para dicha inscripci\u00f3n fue realizada por el Instituto Nacional de Antropolog\u00eda e Historia Las Cuevas prehist\u00f3ricas de Yagul y Mitla en los Valles Centrales de Oaxaca fueron inscritas [&#8230;]<\/p>\n<p>August 1, 2014<\/p>\n\n\t\t\t  <div \n\t\t\t  \tclass = \"fb-comments\" \n\t\t\t  \tdata-href = \"http:\/\/www.eloriente.net\/home\/2014\/08\/02\/mezcal-mole-chocolate-y-sal-de-gusano-en-vancouver-canada\/\"\n\t\t\t  \tdata-numposts = \"10\"\n\t\t\t\tdata-colorscheme = \"dark\"\n\t\t\t\tdata-order-by = \"social\"\n\t\t\t\tdata-mobile=true>\n\t\t\t  <\/div>\n\t\t  <style>\n\t\t\t.fb_iframe_widget_fluid_desktop iframe {\n\t\t\t    width: 100% !important;\n\t\t\t}\n\t\t  <\/style>\n\t\t  ","protected":false},"excerpt":{"rendered":"<p>eloriente.net\/STyDE 2\/agosto\/2014 Bajo el nombre de Misi\u00f3n Comercial de Exportadores, la Secretar\u00eda de Turismo y Desarrollo Econ\u00f3mico de Oaxaca (STyDE) en coordinaci\u00f3n con el Gobierno Federal a trav\u00e9s de ProM\u00e9xico y el Consejo de Promoci\u00f3n Tur\u00edstica de M\u00e9xico en Vancouver, empresarios oaxaque\u00f1os de mezcal, mole, chocolate, salsas, mermeladas y sal de gusano, participaron en dos [&hellip;]<\/p>\n","protected":false},"author":1,"featured_media":30426,"comment_status":"open","ping_status":"open","sticky":false,"template":"","format":"standard","meta":{"_jetpack_memberships_contains_paid_content":false,"footnotes":""},"categories":[49,10,19],"tags":[],"class_list":["post-30425","post","type-post","status-publish","format-standard","has-post-thumbnail","hentry","category-destacadas","category-lo-mas-reciente","category-turismo-y-negocios"],"jetpack_featured_media_url":"http:\/\/www.eloriente.net\/home\/wp-content\/uploads\/2014\/08\/4142476025_db040f85d7_o.jpg","jetpack_sharing_enabled":true,"_links":{"self":[{"href":"http:\/\/www.eloriente.net\/home\/wp-json\/wp\/v2\/posts\/30425"}],"collection":[{"href":"http:\/\/www.eloriente.net\/home\/wp-json\/wp\/v2\/posts"}],"about":[{"href":"http:\/\/www.eloriente.net\/home\/wp-json\/wp\/v2\/types\/post"}],"author":[{"embeddable":true,"href":"http:\/\/www.eloriente.net\/home\/wp-json\/wp\/v2\/users\/1"}],"replies":[{"embeddable":true,"href":"http:\/\/www.eloriente.net\/home\/wp-json\/wp\/v2\/comments?post=30425"}],"version-history":[{"count":3,"href":"http:\/\/www.eloriente.net\/home\/wp-json\/wp\/v2\/posts\/30425\/revisions"}],"predecessor-version":[{"id":30428,"href":"http:\/\/www.eloriente.net\/home\/wp-json\/wp\/v2\/posts\/30425\/revisions\/30428"}],"wp:featuredmedia":[{"embeddable":true,"href":"http:\/\/www.eloriente.net\/home\/wp-json\/wp\/v2\/media\/30426"}],"wp:attachment":[{"href":"http:\/\/www.eloriente.net\/home\/wp-json\/wp\/v2\/media?parent=30425"}],"wp:term":[{"taxonomy":"category","embeddable":true,"href":"http:\/\/www.eloriente.net\/home\/wp-json\/wp\/v2\/categories?post=30425"},{"taxonomy":"post_tag","embeddable":true,"href":"http:\/\/www.eloriente.net\/home\/wp-json\/wp\/v2\/tags?post=30425"}],"curies":[{"name":"wp","href":"https:\/\/api.w.org\/{rel}","templated":true}]}}