{"id":30429,"date":"2014-08-02T09:43:31","date_gmt":"2014-08-02T15:43:31","guid":{"rendered":"http:\/\/www.eloriente.net\/home\/?p=30429"},"modified":"2014-08-02T09:43:31","modified_gmt":"2014-08-02T15:43:31","slug":"busca-uabjo-la-acreditacion-institucional","status":"publish","type":"post","link":"http:\/\/www.eloriente.net\/home\/2014\/08\/02\/busca-uabjo-la-acreditacion-institucional\/","title":{"rendered":"Busca UABJO la acreditaci\u00f3n institucional"},"content":{"rendered":"<div>eloriente.net\/<a href=\"http:\/\/www.uabjo.mx\/\" target=\"_blank\">UABJO<\/a><\/div>\n<div><\/div>\n<div>2\/Agosto\/2014<\/div>\n<div><\/div>\n<div><strong>Se somete a evaluaci\u00f3n de 85 indicadores CIEES<\/strong><\/div>\n<p>El rector de la Universidad Aut\u00f3noma \u201cBenito Ju\u00e1rez\u201d de Oaxaca (UABJO), Eduardo Mart\u00ednez Helmes se reuni\u00f3 con secretarios y directores de la Administraci\u00f3n Central con el prop\u00f3sito de revisar los lineamentos establecidos por los Comit\u00e9s Interinstitucionales para la Evaluaci\u00f3n de la Educaci\u00f3n Superior (CIEES), para iniciar con los trabajos hacia la acreditaci\u00f3n institucional.<\/p>\n<p>Durante la reuni\u00f3n se entreg\u00f3 el nuevo modelo de evaluaci\u00f3n, donde se desatacan las categor\u00edas, los indicadores y se detallan claramente los criterios y componentes a evaluar de acuerdo a las recomendaciones hechas por el Doctor Enrique Guti\u00e9rrez L\u00f3pez, vocal ejecutivo de los CIEES en su visita realizada en d\u00edas pasados.<\/p>\n<p>En este sentido, el secretario Acad\u00e9mico, Cesar Roberto Trujillo Reyes dio a conocer cada uno de los par\u00e1metros establecidos, as\u00ed como los formatos en que se debe enviar la informaci\u00f3n \u00a0a la direcci\u00f3n de Evaluaci\u00f3n Educativa.<\/p>\n<p>En las indicaciones destac\u00f3 que los nuevos lineamientos establecidos por CIEES, incluyen el requerimiento del Programa Operativo Anual (POA) y el Programa Integral de Fortalecimiento Interinstitucional (PIFI), el clima organizacional al interior y exterior con los sectores sociales y productivos.<\/p>\n<p>Cabe mencionar que el esquema de evaluaci\u00f3n tiene como fundamento las caracter\u00edsticas de una instituci\u00f3n de educaci\u00f3n superior de buena calidad e involucra el an\u00e1lisis de cinco ejes de desarrollo y 16 categor\u00edas, 85 indicadores y criterios de evaluaci\u00f3n.<\/p>\n<p>As\u00ed, la Universidad se somete a la evaluaci\u00f3n de las categor\u00edas referentes a la legislaci\u00f3n, gobierno y clima organizacional, planeaci\u00f3n y evaluaci\u00f3n, procesos acad\u00e9micos, alumnos, personal acad\u00e9mico, investigaci\u00f3n, estructura de la organizaci\u00f3n, recursos humanos, procesos administrativos, finanzas, recursos f\u00edsicos e instalaciones, vinculaci\u00f3n, difusi\u00f3n de la cultura y extensi\u00f3n de los servicios, internacionalizaci\u00f3n e innovaci\u00f3n.<\/p>\n<p>De tal modo que el rector solicit\u00f3 el apoyo integral de los funcionarios universitarios, con el compromiso de participar\u00a0 puntualmente en lo indicado por el modelo CIEES, lo cual permitir\u00e1 cumplir con una m\u00e1s de las obligaciones institucionales, a trav\u00e9s de este an\u00e1lisis de sus procesos, programas, proyectos y servicios, desarrollados en cada una de las \u00e1reas, para con ello obtener resultados diagn\u00f3sticos que ser\u00e1n el punto de partida para obtener la acreditaci\u00f3n.<\/p>\n<p><a href=\"http:\/\/www.eloriente.net\/home\/wp-content\/uploads\/2014\/08\/033.jpg\"><img loading=\"lazy\" decoding=\"async\" class=\"alignnone size-medium wp-image-30430\" title=\"03(3)\" src=\"http:\/\/www.eloriente.net\/home\/wp-content\/uploads\/2014\/08\/033-300x200.jpg\" alt=\"\" width=\"300\" height=\"200\" srcset=\"http:\/\/www.eloriente.net\/home\/wp-content\/uploads\/2014\/08\/033-300x200.jpg 300w, http:\/\/www.eloriente.net\/home\/wp-content\/uploads\/2014\/08\/033-1024x682.jpg 1024w\" sizes=\"(max-width: 300px) 100vw, 300px\" \/><\/a><\/p>\n<p>Foto: UABJO<\/p>\n<p><strong>Entradas relacionadas:<\/strong><\/p>\n<p><a title=\"Permalink to Gestionan proyectos educativos y culturales estrat\u00e9gicos en UABJO\" href=\"http:\/\/www.eloriente.net\/home\/2014\/07\/28\/gestionan-proyectos-educativos-y-culturales-estrategicos-en-uabjo\/\" rel=\"bookmark\">Gestionan proyectos educativos y culturales estrat\u00e9gicos en UABJO<\/a><\/p>\n<p><a href=\"http:\/\/www.eloriente.net\/home\/2014\/07\/28\/gestionan-proyectos-educativos-y-culturales-estrategicos-en-uabjo\/\" rel=\"bookmark\"><img decoding=\"async\" title=\"Gestionan proyectos educativos y culturales estrat\u00e9gicos en UABJO\" src=\"http:\/\/www.eloriente.net\/home\/wp-content\/themes\/city-desk\/timthumb.php?src=http%3A%2F%2Fwww.eloriente.net%2Fhome%2Fwp-content%2Fuploads%2F2014%2F07%2FRector%C3%ADa-UABJO.jpg&amp;q=90&amp;w=160&amp;h=106&amp;zc=1\" alt=\"Gestionan proyectos educativos y culturales estrat\u00e9gicos en UABJO\" \/><\/a><\/p>\n<p>eloriente.net\/UABJO 28\/julio\/2014 Con el prop\u00f3sito de trabajar en la mejora continua a partir de la capacidad y competitividad acad\u00e9mica, calidad de gesti\u00f3n, desarrollo de la innovaci\u00f3n educativa, internacionalizaci\u00f3n, vinculaci\u00f3n y extensi\u00f3n de la cultura, la Universidad Aut\u00f3noma \u201cBenito Ju\u00e1rez\u201d de Oaxaca, ha incrementado sus proyectos en nivel de excelencia en cuanto al Programa Integral de [&#8230;]<\/p>\n<p>July 28, 2014<\/p>\n<div id=\"post-30159\">\n<p><a title=\"Permalink to J\u00f3venes en pol\u00edtica: \u2018Podemos\u2019, lo que no fue el #YoSoy132\" href=\"http:\/\/www.eloriente.net\/home\/2014\/07\/26\/jovenes-en-politica-podemos-lo-que-no-fue-el-yosoy132\/\" rel=\"bookmark\">J\u00f3venes en pol\u00edtica: \u2018Podemos\u2019, lo que no fue el #YoSoy132<\/a><\/p>\n<p><a href=\"http:\/\/www.eloriente.net\/home\/2014\/07\/26\/jovenes-en-politica-podemos-lo-que-no-fue-el-yosoy132\/\" rel=\"bookmark\"><img decoding=\"async\" title=\"J\u00f3venes en pol\u00edtica: \u2018Podemos\u2019, lo que no fue el #YoSoy132\" src=\"http:\/\/www.eloriente.net\/home\/wp-content\/themes\/city-desk\/timthumb.php?src=http%3A%2F%2Fwww.eloriente.net%2Fhome%2Fwp-content%2Fuploads%2F2014%2F07%2FYO-SOY-132-Algunos-derechos-reservados-por-MaloMalverde.jpg&amp;q=90&amp;w=160&amp;h=106&amp;zc=1\" alt=\"J\u00f3venes en pol\u00edtica: \u2018Podemos\u2019, lo que no fue el #YoSoy132\" \/><\/a>eloriente.net\/Agencia N22 26 de julio de 2014 Entrevista con el polit\u00f3logo Genaro Lozano y Carlos Brito, ex integrante del movimiento \u201c#YoSoy132\u2033, acerca del movimiento surgido en M\u00e9xico, y la comparaci\u00f3n con otros como \u201cPodemos\u201d que lleg\u00f3 a convertirse en un partido pol\u00edtico en Espa\u00f1a, llev\u00e1ndolo al Congreso de la Uni\u00f3n Europea. IMAGEN: Algunos derechos reservados\u00a0por\u00a0MaloMalverde [&#8230;]<\/p>\n<p>July 26, 2014<\/p>\n<\/div>\n<div id=\"post-30012\">\n<p><a title=\"Permalink to Ofrecen posgrados en Ciencias Empresariales y Administraci\u00f3n P\u00fablica\" href=\"http:\/\/www.eloriente.net\/home\/2014\/07\/24\/ofrecen-posgrados-en-ciencias-empresariales-y-administracion-publica\/\" rel=\"bookmark\">Ofrecen posgrados en Ciencias Empresariales y Administraci\u00f3n P\u00fablica<\/a><\/p>\n<p><a href=\"http:\/\/www.eloriente.net\/home\/2014\/07\/24\/ofrecen-posgrados-en-ciencias-empresariales-y-administracion-publica\/\" rel=\"bookmark\"><img decoding=\"async\" title=\"Ofrecen posgrados en Ciencias Empresariales y Administraci\u00f3n P\u00fablica\" src=\"http:\/\/www.eloriente.net\/home\/wp-content\/themes\/city-desk\/timthumb.php?src=http%3A%2F%2Fwww.eloriente.net%2Fhome%2Fwp-content%2Fuploads%2F2014%2F07%2FContadur%C3%ADa-UABJO.jpg&amp;q=90&amp;w=160&amp;h=106&amp;zc=1\" alt=\"Ofrecen posgrados en Ciencias Empresariales y Administraci\u00f3n P\u00fablica\" \/><\/a>eloriente.net\/UABJO 24\/julio\/2014 La Facultad de Contadur\u00eda y Administraci\u00f3n de la Universidad Aut\u00f3noma \u201cBenito Ju\u00e1rez\u201d de Oaxaca (UABJO) abre sus convocatorias para dos programas de posgrado, correspondientes a maestr\u00eda y doctorado en Ciencias Empresariales y Administraci\u00f3n P\u00fablica, mismas que se encuentran vigentes hasta el 25 de julio del presente a\u00f1o. Ambos programas de estudios han sido [&#8230;]<\/p>\n<p>July 24, 2014<\/p>\n<\/div>\n\n\t\t\t  <div \n\t\t\t  \tclass = \"fb-comments\" \n\t\t\t  \tdata-href = \"http:\/\/www.eloriente.net\/home\/2014\/08\/02\/busca-uabjo-la-acreditacion-institucional\/\"\n\t\t\t  \tdata-numposts = \"10\"\n\t\t\t\tdata-colorscheme = \"dark\"\n\t\t\t\tdata-order-by = \"social\"\n\t\t\t\tdata-mobile=true>\n\t\t\t  <\/div>\n\t\t  <style>\n\t\t\t.fb_iframe_widget_fluid_desktop iframe {\n\t\t\t    width: 100% !important;\n\t\t\t}\n\t\t  <\/style>\n\t\t  ","protected":false},"excerpt":{"rendered":"<p>eloriente.net\/UABJO 2\/Agosto\/2014 Se somete a evaluaci\u00f3n de 85 indicadores CIEES El rector de la Universidad Aut\u00f3noma \u201cBenito Ju\u00e1rez\u201d de Oaxaca (UABJO), Eduardo Mart\u00ednez Helmes se reuni\u00f3 con secretarios y directores de la Administraci\u00f3n Central con el prop\u00f3sito de revisar los lineamentos establecidos por los Comit\u00e9s Interinstitucionales para la Evaluaci\u00f3n de la Educaci\u00f3n Superior (CIEES), para [&hellip;]<\/p>\n","protected":false},"author":1,"featured_media":30430,"comment_status":"open","ping_status":"open","sticky":false,"template":"","format":"standard","meta":{"_jetpack_memberships_contains_paid_content":false,"footnotes":""},"categories":[18,10,464,84],"tags":[1690,934,2162,182],"class_list":["post-30429","post","type-post","status-publish","format-standard","has-post-thumbnail","hentry","category-educacion-y-cultura","category-lo-mas-reciente","category-oaxaca-estados","category-universidades","tag-acreditacion","tag-ciees","tag-instituciones","tag-uabjo"],"jetpack_featured_media_url":"http:\/\/www.eloriente.net\/home\/wp-content\/uploads\/2014\/08\/033.jpg","jetpack_sharing_enabled":true,"_links":{"self":[{"href":"http:\/\/www.eloriente.net\/home\/wp-json\/wp\/v2\/posts\/30429"}],"collection":[{"href":"http:\/\/www.eloriente.net\/home\/wp-json\/wp\/v2\/posts"}],"about":[{"href":"http:\/\/www.eloriente.net\/home\/wp-json\/wp\/v2\/types\/post"}],"author":[{"embeddable":true,"href":"http:\/\/www.eloriente.net\/home\/wp-json\/wp\/v2\/users\/1"}],"replies":[{"embeddable":true,"href":"http:\/\/www.eloriente.net\/home\/wp-json\/wp\/v2\/comments?post=30429"}],"version-history":[{"count":2,"href":"http:\/\/www.eloriente.net\/home\/wp-json\/wp\/v2\/posts\/30429\/revisions"}],"predecessor-version":[{"id":30433,"href":"http:\/\/www.eloriente.net\/home\/wp-json\/wp\/v2\/posts\/30429\/revisions\/30433"}],"wp:featuredmedia":[{"embeddable":true,"href":"http:\/\/www.eloriente.net\/home\/wp-json\/wp\/v2\/media\/30430"}],"wp:attachment":[{"href":"http:\/\/www.eloriente.net\/home\/wp-json\/wp\/v2\/media?parent=30429"}],"wp:term":[{"taxonomy":"category","embeddable":true,"href":"http:\/\/www.eloriente.net\/home\/wp-json\/wp\/v2\/categories?post=30429"},{"taxonomy":"post_tag","embeddable":true,"href":"http:\/\/www.eloriente.net\/home\/wp-json\/wp\/v2\/tags?post=30429"}],"curies":[{"name":"wp","href":"https:\/\/api.w.org\/{rel}","templated":true}]}}