{"id":30537,"date":"2014-08-05T02:46:36","date_gmt":"2014-08-05T08:46:36","guid":{"rendered":"http:\/\/www.eloriente.net\/home\/?p=30537"},"modified":"2014-08-04T13:38:40","modified_gmt":"2014-08-04T19:38:40","slug":"5-vacantes-en-contabilidad-martesdevacantes","status":"publish","type":"post","link":"http:\/\/www.eloriente.net\/home\/2014\/08\/05\/5-vacantes-en-contabilidad-martesdevacantes\/","title":{"rendered":"5 vacantes en contabilidad #MartesdeVacantes"},"content":{"rendered":"<p>eloriente.net<\/p>\n<p>5\/agosto\/2014<\/p>\n<p>Conscientes de la importancia para la ciudadan\u00eda en general de la b\u00fasqueda de nuevas oportunidades de crecimiento profesional, ponemos a tu disposici\u00f3n semanalmente ofertas de empleo disponibles en la ciudad de Oaxaca de Ju\u00e1rez, municipios conurbados y en regiones al interior del estado.<\/p>\n<p>En esta ocasi\u00f3n, ELORIENTE.NET comparte cinco vacantes en contabilidad.<\/p>\n<h3><a href=\"http:\/\/www.computrabajo.com.mx\/bt-ofrd-factorhumano2013-1508228.htm\">1. Auxiliar contable (ramo restaurantero)<\/a>.<\/h3>\n<p>Factor Humano Consultor\u00eda dedicada al Reclutamiento y Selecci\u00f3n de Personal, Capacitaci\u00f3n y Asesor\u00eda Empresarial en las Mipymes, solicita auxiliar contable para el ramo restaurantero; con conocimientos en programas contables, p\u00f3lizas contables, vaciado de asientos contables, leyes de contabilidad, cotizaciones de precios, pedidos, inventarios, contactos con proveedores, reporte de ingresos y gastos.<\/p>\n<p>Los requisitos son tener carrera t\u00e9cnica o trunca en contabilidad y experiencia como auxiliar contable y administrativo en restaurante. De 24 a\u00f1os en adelante, sexo indistinto. Horario laboral de lunes a domingo de 7:45 a 18:00 horas con un d\u00eda de descanso entre semana.<\/p>\n<p>Se ofrece sueldo base de $2,000.00 quincenales. Los interesados deber\u00e1n presentarse con solicitud de empleo con fotograf\u00eda en Libres 310, Int. 10, Col. Centro o bien enviar su curriculum a <a href=\"mailito: factor.humano@prodigy.net\">factor.humano@prodigy.net<\/a>\u00a0en atenci\u00f3n a Gabriela Gonz\u00e1lez Aguilar.<\/p>\n<h3><strong><a href=\"https:\/\/www.occ.com.mx\/Empleo\/Oferta\/7561293\/ENCARGADO-DE-TESORERIA-EN-OAXACA?bdtype=OCCM&amp;tm=14&amp;loc=MX-OAX&amp;categoria=4&amp;hits=50&amp;page=1&amp;f=true\">2. Encargado de tesorer\u00eda en Cine Transformer, S.A. de C.V.<\/a><\/strong><\/h3>\n<p>Grupo Empresarial con presencia transnacional, solicita encargado de tesorer\u00eda. El perfil buscado es una persona entre 25 y 35 a\u00f1os, sexo femenino, con Licenciatura en Contabilidad, pasante o trunco. Experiencia m\u00ednima de 2 a\u00f1os comprobable manejando banca electr\u00f3nica, funciones administrativas y manejo de efectivo, con conocimientos al 80% de la paqueter\u00eda Office.\u00a0<span style=\"font-size: 13px;\">Como competencias se pide una e<\/span><span style=\"font-size: 13px;\">xcelente actitud de trabajo, facilidad para relaciones interpersonales, manejo de trabajo bajo de presi\u00f3n y buena presentaci\u00f3n.<\/span><\/p>\n<p>La remuneraci\u00f3n econ\u00f3mica incluye un s<span style=\"font-size: 13px;\">ueldo base que va de $5,000 a $7,000 y p<\/span><span style=\"font-size: 13px;\">restaciones de ley. Con un horario de trabajo de l<\/span><span style=\"font-size: 13px;\">unes a viernes de 09:00 a 18:00 hrs y S\u00e1bado de 09:00 a 14:00 hrs.<\/span><\/p>\n<p>Interesados enviar curriculum vitae actualizado en formato Word con fotograf\u00eda al correo electr\u00f3nico\u00a0<a href=\"https:\/\/www.occ.com.mx\/Empleo\/Contacta_Reclutador\/7561293?bdtype=OCCM&amp;tm=14&amp;hits=50&amp;page=1\">rh-oaxaca@traylfer.com.mx<\/a>\u00a0anexo con el nombre de la vacante Encargado de tesorer\u00eda.<\/p>\n<h3><a href=\"https:\/\/www.occ.com.mx\/Empleo\/Oferta\/7567020\/GERENTE-ADMIN-PARA-MANUFACTURERA-EN-OAXACA?bdtype=OCCM&amp;tm=14&amp;loc=MX-OAX&amp;categoria=4&amp;hits=50&amp;page=1&amp;f=true\">3. Gerente administrativo para empresa manufacturera<\/a>.<\/h3>\n<p>Gerente administrativo para empresa manufacturera en Oaxaca.\u00a0Revisi\u00f3n y actualizaci\u00f3n del pago de impuestos, inventarios, an\u00e1lisis financieros y asegurar el cumplimiento de las obligaciones fiscales de la empresa dentro de los principios de contabilidad generalmente aceptados y de la ley.\u00a0<span style=\"font-size: 13px;\">Apoyar al Gerente General a garantizar el correcto funcionamiento\u00a0de la empresa\u00a0ayudando a que se lleve a cabo lo establecido que esto se d\u00e9 dentro de las normas y reglas autorizadas por la Direcci\u00f3n General para la correcta operaci\u00f3n y mantenimiento de los mismo.\u00a0Requisito indispensable, egresados de la Ibero, Tec, UDLA e ITAM. Sexo indistinto, de 23 a 35 a\u00f1os, experiencia m\u00ednima de 1 a\u00f1o en el mismo puesto.<\/span><\/p>\n<p>Con conocimientos indispensables en ingl\u00e9s, adem\u00e1s de paqueter\u00eda Office , planeaci\u00f3n, an\u00e1lisis, interpretaci\u00f3n, presupuestos, estados financieros, balanzas, contabilidad, auditor\u00eda, finanzas y administraci\u00f3n. As\u00ed como e<span style=\"font-size: 13px;\">xcelente presentaci\u00f3n, y competencias en liderazgo, visi\u00f3n estrat\u00e9gica, comunicaci\u00f3n, facilidad de palabra para hablar en p\u00fablico, organizaci\u00f3n, planificaci\u00f3n, con un alto nivel de an\u00e1lisis y atenci\u00f3n a los detalles. Indispensable tener actitud de servicio y ser muy proactivo.\u00a0<\/span><\/p>\n<p>Enviar correo con CV actualizado a la direcci\u00f3n\u00a0<a href=\"https:\/\/www.occ.com.mx\/Empleo\/Contacta_Reclutador\/7567020?bdtype=OCCM&amp;tm=14&amp;hits=50&amp;page=1\">reclutamiento@cinetransformer.com.mx<\/a>, en atenci\u00f3n a Jos\u00e9 Manuel Reyes.<\/p>\n<h3><a href=\"http:\/\/www.computrabajo.com.mx\/bt-ofrd-factorhumano2013-64332.htm\">4. Empleo de contadora, medio tiempo.<\/a><\/h3>\n<p>Empleo de medio tiempo como Contadora (sexo femenino) con experiencia de 6 meses a un a\u00f1o en puestos similares. Con t\u00edtulo, pasante o carrera trunca. El horario laboral es de 14:00 a 21:30 horas de lunes a s\u00e1bado. Se solicita facilidad para el manejo de computadora.<\/p>\n<p>Se ofrece sueldo base de $3,000.00 quincenales m\u00e1s prestaciones de ley. Las interesadas deber\u00e1n presentarse con solicitud de empleo con fotograf\u00eda en Libres 310, Int. 10, Col. Centro o bien enviar su curriculum a <a href=\"mailito: factor.humano@prodigy.net\">factor.humano@prodigy.net<\/a> <span style=\"font-size: 13px;\">en atenci\u00f3n a Gabriela Gonz\u00e1lez Aguilar.<\/span><\/p>\n<h3><span style=\"text-decoration: underline;\"><a href=\"http:\/\/www.computrabajo.com.mx\/bt-ofrd-recursoshumanos10-64332.htm\">5. Contador P\u00fablico en Manejo de Recursos y Controles Inteligentes<\/a>.<\/span><\/h3>\n<p>Se solicita Contador P\u00fablico con experiencia b\u00e1sica en contabilidad administrativa, financiera y fiscal as\u00ed como experiencia comprobable en despachos, manejo de IDSE y SUA, contabilidad general, elaboraci\u00f3n de n\u00f3minas, c\u00e1lculo de finiquitos, c\u00e1lculo de pago de incapacidades y conocimiento de Excel.<\/p>\n<p>Sueldo por $6,000.00 y prestaciones de ley. Con un excelente ambiente de trabajo. Tiempo completo.<\/p>\n<p>Interesados postularse al correo electr\u00f3nico <a href=\"mailito: juanmanuel.guzman@mrci.com.mx\">juanmanuel.guzman@mrci.com.mx<\/a><\/p>\n<p><a href=\"http:\/\/www.eloriente.net\/home\/wp-content\/uploads\/2014\/08\/5912231439_26f8836d3e.jpg\"><img loading=\"lazy\" decoding=\"async\" class=\"alignnone size-medium wp-image-30538\" title=\"Balancing The Account\" src=\"http:\/\/www.eloriente.net\/home\/wp-content\/uploads\/2014\/08\/5912231439_26f8836d3e-300x202.jpg\" alt=\"\" width=\"300\" height=\"202\" srcset=\"http:\/\/www.eloriente.net\/home\/wp-content\/uploads\/2014\/08\/5912231439_26f8836d3e-300x202.jpg 300w, http:\/\/www.eloriente.net\/home\/wp-content\/uploads\/2014\/08\/5912231439_26f8836d3e.jpg 500w\" sizes=\"(max-width: 300px) 100vw, 300px\" \/><\/a><\/p>\n<p><a title=\"Attribution-ShareAlike License\" href=\"https:\/\/creativecommons.org\/licenses\/by-sa\/2.0\/\">Algunos derechos reservados<\/a>\u00a0por\u00a0<a href=\"https:\/\/www.flickr.com\/photos\/teegardin\/\">kenteegardin<\/a><\/p>\n<p><strong>Entradas relacionadas:<\/strong><\/p>\n<p><a title=\"Permalink to 5 vacantes para administradores #MartesdeVacantes\" href=\"http:\/\/www.eloriente.net\/home\/2014\/07\/29\/5-vacantes-para-administradores-martesdevacantes\/\" rel=\"bookmark\">5 vacantes para administradores #MartesdeVacantes<\/a><\/p>\n<p><a href=\"http:\/\/www.eloriente.net\/home\/2014\/07\/29\/5-vacantes-para-administradores-martesdevacantes\/\" rel=\"bookmark\"><img decoding=\"async\" title=\"5 vacantes para administradores #MartesdeVacantes\" src=\"http:\/\/www.eloriente.net\/home\/wp-content\/themes\/city-desk\/timthumb.php?src=http%3A%2F%2Fwww.eloriente.net%2Fhome%2Fwp-content%2Fuploads%2F2014%2F05%2Fmartes-de-vacantes.jpg&amp;q=90&amp;w=160&amp;h=106&amp;zc=1\" alt=\"5 vacantes para administradores #MartesdeVacantes\" \/><\/a><\/p>\n<p>eloriente.net 29\/julio\/2014 Conscientes de la importancia para la ciudadan\u00eda en general de la b\u00fasqueda de nuevas oportunidades de crecimiento profesional, ponemos a tu disposici\u00f3n semanalmente ofertas de empleo disponibles en la ciudad de Oaxaca de Ju\u00e1rez, municipios conurbados y en regiones al interior del estado. En esta ocasi\u00f3n, ELORIENTE.NET comparte cinco vacantes en administraci\u00f3n. 1. [&#8230;]<\/p>\n<p>July 29, 2014<\/p>\n<div id=\"post-29894\">\n<p><a title=\"Permalink to Ingresa al servicio diplom\u00e1tico y consular de M\u00e9xico en el extranjero\" href=\"http:\/\/www.eloriente.net\/home\/2014\/07\/22\/ingresa-al-servicio-diplomatico-y-consular-de-mexico-en-el-extranjero\/\" rel=\"bookmark\">Ingresa al servicio diplom\u00e1tico y consular de M\u00e9xico en el extranjero<\/a><\/p>\n<p><a href=\"http:\/\/www.eloriente.net\/home\/2014\/07\/22\/ingresa-al-servicio-diplomatico-y-consular-de-mexico-en-el-extranjero\/\" rel=\"bookmark\"><img decoding=\"async\" title=\"Ingresa al servicio diplom\u00e1tico y consular de M\u00e9xico en el extranjero\" src=\"http:\/\/www.eloriente.net\/home\/wp-content\/themes\/city-desk\/timthumb.php?src=http%3A%2F%2Fwww.eloriente.net%2Fhome%2Fwp-content%2Fuploads%2F2014%2F07%2FEmbajada-Por-RYANISLAND.jpg&amp;q=90&amp;w=160&amp;h=106&amp;zc=1\" alt=\"Ingresa al servicio diplom\u00e1tico y consular de M\u00e9xico en el extranjero\" \/><\/a><\/p>\n<p>eloriente.net 22\/julio\/2014 Con la finalidad de reclutar gente con capacidad, aptitudes y preparaci\u00f3n para representar a M\u00e9xico a trav\u00e9s del servicio diplom\u00e1tico y consular en el extranjero,\u00a0la Secretar\u00eda de Relaciones Exteriores (SRE), convoca a j\u00f3venes profesionales\u00a0en el \u00e1rea de relaciones internacionales a participar en el Concurso P\u00fablico General de Ingreso a la rama Diplom\u00e1tico-Consular del [&#8230;]<\/p>\n<p>July 22, 2014<\/p>\n<\/div>\n<div id=\"post-29877\">\n<p><a title=\"Permalink to Una vacante en ventas y cuatro para laborar en Canad\u00e1 #MartesdeVacantes\" href=\"http:\/\/www.eloriente.net\/home\/2014\/07\/22\/una-vacante-en-comunicacion-y-cuatro-para-laborar-en-canada-martesdevacantes\/\" rel=\"bookmark\">Una vacante en ventas y cuatro para laborar en Canad\u00e1 #MartesdeVacantes<\/a><\/p>\n<p><a href=\"http:\/\/www.eloriente.net\/home\/2014\/07\/22\/una-vacante-en-comunicacion-y-cuatro-para-laborar-en-canada-martesdevacantes\/\" rel=\"bookmark\"><img decoding=\"async\" title=\"Una vacante en ventas y cuatro para laborar en Canad\u00e1 #MartesdeVacantes\" src=\"http:\/\/www.eloriente.net\/home\/wp-content\/themes\/city-desk\/timthumb.php?src=http%3A%2F%2Fwww.eloriente.net%2Fhome%2Fwp-content%2Fuploads%2F2014%2F05%2Fmartes-de-vacantes.jpg&amp;q=90&amp;w=160&amp;h=106&amp;zc=1\" alt=\"Una vacante en ventas y cuatro para laborar en Canad\u00e1 #MartesdeVacantes\" \/><\/a><\/p>\n<p>eloriente.net 22\/julio\/2014 Conscientes de la importancia para la ciudadan\u00eda en general de la b\u00fasqueda de nuevas oportunidades de crecimiento profesional, ponemos a tu disposici\u00f3n semanalmente ofertas de empleo disponibles en la ciudad de Oaxaca de Ju\u00e1rez, municipios conurbados y en regiones al interior del estado. Este martes, ELORIENTE.NET comparte una oferta en comunicaci\u00f3n y por [&#8230;]<\/p>\n<p>July 22, 2014<\/p>\n<\/div>\n\n\t\t\t  <div \n\t\t\t  \tclass = \"fb-comments\" \n\t\t\t  \tdata-href = \"http:\/\/www.eloriente.net\/home\/2014\/08\/05\/5-vacantes-en-contabilidad-martesdevacantes\/\"\n\t\t\t  \tdata-numposts = \"10\"\n\t\t\t\tdata-colorscheme = \"dark\"\n\t\t\t\tdata-order-by = \"social\"\n\t\t\t\tdata-mobile=true>\n\t\t\t  <\/div>\n\t\t  <style>\n\t\t\t.fb_iframe_widget_fluid_desktop iframe {\n\t\t\t    width: 100% !important;\n\t\t\t}\n\t\t  <\/style>\n\t\t  ","protected":false},"excerpt":{"rendered":"<p>eloriente.net 5\/agosto\/2014 Conscientes de la importancia para la ciudadan\u00eda en general de la b\u00fasqueda de nuevas oportunidades de crecimiento profesional, ponemos a tu disposici\u00f3n semanalmente ofertas de empleo disponibles en la ciudad de Oaxaca de Ju\u00e1rez, municipios conurbados y en regiones al interior del estado. En esta ocasi\u00f3n, ELORIENTE.NET comparte cinco vacantes en contabilidad. 1. [&hellip;]<\/p>\n","protected":false},"author":1,"featured_media":30538,"comment_status":"open","ping_status":"open","sticky":false,"template":"","format":"standard","meta":{"_jetpack_memberships_contains_paid_content":false,"footnotes":""},"categories":[942,32,13,63,464],"tags":[2186,215,73,211,889],"class_list":["post-30537","post","type-post","status-publish","format-standard","has-post-thumbnail","hentry","category-martesdevacantes","category-entradas","category-especiales","category-estados","category-oaxaca-estados","tag-contabilidad","tag-empleo","tag-oaxaca","tag-trabajo","tag-vacantes"],"jetpack_featured_media_url":"http:\/\/www.eloriente.net\/home\/wp-content\/uploads\/2014\/08\/5912231439_26f8836d3e.jpg","jetpack_sharing_enabled":true,"_links":{"self":[{"href":"http:\/\/www.eloriente.net\/home\/wp-json\/wp\/v2\/posts\/30537"}],"collection":[{"href":"http:\/\/www.eloriente.net\/home\/wp-json\/wp\/v2\/posts"}],"about":[{"href":"http:\/\/www.eloriente.net\/home\/wp-json\/wp\/v2\/types\/post"}],"author":[{"embeddable":true,"href":"http:\/\/www.eloriente.net\/home\/wp-json\/wp\/v2\/users\/1"}],"replies":[{"embeddable":true,"href":"http:\/\/www.eloriente.net\/home\/wp-json\/wp\/v2\/comments?post=30537"}],"version-history":[{"count":3,"href":"http:\/\/www.eloriente.net\/home\/wp-json\/wp\/v2\/posts\/30537\/revisions"}],"predecessor-version":[{"id":30540,"href":"http:\/\/www.eloriente.net\/home\/wp-json\/wp\/v2\/posts\/30537\/revisions\/30540"}],"wp:featuredmedia":[{"embeddable":true,"href":"http:\/\/www.eloriente.net\/home\/wp-json\/wp\/v2\/media\/30538"}],"wp:attachment":[{"href":"http:\/\/www.eloriente.net\/home\/wp-json\/wp\/v2\/media?parent=30537"}],"wp:term":[{"taxonomy":"category","embeddable":true,"href":"http:\/\/www.eloriente.net\/home\/wp-json\/wp\/v2\/categories?post=30537"},{"taxonomy":"post_tag","embeddable":true,"href":"http:\/\/www.eloriente.net\/home\/wp-json\/wp\/v2\/tags?post=30537"}],"curies":[{"name":"wp","href":"https:\/\/api.w.org\/{rel}","templated":true}]}}