{"id":30671,"date":"2014-08-08T08:22:13","date_gmt":"2014-08-08T14:22:13","guid":{"rendered":"http:\/\/www.eloriente.net\/home\/?p=30671"},"modified":"2014-08-14T16:36:05","modified_gmt":"2014-08-14T22:36:05","slug":"derechos-humanos-y-diversidad-de-las-personas-indigenas","status":"publish","type":"post","link":"http:\/\/www.eloriente.net\/home\/2014\/08\/08\/derechos-humanos-y-diversidad-de-las-personas-indigenas\/","title":{"rendered":"Derechos Humanos y diversidad de las personas ind\u00edgenas"},"content":{"rendered":"<p style=\"text-align: left;\" align=\"center\">eloriente.net<\/p>\n<p style=\"text-align: left;\" align=\"center\">8\/agosto\/2014<\/p>\n<p style=\"text-align: left;\" align=\"center\"><span style=\"font-size: 13px;\">El consejero de la Judicatura, magistrado Jos\u00e9 Luis Reyes Hern\u00e1ndez, asegur\u00f3 que el Poder Judicial se fortalece para ofrecer un juicio consciente de la diversidad<\/span><\/p>\n<p>Garantizar la pr\u00e1ctica y pleno respeto a los derechos humanos de las personas que pertenecen a los pueblos ind\u00edgenas representa un desaf\u00edo para los servidores p\u00fablicos del Poder Judicial; ya que impartir justicia a este sector de la poblaci\u00f3n implica considerar su dignidad, diferencias, condici\u00f3n social e identidad, asegur\u00f3 el consejero presidente de la Comisi\u00f3n de Vigilancia, Informaci\u00f3n, Evaluaci\u00f3n y Transparencia del Consejo de la Judicatura, magistrado Jos\u00e9 Luis Reyes Hern\u00e1ndez.<\/p>\n<p>En el marco del D\u00eda Internacional de los Pueblos Ind\u00edgenas -que se conmemora el 9 de agosto y que en este a\u00f1o centra su atenci\u00f3n en hacer efectivos los derechos de quienes forman parte de grupos, etnias y comunidades-, el consejero de la Judicatura afirm\u00f3 que la instituci\u00f3n se fortalece para ofrecer un sistema de justicia que garantice el f\u00e1cil acceso a todos, as\u00ed como el juicio en igualdad y consciente de la diversidad.<\/p>\n<p>Al hablar sobre las acciones emprendidas por el Poder Judicial para atender a las personas ind\u00edgenas, resalt\u00f3 el compromiso del magistrado presidente Alfredo Rodrigo Lagunas Rivera, para sensibilizar, capacitar y preparar a los juzgadores en materia de derechos humanos, garantizar la aplicaci\u00f3n de protocolos de actuaci\u00f3n e impulsar el juicio justo, como acciones que encaminan a la instituci\u00f3n hacia una impartici\u00f3n de justicia humana.<\/p>\n<p>Destac\u00f3 la importancia de la firma del convenio celebrado entre el Poder Judicial y el Instituto Nacional de Lenguas Ind\u00edgenas (INALI) en mayo pasado, el cual permite acceder al Padr\u00f3n Nacional de Int\u00e9rpretes y Traductores para ofrecer, de manera gratuita, servicios de interpretaci\u00f3n y traducci\u00f3n a personas ind\u00edgenas que intervengan en procedimientos judiciales.<\/p>\n<p>En este sentido, el responsable de la supervisi\u00f3n de la funci\u00f3n judicial adelant\u00f3 que la Comisi\u00f3n de Carrera Judicial del Consejo de la Judicatura pretende establecer las bases para una futura evaluaci\u00f3n de las participaciones de los int\u00e9rpretes y traductores, con el objetivo de garantizar el correcto procedimiento.<\/p>\n<p>\u201cEl magistrado Alfredo Lagunas est\u00e1 preocupado por la calidad del servicio de traducci\u00f3n e interpretaci\u00f3n que se da en los juzgados, por eso consideramos de suma importancia la evaluaci\u00f3n conjunta con las instancias como el INALI y al CEPIADET\u201d, a\u00f1adi\u00f3.<\/p>\n<p>Por otro lado, para sensibilizar al personal del Poder Judicial sobre la trascendencia de los sistemas normativos internos de las comunidades y los pueblos ind\u00edgenas como factores determinantes para la impartici\u00f3n de justicia, explic\u00f3, el Consejo de la Judicatura lleva a cabo las giras regionales de capacitaci\u00f3n en las cuales el Centro Profesional Ind\u00edgena de Asesor\u00eda, Defensa y Traducci\u00f3n (CEPIADET), participa de manera activa como especialista en la materia.<\/p>\n<p>Finalmente, el consejero magistrado dio a conocer que\u00a0\u00a0la Escuela Judicial contempla la pr\u00f3xima reapertura del diplomado en Antropolog\u00eda Jur\u00eddica para funcionarios judiciales, el desarrollo de un ciclo de conferencias sobre \u00e9tica para int\u00e9rpretes, peritos y traductores, as\u00ed como un conversatorio con jueces donde tratar\u00e1n los problemas m\u00e1s recurrentes presentados en los casos que involucran a personas ind\u00edgenas.<\/p>\n<p><a href=\"http:\/\/www.eloriente.net\/home\/wp-content\/uploads\/2014\/08\/Presidente-de-la-Comisi\u00f3n-de-vigilancia-del-CJO-Jos\u00e9-Luis-Reyes-Hern\u00e1ndez.jpg\"><img loading=\"lazy\" decoding=\"async\" class=\"alignnone size-medium wp-image-30672\" title=\"Presidente de la Comisi\u00f3n de vigilancia del CJO, Jos\u00e9 Luis Reyes Hern\u00e1ndez\" src=\"http:\/\/www.eloriente.net\/home\/wp-content\/uploads\/2014\/08\/Presidente-de-la-Comisi\u00f3n-de-vigilancia-del-CJO-Jos\u00e9-Luis-Reyes-Hern\u00e1ndez-300x226.jpg\" alt=\"\" width=\"300\" height=\"226\" srcset=\"http:\/\/www.eloriente.net\/home\/wp-content\/uploads\/2014\/08\/Presidente-de-la-Comisi\u00f3n-de-vigilancia-del-CJO-Jos\u00e9-Luis-Reyes-Hern\u00e1ndez-300x226.jpg 300w, http:\/\/www.eloriente.net\/home\/wp-content\/uploads\/2014\/08\/Presidente-de-la-Comisi\u00f3n-de-vigilancia-del-CJO-Jos\u00e9-Luis-Reyes-Hern\u00e1ndez-1024x772.jpg 1024w\" sizes=\"(max-width: 300px) 100vw, 300px\" \/><\/a><\/p>\n<p>Foto: H. Tribunal Superior de Justicia<\/p>\n<p>Entradas relacionadas:<\/p>\n<p><a title=\"Permalink to 5\/Ago\/2014 En Vivo: Sesi\u00f3n Extraordinaria del Senado de la Rep\u00fablica\" href=\"http:\/\/www.eloriente.net\/home\/2014\/08\/05\/5ago2014-en-vivo-sesion-extraordinaria-del-senado-de-la-republica\/\" rel=\"bookmark\">5\/Ago\/2014 En Vivo: Sesi\u00f3n Extraordinaria del Senado de la Rep\u00fablica<\/a><\/p>\n<p><a href=\"http:\/\/www.eloriente.net\/home\/2014\/08\/05\/5ago2014-en-vivo-sesion-extraordinaria-del-senado-de-la-republica\/\" rel=\"bookmark\"><img decoding=\"async\" title=\"5\/Ago\/2014 En Vivo: Sesi\u00f3n Extraordinaria del Senado de la Rep\u00fablica\" src=\"http:\/\/www.eloriente.net\/home\/wp-content\/themes\/city-desk\/timthumb.php?src=http%3A%2F%2Fwww.eloriente.net%2Fhome%2Fwp-content%2Fuploads%2F2014%2F08%2Fhoy_2.jpg&amp;q=90&amp;w=160&amp;h=106&amp;zc=1\" alt=\"5\/Ago\/2014 En Vivo: Sesi\u00f3n Extraordinaria del Senado de la Rep\u00fablica\" \/><\/a><\/p>\n<p>eloriente.net 5\/agosto\/2014 Conscientes de su importancia para la vida de la comunidad, nos enlazamos con la se\u00f1al del Senado de la Rep\u00fablica para la sesi\u00f3n extraordinaria de este d\u00eda para discutir y votar los dict\u00e1menes en materia energ\u00e9tica. \u00a0. Para verificar el orden del d\u00eda de la sesi\u00f3n de hoy, da click a la siguiente\u00a0liga. [&#8230;]<\/p>\n<p>August 5, 2014<\/p>\n<div id=\"post-30512\">\n<p><a title=\"Permalink to C\u00e1mara de Diputados: Concluye aprobaci\u00f3n de leyes energ\u00e9ticas\" href=\"http:\/\/www.eloriente.net\/home\/2014\/08\/04\/camara-de-diputados-concluye-aprobacion-de-leyes-energeticas\/\" rel=\"bookmark\">C\u00e1mara de Diputados: Concluye aprobaci\u00f3n de leyes energ\u00e9ticas<\/a><\/p>\n<p><a href=\"http:\/\/www.eloriente.net\/home\/2014\/08\/04\/camara-de-diputados-concluye-aprobacion-de-leyes-energeticas\/\" rel=\"bookmark\"><img decoding=\"async\" title=\"C\u00e1mara de Diputados: Concluye aprobaci\u00f3n de leyes energ\u00e9ticas\" src=\"http:\/\/www.eloriente.net\/home\/wp-content\/themes\/city-desk\/timthumb.php?src=http%3A%2F%2Fwww.eloriente.net%2Fhome%2Fwp-content%2Fuploads%2F2014%2F08%2FDiputados.jpg&amp;q=90&amp;w=160&amp;h=106&amp;zc=1\" alt=\"C\u00e1mara de Diputados: Concluye aprobaci\u00f3n de leyes energ\u00e9ticas\" \/><\/a><\/p>\n<p>eloriente.net\/CNN M\u00e9xico 4\/agosto\/2014 La madrugada del s\u00e1bado y tras 17 horas de sesi\u00f3n en las que no faltaron confrontaciones entre legisladores, se concluy\u00f3 la aprobaci\u00f3n de la leyes secundarias de la reforma energ\u00e9tica.\u00a0La reuni\u00f3n plenaria que comenz\u00f3 la ma\u00f1ana del viernes se dedic\u00f3 exclusivamente a los dos dict\u00e1menes correspondientes al paquete fiscal, luego de que [&#8230;]<\/p>\n<p>August 4, 2014<\/p>\n<\/div>\n<div id=\"post-30488\">\n<p><a title=\"Permalink to Ratifican a 18 jueces y juezas del Poder Judicial\" href=\"http:\/\/www.eloriente.net\/home\/2014\/08\/04\/ratifican-a-18-jueces-y-juezas-del-poder-judicial\/\" rel=\"bookmark\">Ratifican a 18 jueces y juezas del Poder Judicial<\/a><\/p>\n<p><a href=\"http:\/\/www.eloriente.net\/home\/2014\/08\/04\/ratifican-a-18-jueces-y-juezas-del-poder-judicial\/\" rel=\"bookmark\"><img decoding=\"async\" title=\"Ratifican a 18 jueces y juezas del Poder Judicial\" src=\"http:\/\/www.eloriente.net\/home\/wp-content\/themes\/city-desk\/timthumb.php?src=http%3A%2F%2Fwww.eloriente.net%2Fhome%2Fwp-content%2Fuploads%2F2014%2F08%2FJueces-ratificados-tomaron-protesta-ante-el-magistrado-Alfredo-Lagunas-y-el-gobernador-Gabino-Cu%C3%A9.jpg&amp;q=90&amp;w=160&amp;h=106&amp;zc=1\" alt=\"Ratifican a 18 jueces y juezas del Poder Judicial\" \/><\/a><\/p>\n<p>eloriente.net 4\/agosto\/2014 El Consejo de la Judicatura del Poder Judicial calific\u00f3 el desempe\u00f1o de los juzgadores para constatar que tuvieran la capacidad de continuar en el cargo. El Pleno del Consejo de la Judicatura ratific\u00f3 este a\u00f1o en el cargo a 18 juezas y jueces del Poder Judicial del Estado, quienes fueron evaluados en su [&#8230;]<\/p>\n<p>August 4, 2014<\/p>\n<\/div>\n\n\t\t\t  <div \n\t\t\t  \tclass = \"fb-comments\" \n\t\t\t  \tdata-href = \"http:\/\/www.eloriente.net\/home\/2014\/08\/08\/derechos-humanos-y-diversidad-de-las-personas-indigenas\/\"\n\t\t\t  \tdata-numposts = \"10\"\n\t\t\t\tdata-colorscheme = \"dark\"\n\t\t\t\tdata-order-by = \"social\"\n\t\t\t\tdata-mobile=true>\n\t\t\t  <\/div>\n\t\t  <style>\n\t\t\t.fb_iframe_widget_fluid_desktop iframe {\n\t\t\t    width: 100% !important;\n\t\t\t}\n\t\t  <\/style>\n\t\t  ","protected":false},"excerpt":{"rendered":"<p>eloriente.net 8\/agosto\/2014 El consejero de la Judicatura, magistrado Jos\u00e9 Luis Reyes Hern\u00e1ndez, asegur\u00f3 que el Poder Judicial se fortalece para ofrecer un juicio consciente de la diversidad Garantizar la pr\u00e1ctica y pleno respeto a los derechos humanos de las personas que pertenecen a los pueblos ind\u00edgenas representa un desaf\u00edo para los servidores p\u00fablicos del Poder [&hellip;]<\/p>\n","protected":false},"author":1,"featured_media":30672,"comment_status":"open","ping_status":"open","sticky":false,"template":"","format":"standard","meta":{"_jetpack_memberships_contains_paid_content":false,"footnotes":""},"categories":[91,22,32,10,464,30],"tags":[217,2222,1625],"class_list":["post-30671","post","type-post","status-publish","format-standard","has-post-thumbnail","hentry","category-congreso-y-justicia","category-derechos-humanos","category-entradas","category-lo-mas-reciente","category-oaxaca-estados","category-salud","tag-derechos-humanos-2","tag-diversidad-cultural","tag-pueblos-indigenas"],"jetpack_featured_media_url":"http:\/\/www.eloriente.net\/home\/wp-content\/uploads\/2014\/08\/Presidente-de-la-Comisi\u00f3n-de-vigilancia-del-CJO-Jos\u00e9-Luis-Reyes-Hern\u00e1ndez.jpg","jetpack_sharing_enabled":true,"_links":{"self":[{"href":"http:\/\/www.eloriente.net\/home\/wp-json\/wp\/v2\/posts\/30671"}],"collection":[{"href":"http:\/\/www.eloriente.net\/home\/wp-json\/wp\/v2\/posts"}],"about":[{"href":"http:\/\/www.eloriente.net\/home\/wp-json\/wp\/v2\/types\/post"}],"author":[{"embeddable":true,"href":"http:\/\/www.eloriente.net\/home\/wp-json\/wp\/v2\/users\/1"}],"replies":[{"embeddable":true,"href":"http:\/\/www.eloriente.net\/home\/wp-json\/wp\/v2\/comments?post=30671"}],"version-history":[{"count":5,"href":"http:\/\/www.eloriente.net\/home\/wp-json\/wp\/v2\/posts\/30671\/revisions"}],"predecessor-version":[{"id":30674,"href":"http:\/\/www.eloriente.net\/home\/wp-json\/wp\/v2\/posts\/30671\/revisions\/30674"}],"wp:featuredmedia":[{"embeddable":true,"href":"http:\/\/www.eloriente.net\/home\/wp-json\/wp\/v2\/media\/30672"}],"wp:attachment":[{"href":"http:\/\/www.eloriente.net\/home\/wp-json\/wp\/v2\/media?parent=30671"}],"wp:term":[{"taxonomy":"category","embeddable":true,"href":"http:\/\/www.eloriente.net\/home\/wp-json\/wp\/v2\/categories?post=30671"},{"taxonomy":"post_tag","embeddable":true,"href":"http:\/\/www.eloriente.net\/home\/wp-json\/wp\/v2\/tags?post=30671"}],"curies":[{"name":"wp","href":"https:\/\/api.w.org\/{rel}","templated":true}]}}