{"id":30705,"date":"2014-08-08T10:59:06","date_gmt":"2014-08-08T16:59:06","guid":{"rendered":"http:\/\/www.eloriente.net\/home\/?p=30705"},"modified":"2014-08-14T16:34:50","modified_gmt":"2014-08-14T22:34:50","slug":"huevo-organico-para-combatir-la-desnutricion","status":"publish","type":"post","link":"http:\/\/www.eloriente.net\/home\/2014\/08\/08\/huevo-organico-para-combatir-la-desnutricion\/","title":{"rendered":"Huevo org\u00e1nico para combatir la desnutrici\u00f3n"},"content":{"rendered":"<p>eloriente.net<\/p>\n<p>8\/agosto\/2014<\/p>\n<p style=\"text-align: right\"><strong>Por: Jos\u00e9 Pablo Salas<\/strong><\/p>\n<p>Aunque parece estar de moda comer \u201calimentos org\u00e1nicos\u201d, no todos saben lo que implica el proceso detr\u00e1s de ellos, ni por qu\u00e9 son productos m\u00e1s sanos que las alternativas comerciales. En Oaxaca, uno de los estados con mayor desnutrici\u00f3n del pa\u00eds, un grupo de j\u00f3venes formaron el colectivo\u00a0<strong>Bio-Pio \u00d1uu Tava<\/strong>, que propone crear una red de huevo org\u00e1nico y otros productos para alimentar mejor a la poblaci\u00f3n de algunas comunidades del estado.<\/p>\n<p>A diferencia del huevo comercial, el huevo org\u00e1nico viene de gallinas que no son estimuladas ni con luz ni con hormonas para aumentar su producci\u00f3n, el alimento que se les da es completamente natural y est\u00e1n estar libres en su corral. Es decir, que las gallinas son tratadas con mayores cuidados para que pongan huevos de mejor calidad.<span style=\"font-size: 13px\">\u00a0<\/span><\/p>\n<p>\u201cEl huevo org\u00e1nico es de mejor calidad y tiene m\u00e1s prote\u00ednas. La diferencia viene desde el trato que se les da a las gallinas, a las que no se presiona para que pongan huevos. Las gallinas tienen el espacio que necesitan y tienen un buen trato\u201d coment\u00f3 Mar\u00eda Antonia Garc\u00eda, una joven de 21 a\u00f1os originaria de Santa Mar\u00eda Apazco, quien encabeza el emprendimiento en etapa de planeacion.<\/p>\n<p>Mari, como le dicen todos, tambi\u00e9n coment\u00f3 que estimular con hormonas a las gallinas que se utilizan para el huevo comercial est\u00e1 empezando a tener consecuencias en la poblaci\u00f3n: \u201cAfecta mucho, sobre todo en ni\u00f1os y ni\u00f1as. Las ni\u00f1as tienen cambios fisiol\u00f3gicos y se desarrollan anormalmente r\u00e1pido\u201d dijo.<\/p>\n<p><strong>Bio-Pio\u00a0<\/strong>surgi\u00f3 gracias a un taller de capacitaci\u00f3n impartido en el\u00a0<strong>Impact Hub Oaxaca<\/strong>, como parte de su programa EmprendeLab.<\/p>\n<p>EmprendeLab es un programa de impulso a proyectos con impacto social. Los participantes tuvieron varias sesiones de taller en el que hicieron equipos e idearon un proyecto sustentable que ayudara a su comunidad. Al final, dos proyectos fueron finalistas del programa:\u00a0<strong>Bio-Pio<\/strong>\u00a0y\u00a0<strong>Tta Yuv\u00e1a Itii<\/strong>, un colectivo que propone crear un bocadillo de amaranto para mejorar la alimentaci\u00f3n del estado.<\/p>\n<p><span style=\"font-size: 13px\">\u201cEmprendeLab fue una gran experiencia, sobre todo de trabajo en equipo. Nos ense\u00f1aron a escuchar y a convivir, a c\u00f3mo hacer un diagn\u00f3stico, a ver las necesidades de un proyecto, a hacer un estudio de mercado, entre muchas cosas\u201d coment\u00f3 Mari, quien le present\u00f3 el proyecto a una familia de Santa Mar\u00eda Apazco para que juntos construyeran el corral de las gallinas y ah\u00ed empezara Bio-Pio. \u201cMe gusta apoyar a mi comunidad. Esto lo vi como una oportunidad para aprender a hacer proyectos m\u00e1s grandes y lo hago por aprender y por ayudar\u201d.<\/span><\/p>\n<p>El proyecto de\u00a0<strong>Bio-Pio<\/strong>\u00a0pretende que el huevo sea s\u00f3lo el inicio de una serie de productos org\u00e1nicos que no s\u00f3lo ayuden a la alimentaci\u00f3n del estado, sino que tambi\u00e9n genere una mejora econ\u00f3mica en las comunidades al obtener ingresos y reinvertirlos.<\/p>\n<p>Sobre lo que significa para Mari ayudar a su comunidad a trav\u00e9s de\u00a0<strong>Bio-Pio<\/strong>, dijo que es algo que le gusta hacer: \u201cMuy pocos chavos que salimos de ah\u00ed a estudiar regresamos, entonces me siento bien al hacerlo porque s\u00e9 que la comunidad me responde cuando voy. Me dejan dar talleres y veo la respuesta de la gente, y eso me retribuye mucho. Lo hago por aprender, me siento bien y me gusta trabajar con ellos\u201d coment\u00f3.<\/p>\n<p><a href=\"http:\/\/www.eloriente.net\/home\/wp-content\/uploads\/2014\/08\/14800795643_16cd120598.jpg\"><img loading=\"lazy\" decoding=\"async\" class=\"alignnone size-medium wp-image-30707\" src=\"http:\/\/www.eloriente.net\/home\/wp-content\/uploads\/2014\/08\/14800795643_16cd120598-300x199.jpg\" alt=\"\" width=\"300\" height=\"199\" srcset=\"http:\/\/www.eloriente.net\/home\/wp-content\/uploads\/2014\/08\/14800795643_16cd120598-300x199.jpg 300w, http:\/\/www.eloriente.net\/home\/wp-content\/uploads\/2014\/08\/14800795643_16cd120598.jpg 500w\" sizes=\"(max-width: 300px) 100vw, 300px\" \/><\/a><\/p>\n<p>Foto:\u00a0<a title=\"Attribution-ShareAlike License\" href=\"https:\/\/creativecommons.org\/licenses\/by-sa\/2.0\/\">Algunos derechos reservados<\/a>\u00a0por\u00a0<a href=\"https:\/\/www.flickr.com\/photos\/andrewtoskin\/\">andrewtoskin<\/a><\/p>\n<p>Foto: HUB Oaxaca<\/p>\n<p><strong>Entradas relacionadas:<\/strong><\/p>\n<p><a title=\"Permalink to Innovando la tradici\u00f3n\" href=\"http:\/\/www.eloriente.net\/home\/2014\/07\/26\/innovando-la-tradicion\/\" rel=\"bookmark\">Innovando la tradici\u00f3n<\/a><\/p>\n<p><a href=\"http:\/\/www.eloriente.net\/home\/2014\/07\/26\/innovando-la-tradicion\/\" rel=\"bookmark\"><img decoding=\"async\" src=\"http:\/\/www.eloriente.net\/home\/wp-content\/themes\/city-desk\/timthumb.php?src=http%3A%2F%2Fwww.eloriente.net%2Fhome%2Fwp-content%2Fuploads%2F2014%2F07%2FInnovando-la-Tradici%C3%B3n.jpg&amp;q=90&amp;w=160&amp;h=106&amp;zc=1\" alt=\"Innovando la tradici\u00f3n\" \/><\/a><\/p>\n<p>eloriente.net\/Hub Oaxaca 26\/julio\/2014 Por: Jos\u00e9 Pablo Salas Dise\u00f1adores impulsan innovaci\u00f3n y conservaci\u00f3n de la alfarer\u00eda tradicional. A pesar de la creencia com\u00fan de que la tecnolog\u00eda y la modernidad acaban con las tradiciones, un colectivo de dise\u00f1adores, artistas y artesanos mexicanos han demostrado que se pueden preservar e innovar las formas en las que se [&#8230;]<\/p>\n<p>July 26, 2014<\/p>\n<p><a title=\"Permalink to Dise\u00f1o, mensajes y zapatos\" href=\"http:\/\/www.eloriente.net\/home\/2014\/07\/12\/diseno-mensajes-y-zapatos\/\" rel=\"bookmark\">Dise\u00f1o, mensajes y zapatos<\/a><\/p>\n<p><a href=\"http:\/\/www.eloriente.net\/home\/2014\/07\/12\/diseno-mensajes-y-zapatos\/\" rel=\"bookmark\"><img decoding=\"async\" src=\"http:\/\/www.eloriente.net\/home\/wp-content\/themes\/city-desk\/timthumb.php?src=http%3A%2F%2Fwww.eloriente.net%2Fhome%2Fwp-content%2Fuploads%2F2014%2F07%2FDise%C3%B1o-Por-PUMA-LAB.jpg&amp;q=90&amp;w=160&amp;h=106&amp;zc=1\" alt=\"Dise\u00f1o, mensajes y zapatos\" \/><\/a><\/p>\n<p>eloriente.net\/Hub Oaxaca 12\/julio\/2014 Por: Diego Mier y Ter\u00e1n G.* Cuando alguien pregunta sobre mi profesi\u00f3n, intento evitar la frase \u201csoy dise\u00f1ador\u201d. Prefiero decir que \u201cme dedico\u201d a dise\u00f1ar. \u00bfPor qu\u00e9? Porque una cosa es lo que estudi\u00e9, otra a lo que me dedico y otra lo que soy (aunque por la pinta algunos adivinen). Por [&#8230;]<\/p>\n<p>July 12, 2014<\/p>\n<div>\n<p><a title=\"Permalink to La violencia no s\u00f3lo se pasea por la calle\" href=\"http:\/\/www.eloriente.net\/home\/2014\/07\/05\/la-violencia-no-solo-se-pasea-por-la-calle\/\" rel=\"bookmark\">La violencia no s\u00f3lo se pasea por la calle<\/a><\/p>\n<p><a href=\"http:\/\/www.eloriente.net\/home\/2014\/07\/05\/la-violencia-no-solo-se-pasea-por-la-calle\/\" rel=\"bookmark\"><img decoding=\"async\" src=\"http:\/\/www.eloriente.net\/home\/wp-content\/themes\/city-desk\/timthumb.php?src=http%3A%2F%2Fwww.eloriente.net%2Fhome%2Fwp-content%2Fuploads%2F2013%2F06%2FVIOLENCIA-DE-GE%CC%81NERO-OMS.jpg&amp;q=90&amp;w=160&amp;h=106&amp;zc=1\" alt=\"La violencia no s\u00f3lo se pasea por la calle\" \/><\/a><\/p>\n<p>eloriente.net\/Hub Oaxaca 5\/julio\/2014 Por:\u00a0Sa\u00fal Fuentes Olivares* Las notas period\u00edsticas y los informes de organismos civiles y gubernamentales acerca de la violencia desmedida contra las mujeres, ni\u00f1as y ni\u00f1os nos dejan con una enorme preocupaci\u00f3n, miedo y enfado. Datos groseros y amenazantes de una paz que hace tiempo no se asoma sin sigilo. \u00bfQu\u00e9 est\u00e1 pasando [&#8230;]<\/p>\n<p>July 5, 2014<\/p>\n<\/div>\n\n\t\t\t  <div \n\t\t\t  \tclass = \"fb-comments\" \n\t\t\t  \tdata-href = \"http:\/\/www.eloriente.net\/home\/2014\/08\/08\/huevo-organico-para-combatir-la-desnutricion\/\"\n\t\t\t  \tdata-numposts = \"10\"\n\t\t\t\tdata-colorscheme = \"dark\"\n\t\t\t\tdata-order-by = \"social\"\n\t\t\t\tdata-mobile=true>\n\t\t\t  <\/div>\n\t\t  <style>\n\t\t\t.fb_iframe_widget_fluid_desktop iframe {\n\t\t\t    width: 100% !important;\n\t\t\t}\n\t\t  <\/style>\n\t\t  ","protected":false},"excerpt":{"rendered":"<p>eloriente.net 8\/agosto\/2014 Por: Jos\u00e9 Pablo Salas Aunque parece estar de moda comer \u201calimentos org\u00e1nicos\u201d, no todos saben lo que implica el proceso detr\u00e1s de ellos, ni por qu\u00e9 son productos m\u00e1s sanos que las alternativas comerciales. En Oaxaca, uno de los estados con mayor desnutrici\u00f3n del pa\u00eds, un grupo de j\u00f3venes formaron el colectivo\u00a0Bio-Pio \u00d1uu [&hellip;]<\/p>\n","protected":false},"author":22,"featured_media":30707,"comment_status":"open","ping_status":"open","sticky":false,"template":"","format":"standard","meta":{"_jetpack_memberships_contains_paid_content":false,"footnotes":""},"categories":[32,82,10,464,30],"tags":[2228,2230,2229],"class_list":["post-30705","post","type-post","status-publish","format-standard","has-post-thumbnail","hentry","category-entradas","category-hub-oaxaca","category-lo-mas-reciente","category-oaxaca-estados","category-salud","tag-alimentos-organicos","tag-bio-pio","tag-huevo-organico"],"jetpack_featured_media_url":"http:\/\/www.eloriente.net\/home\/wp-content\/uploads\/2014\/08\/14800795643_16cd120598.jpg","jetpack_sharing_enabled":true,"_links":{"self":[{"href":"http:\/\/www.eloriente.net\/home\/wp-json\/wp\/v2\/posts\/30705"}],"collection":[{"href":"http:\/\/www.eloriente.net\/home\/wp-json\/wp\/v2\/posts"}],"about":[{"href":"http:\/\/www.eloriente.net\/home\/wp-json\/wp\/v2\/types\/post"}],"author":[{"embeddable":true,"href":"http:\/\/www.eloriente.net\/home\/wp-json\/wp\/v2\/users\/22"}],"replies":[{"embeddable":true,"href":"http:\/\/www.eloriente.net\/home\/wp-json\/wp\/v2\/comments?post=30705"}],"version-history":[{"count":3,"href":"http:\/\/www.eloriente.net\/home\/wp-json\/wp\/v2\/posts\/30705\/revisions"}],"predecessor-version":[{"id":31009,"href":"http:\/\/www.eloriente.net\/home\/wp-json\/wp\/v2\/posts\/30705\/revisions\/31009"}],"wp:featuredmedia":[{"embeddable":true,"href":"http:\/\/www.eloriente.net\/home\/wp-json\/wp\/v2\/media\/30707"}],"wp:attachment":[{"href":"http:\/\/www.eloriente.net\/home\/wp-json\/wp\/v2\/media?parent=30705"}],"wp:term":[{"taxonomy":"category","embeddable":true,"href":"http:\/\/www.eloriente.net\/home\/wp-json\/wp\/v2\/categories?post=30705"},{"taxonomy":"post_tag","embeddable":true,"href":"http:\/\/www.eloriente.net\/home\/wp-json\/wp\/v2\/tags?post=30705"}],"curies":[{"name":"wp","href":"https:\/\/api.w.org\/{rel}","templated":true}]}}