{"id":30734,"date":"2014-08-10T01:00:01","date_gmt":"2014-08-10T07:00:01","guid":{"rendered":"http:\/\/www.eloriente.net\/home\/?p=30734"},"modified":"2014-08-14T16:32:24","modified_gmt":"2014-08-14T22:32:24","slug":"el-sonido-raizoso-de-maria-moctezuma-en-oaxaca","status":"publish","type":"post","link":"http:\/\/www.eloriente.net\/home\/2014\/08\/10\/el-sonido-raizoso-de-maria-moctezuma-en-oaxaca\/","title":{"rendered":"El sonido raizoso de Mar\u00eda Moctezuma en Oaxaca"},"content":{"rendered":"<p>eloriente.net<\/p>\n<p>10\/agosto\/2014<\/p>\n<p>Invitada del lujo el martes pasado en el programa <a href=\"http:\/\/www.eloriente.net\/home\/2014\/08\/06\/escucha-a-julian-luna-david-lavin-y-maria-moctezuma-en-todo-oaxaca-radio-5ago14\/\">Todo Oaxaca Radio<\/a>, la cantautora tabasque\u00f1a Mar\u00eda Moctezuma se present\u00f3 el viernes por la noche en el Colectivo Tutuma, como parte de su gira \u00abTierra Animal 2014\u00bb que incluye un recorrido por varias ciudades del pa\u00eds.<\/p>\n<p>Creadora del Sonido Raizoso, una fusi\u00f3n de ritmos aut\u00f3ctonos combinados con sampleos e instrumentos modernos. En sus presentaciones, adem\u00e1s de la guitarra, Mar\u00eda realiza intervenciones con diferentes instrumentos como zampo\u00f1a, flautas de barro, caracoles y ocarinas.<\/p>\n<p>Tras vivir 5 a\u00f1os en M\u00e9rida, Yucatan y bajo la clara influencia de la cultura Maya, Mar\u00eda estrena en 2011 su primera producci\u00f3n discogr\u00e1fica titulada Revoluci\u00f3n Folkl\u00f3rica que consta de 11 temas y una narraci\u00f3n.<\/p>\n<p>La gira de difusi\u00f3n se realiz\u00f3 en algunas ciudades de M\u00e9xico y Jap\u00f3n incluyendo Tokio y Osaka.<\/p>\n<p>Su segundo \u00e1lbum <em>Tierra Animal<\/em>, fue escrito durante el tiempo de gira de su disco <em>Revoluci\u00f3n Folkl\u00f3rica<\/em>, por lo que presenta una gran riqueza de ritmos representativos de diferentes partes de M\u00e9xico y el mundo, enriquecidos por medio de fusiones e interpretaciones instrumentales.<\/p>\n<p><span style=\"font-size: 13px;\">Canciones de Mar\u00eda Moctezuma han sido utilizadas para musicalizar documentales, entre los que se encuentra \u201cChi Bal Kan\u201d de Glenny Torres y Maria Tzuc Dzib, producci\u00f3n de \u201cAmbulante AC \u201c.\u00a0<\/span><span style=\"font-size: 13px;\">Recientemente particip\u00f3 en la banda sonora de la pel\u00edcula \u201cHecho en M\u00e9xico\u201d del director ingl\u00e9s Duncan Bridgeman, producida por Lynn Fainchtein.<\/span><\/p>\n<p>Algunos de los temas de <em>Tierra Animal<\/em> como <em>Eres una Bruja<\/em>, <em>Tierra Caliente<\/em> o <em>De Tanto Mar<\/em>, fueron interpretados en su presentaci\u00f3n en tierras oaxaque\u00f1as. La gira de Mar\u00eda Moctezuma tambi\u00e9n incluye las localidades de\u00a0D.F., Guadalajara, Xalapa, Colima, Morelia, Villahermosa, Ciudad del Carmen, M\u00e9rida, entre otras.<\/p>\n<p><a href=\"http:\/\/www.eloriente.net\/home\/wp-content\/uploads\/2014\/08\/IMG_8288-700x466.jpg\"><img loading=\"lazy\" decoding=\"async\" class=\"alignnone size-medium wp-image-30737\" title=\"IMG_8288-700x466\" src=\"http:\/\/www.eloriente.net\/home\/wp-content\/uploads\/2014\/08\/IMG_8288-700x466-300x199.jpg\" alt=\"\" width=\"300\" height=\"199\" srcset=\"http:\/\/www.eloriente.net\/home\/wp-content\/uploads\/2014\/08\/IMG_8288-700x466-300x199.jpg 300w, http:\/\/www.eloriente.net\/home\/wp-content\/uploads\/2014\/08\/IMG_8288-700x466.jpg 700w\" sizes=\"(max-width: 300px) 100vw, 300px\" \/><\/a><\/p>\n<p>Foto: mariamoctezuma.com<\/p>\n<p><strong>Entradas relacionadas:<\/strong><\/p>\n<p><a title=\"Permalink to La historia detr\u00e1s de la canci\u00f3n \u201cJueves\u201d de La Oreja de Van Gogh\" href=\"http:\/\/www.eloriente.net\/home\/2014\/08\/08\/la-historia-detras-de-la-cancion-jueves-de-la-oreja-de-van-gogh\/\" rel=\"bookmark\">La historia detr\u00e1s de la canci\u00f3n \u201cJueves\u201d de La Oreja de Van Gogh<\/a><\/p>\n<p><a href=\"http:\/\/www.eloriente.net\/home\/2014\/08\/08\/la-historia-detras-de-la-cancion-jueves-de-la-oreja-de-van-gogh\/\" rel=\"bookmark\"><img decoding=\"async\" title=\"La historia detr\u00e1s de la canci\u00f3n \u201cJueves\u201d de La Oreja de Van Gogh\" src=\"http:\/\/www.eloriente.net\/home\/wp-content\/themes\/city-desk\/timthumb.php?src=http%3A%2F%2Fwww.eloriente.net%2Fhome%2Fwp-content%2Fuploads%2F2014%2F08%2F4052669716_eb82f6c4da.jpg&amp;q=90&amp;w=160&amp;h=106&amp;zc=1\" alt=\"La historia detr\u00e1s de la canci\u00f3n \u201cJueves\u201d de La Oreja de Van Gogh\" \/><\/a><\/p>\n<p>eloriente.net 8\/agosto\/2014 Cu\u00e1ntas historias pueden contarse de aquel fat\u00eddico 11 de marzo y cu\u00e1ntas m\u00e1s quedaron inconclusas\u2026 Jueves, es precisamente una de muchas historias que tuvieron un desenlace abrupto tras los atentados de esa fecha en Madrid, Espa\u00f1a. Dedicada a las v\u00edctimas del terrible acontecimiento e inspirado en los restos del diario de una pasajera, [&#8230;]<\/p>\n<p>August 8, 2014<\/p>\n<div id=\"post-30609\">\n<p><a title=\"Permalink to Turismo musical en Estados Unidos\" href=\"http:\/\/www.eloriente.net\/home\/2014\/08\/07\/turismo-musical-en-estados-unidos\/\" rel=\"bookmark\">Turismo musical en Estados Unidos<\/a><\/p>\n<p><a href=\"http:\/\/www.eloriente.net\/home\/2014\/08\/07\/turismo-musical-en-estados-unidos\/\" rel=\"bookmark\"><img decoding=\"async\" title=\"Turismo musical en Estados Unidos\" src=\"http:\/\/www.eloriente.net\/home\/wp-content\/themes\/city-desk\/timthumb.php?src=http%3A%2F%2Fwww.eloriente.net%2Fhome%2Fwp-content%2Fuploads%2F2014%2F08%2F13706291583_22b9507152_b.jpg&amp;q=90&amp;w=160&amp;h=106&amp;zc=1\" alt=\"Turismo musical en Estados Unidos\" \/><\/a><\/p>\n<p>eloriente.net 7\/agosto\/2014 Existe un segmento muy especial de turistas que deciden sus vacaciones de acuerdo a eventos muy espec\u00edficos. As\u00ed como cada cuatro a\u00f1os el mundial de futbol o los juegos ol\u00edmpicos, convocan a una gran cantidad de visitantes en la ciudad o pa\u00eds sede, los destinos con conciertos masivos o festivales de m\u00fasica se [&#8230;]<\/p>\n<p>August 7, 2014<\/p>\n<\/div>\n<div id=\"post-30583\">\n<p><a title=\"Permalink to Escucha a Juli\u00e1n Luna, David Lav\u00edn y Mar\u00eda Moctezuma en Todo Oaxaca Radio 5\/Ago\/14\" href=\"http:\/\/www.eloriente.net\/home\/2014\/08\/06\/escucha-a-julian-luna-david-lavin-y-maria-moctezuma-en-todo-oaxaca-radio-5ago14\/\" rel=\"bookmark\">Escucha a Juli\u00e1n Luna, David Lav\u00edn y Mar\u00eda Moctezuma en Todo Oaxaca Radio 5\/Ago\/14<\/a><\/p>\n<p><a href=\"http:\/\/www.eloriente.net\/home\/2014\/08\/06\/escucha-a-julian-luna-david-lavin-y-maria-moctezuma-en-todo-oaxaca-radio-5ago14\/\" rel=\"bookmark\"><img decoding=\"async\" title=\"Escucha a Juli\u00e1n Luna, David Lav\u00edn y Mar\u00eda Moctezuma en Todo Oaxaca Radio 5\/Ago\/14\" src=\"http:\/\/www.eloriente.net\/home\/wp-content\/themes\/city-desk\/timthumb.php?src=http%3A%2F%2Fwww.eloriente.net%2Fhome%2Fwp-content%2Fuploads%2F2014%2F08%2FIMG_4971.jpg&amp;q=90&amp;w=160&amp;h=106&amp;zc=1\" alt=\"Escucha a Juli\u00e1n Luna, David Lav\u00edn y Mar\u00eda Moctezuma en Todo Oaxaca Radio 5\/Ago\/14\" \/><\/a><\/p>\n<p>todooaxacaradio.com 6\/agosto\/2014 Como cada martes, en punto de las 17:00 horas se transmiti\u00f3 el programa Todo Oaxaca Radio completamente en vivo desde la Ciudad de Oaxaca de Ju\u00e1rez, a trav\u00e9s de las frecuencias abiertas 570 AM, 94.9 FM y para todo el mundo a trav\u00e9s de www.todooaxacaradio.com. El programa es conducido por Rub\u00e9n Vasconcelos Beltr\u00e1n, [&#8230;]<\/p>\n<p>August 6, 2014<\/p>\n<\/div>\n\n\t\t\t  <div \n\t\t\t  \tclass = \"fb-comments\" \n\t\t\t  \tdata-href = \"http:\/\/www.eloriente.net\/home\/2014\/08\/10\/el-sonido-raizoso-de-maria-moctezuma-en-oaxaca\/\"\n\t\t\t  \tdata-numposts = \"10\"\n\t\t\t\tdata-colorscheme = \"dark\"\n\t\t\t\tdata-order-by = \"social\"\n\t\t\t\tdata-mobile=true>\n\t\t\t  <\/div>\n\t\t  <style>\n\t\t\t.fb_iframe_widget_fluid_desktop iframe {\n\t\t\t    width: 100% !important;\n\t\t\t}\n\t\t  <\/style>\n\t\t  ","protected":false},"excerpt":{"rendered":"<p>eloriente.net 10\/agosto\/2014 Invitada del lujo el martes pasado en el programa Todo Oaxaca Radio, la cantautora tabasque\u00f1a Mar\u00eda Moctezuma se present\u00f3 el viernes por la noche en el Colectivo Tutuma, como parte de su gira \u00abTierra Animal 2014\u00bb que incluye un recorrido por varias ciudades del pa\u00eds. Creadora del Sonido Raizoso, una fusi\u00f3n de ritmos [&hellip;]<\/p>\n","protected":false},"author":1,"featured_media":30737,"comment_status":"open","ping_status":"open","sticky":false,"template":"","format":"standard","meta":{"_jetpack_memberships_contains_paid_content":false,"footnotes":""},"categories":[29,49,18,32,63,10,83,464],"tags":[2242,2243,2244],"class_list":["post-30734","post","type-post","status-publish","format-standard","has-post-thumbnail","hentry","category-capital","category-destacadas","category-educacion-y-cultura","category-entradas","category-estados","category-lo-mas-reciente","category-musica-de-oaxaca","category-oaxaca-estados","tag-maria-moctezuma","tag-sonido-raizoso","tag-tierra-animal-colectivo-tutuma"],"jetpack_featured_media_url":"http:\/\/www.eloriente.net\/home\/wp-content\/uploads\/2014\/08\/IMG_8288-700x466.jpg","jetpack_sharing_enabled":true,"_links":{"self":[{"href":"http:\/\/www.eloriente.net\/home\/wp-json\/wp\/v2\/posts\/30734"}],"collection":[{"href":"http:\/\/www.eloriente.net\/home\/wp-json\/wp\/v2\/posts"}],"about":[{"href":"http:\/\/www.eloriente.net\/home\/wp-json\/wp\/v2\/types\/post"}],"author":[{"embeddable":true,"href":"http:\/\/www.eloriente.net\/home\/wp-json\/wp\/v2\/users\/1"}],"replies":[{"embeddable":true,"href":"http:\/\/www.eloriente.net\/home\/wp-json\/wp\/v2\/comments?post=30734"}],"version-history":[{"count":5,"href":"http:\/\/www.eloriente.net\/home\/wp-json\/wp\/v2\/posts\/30734\/revisions"}],"predecessor-version":[{"id":30736,"href":"http:\/\/www.eloriente.net\/home\/wp-json\/wp\/v2\/posts\/30734\/revisions\/30736"}],"wp:featuredmedia":[{"embeddable":true,"href":"http:\/\/www.eloriente.net\/home\/wp-json\/wp\/v2\/media\/30737"}],"wp:attachment":[{"href":"http:\/\/www.eloriente.net\/home\/wp-json\/wp\/v2\/media?parent=30734"}],"wp:term":[{"taxonomy":"category","embeddable":true,"href":"http:\/\/www.eloriente.net\/home\/wp-json\/wp\/v2\/categories?post=30734"},{"taxonomy":"post_tag","embeddable":true,"href":"http:\/\/www.eloriente.net\/home\/wp-json\/wp\/v2\/tags?post=30734"}],"curies":[{"name":"wp","href":"https:\/\/api.w.org\/{rel}","templated":true}]}}