{"id":30741,"date":"2014-08-09T09:21:14","date_gmt":"2014-08-09T15:21:14","guid":{"rendered":"http:\/\/www.eloriente.net\/home\/?p=30741"},"modified":"2014-08-09T09:21:14","modified_gmt":"2014-08-09T15:21:14","slug":"aprobado-el-anteproyecto-de-la-ley-estatal-de-educacion","status":"publish","type":"post","link":"http:\/\/www.eloriente.net\/home\/2014\/08\/09\/aprobado-el-anteproyecto-de-la-ley-estatal-de-educacion\/","title":{"rendered":"Aprobado el anteproyecto de la Ley Estatal de Educaci\u00f3n"},"content":{"rendered":"<p>eloriente.net<\/p>\n<p>9\/agosto\/2014<\/p>\n<p><span style=\"font-size: 13px;\">Despu\u00e9s de concluir con la redacci\u00f3n de la <a href=\"http:\/\/www.eloriente.net\/home\/2014\/08\/06\/concluye-la-redaccion-de-la-iniciativa-de-ley-estatal-de-educacion\/\">Ley Estatal de Educaci\u00f3n<\/a>, en la que particip\u00f3 una comisi\u00f3n integrada por la Secci\u00f3n 22, Gobierno del Estado y la LXII Legislatura, la Asamblea estatal aprob\u00f3 el anteproyecto y de acuerdo a lo planeado, este ser\u00e1 entregado al gobernador Gabino Cu\u00e9\u00a0el pr\u00f3ximo lunes con una marcha previa.<\/span><\/p>\n<p>Tras una larga discusi\u00f3n que incluy\u00f3 27 oradores, la propuesta de ley fue autorizada para su entrega al Gobernador de Oaxaca, quien a su vez la turnar\u00e1 al Legislativo Estatal. Los profesores afirmaron que a\u00fan no\u00a0<span style=\"font-size: 13px;\">levantar\u00e1n el plant\u00f3n que mantienen desde hace casi un mes en el z\u00f3calo de Oaxaca.<\/span><\/p>\n<p>Acordando finalmente realizar su pr\u00f3xima Asamblea Estatal el mi\u00e9rcoles 13 de agosto, para determinar las acciones siguientes en esta jornada de lucha, con miras a la aprobaci\u00f3n de la Ley Estatal de Educaci\u00f3n, por lo cual dijeron \u201cSe emplazar\u00e1 al legislativo para que a la brevedad la apruebe y sea una realidad para el pueblo de Oaxaca\u201d, finalizaron.<\/p>\n<p><a href=\"http:\/\/www.eloriente.net\/home\/wp-content\/uploads\/2014\/02\/maestros.jpg\"><img loading=\"lazy\" decoding=\"async\" class=\"alignnone size-medium wp-image-21656\" title=\"maestros\" src=\"http:\/\/www.eloriente.net\/home\/wp-content\/uploads\/2014\/02\/maestros-300x199.jpg\" alt=\"\" width=\"300\" height=\"199\" srcset=\"http:\/\/www.eloriente.net\/home\/wp-content\/uploads\/2014\/02\/maestros-300x199.jpg 300w, http:\/\/www.eloriente.net\/home\/wp-content\/uploads\/2014\/02\/maestros-1024x680.jpg 1024w, http:\/\/www.eloriente.net\/home\/wp-content\/uploads\/2014\/02\/maestros.jpg 1200w\" sizes=\"(max-width: 300px) 100vw, 300px\" \/><\/a><\/p>\n<p>Foto: Archivo eloriente.net<\/p>\n<p><strong>Entradas relacionadas:<\/strong><\/p>\n<p><a title=\"Permalink to S22, tras \u201cgolpe maestro\u201d para confrontar a PRI\" href=\"http:\/\/www.eloriente.net\/home\/2014\/08\/08\/s22-tras-golpe-maestro-para-confrontar-a-pri\/\" rel=\"bookmark\">S22, tras \u201cgolpe maestro\u201d para confrontar a PRI<\/a><\/p>\n<p><a href=\"http:\/\/www.eloriente.net\/home\/2014\/08\/08\/s22-tras-golpe-maestro-para-confrontar-a-pri\/\" rel=\"bookmark\"><img decoding=\"async\" title=\"S22, tras \u201cgolpe maestro\u201d para confrontar a PRI\" src=\"http:\/\/www.eloriente.net\/home\/wp-content\/themes\/city-desk\/timthumb.php?src=http%3A%2F%2Fwww.eloriente.net%2Fhome%2Fwp-content%2Fuploads%2F2014%2F07%2FBloqueo-Por-Secci%C3%B3n-22.jpg&amp;q=90&amp;w=160&amp;h=106&amp;zc=1\" alt=\"S22, tras \u201cgolpe maestro\u201d para confrontar a PRI\" \/><\/a><\/p>\n<p>eloriente.net 8\/agosto\/2014 Por:\u00a0Adri\u00e1n Ort\u00edz Romero Alimentar divisi\u00f3n, clave ante reforma educativa En medio de la revuelta pol\u00edtica en Oaxaca, que ocurre en el marco de la discusi\u00f3n de la reforma educativa, la Secci\u00f3n 22 del SNTE puso en pr\u00e1ctica una estrategia paralela, tendiente en tratar de dividir a las incipientes fibras pol\u00edticas del PRI oaxaque\u00f1o. [&#8230;]<\/p>\n<p>August 8, 2014<\/p>\n<div id=\"post-30579\">\n<p><a title=\"Permalink to Concluye la redacci\u00f3n de la Iniciativa de Ley Estatal de Educaci\u00f3n\" href=\"http:\/\/www.eloriente.net\/home\/2014\/08\/06\/concluye-la-redaccion-de-la-iniciativa-de-ley-estatal-de-educacion\/\" rel=\"bookmark\">Concluye la redacci\u00f3n de la Iniciativa de Ley Estatal de Educaci\u00f3n<\/a><\/p>\n<p><a href=\"http:\/\/www.eloriente.net\/home\/2014\/08\/06\/concluye-la-redaccion-de-la-iniciativa-de-ley-estatal-de-educacion\/\" rel=\"bookmark\"><img decoding=\"async\" title=\"Concluye la redacci\u00f3n de la Iniciativa de Ley Estatal de Educaci\u00f3n\" src=\"http:\/\/www.eloriente.net\/home\/wp-content\/themes\/city-desk\/timthumb.php?src=http%3A%2F%2Fwww.eloriente.net%2Fhome%2Fwp-content%2Fuploads%2F2014%2F03%2FFirma-Ley-Educaci%C3%B3n.jpg&amp;q=90&amp;w=160&amp;h=106&amp;zc=1\" alt=\"Concluye la redacci\u00f3n de la Iniciativa de Ley Estatal de Educaci\u00f3n\" \/><\/a><\/p>\n<p>eloriente.net 6\/agosto\/2014 La madrugada de este mi\u00e9rcoles, finaliz\u00f3 la redacci\u00f3n de la Iniciativa de la Ley Estatal de Educaci\u00f3n. El documento que ser\u00e1 presentado por el \u00a0gobernador Gabino Cu\u00e9 a\u00a0la LXII Legislatura local, fue elaborado por integrantes de los poderes Ejecutivo y Legislativo, as\u00ed como por la Secci\u00f3n 22 del Sindicato Nacional de Trabajadores de [&#8230;]<\/p>\n<p>August 6, 2014<\/p>\n<\/div>\n<div id=\"post-30574\">\n<p><a title=\"Permalink to Secci\u00f3n 22, \u00bfya sabe c\u00f3mo procesar su segunda derrota?\" href=\"http:\/\/www.eloriente.net\/home\/2014\/08\/06\/seccion-22-ya-sabe-como-procesar-su-segunda-derrota\/\" rel=\"bookmark\">Secci\u00f3n 22, \u00bfya sabe c\u00f3mo procesar su segunda derrota?<\/a><\/p>\n<p><a href=\"http:\/\/www.eloriente.net\/home\/2014\/08\/06\/seccion-22-ya-sabe-como-procesar-su-segunda-derrota\/\" rel=\"bookmark\"><img decoding=\"async\" title=\"Secci\u00f3n 22, \u00bfya sabe c\u00f3mo procesar su segunda derrota?\" src=\"http:\/\/www.eloriente.net\/home\/wp-content\/themes\/city-desk\/timthumb.php?src=http%3A%2F%2Fwww.eloriente.net%2Fhome%2Fwp-content%2Fuploads%2F2014%2F08%2F9743084722_8eb9220dfd.jpg&amp;q=90&amp;w=160&amp;h=106&amp;zc=1\" alt=\"Secci\u00f3n 22, \u00bfya sabe c\u00f3mo procesar su segunda derrota?\" \/><\/a><\/p>\n<p>eloriente.net 6\/agosto\/2014 Por:\u00a0Adri\u00e1n Ort\u00edz Romero Ruta, armonizaci\u00f3n; \u00bfY el premio de consolaci\u00f3n?\u00a0 Faltan menos de dos semanas para el inicio del ciclo escolar, y sigue llamando la atenci\u00f3n que la Secci\u00f3n 22 del SNTE siga sin presentar, y sin conocer, el anteproyecto de Ley Estatal de Educaci\u00f3n por el que tanto est\u00e1n luchando en las [&#8230;]<\/p>\n<p>August 6, 2014<\/p>\n<\/div>\n\n\t\t\t  <div \n\t\t\t  \tclass = \"fb-comments\" \n\t\t\t  \tdata-href = \"http:\/\/www.eloriente.net\/home\/2014\/08\/09\/aprobado-el-anteproyecto-de-la-ley-estatal-de-educacion\/\"\n\t\t\t  \tdata-numposts = \"10\"\n\t\t\t\tdata-colorscheme = \"dark\"\n\t\t\t\tdata-order-by = \"social\"\n\t\t\t\tdata-mobile=true>\n\t\t\t  <\/div>\n\t\t  <style>\n\t\t\t.fb_iframe_widget_fluid_desktop iframe {\n\t\t\t    width: 100% !important;\n\t\t\t}\n\t\t  <\/style>\n\t\t  ","protected":false},"excerpt":{"rendered":"<p>eloriente.net 9\/agosto\/2014 Despu\u00e9s de concluir con la redacci\u00f3n de la Ley Estatal de Educaci\u00f3n, en la que particip\u00f3 una comisi\u00f3n integrada por la Secci\u00f3n 22, Gobierno del Estado y la LXII Legislatura, la Asamblea estatal aprob\u00f3 el anteproyecto y de acuerdo a lo planeado, este ser\u00e1 entregado al gobernador Gabino Cu\u00e9\u00a0el pr\u00f3ximo lunes con una [&hellip;]<\/p>\n","protected":false},"author":1,"featured_media":21656,"comment_status":"open","ping_status":"open","sticky":false,"template":"","format":"standard","meta":{"_jetpack_memberships_contains_paid_content":false,"footnotes":""},"categories":[18,32,63,10,464],"tags":[2192,427,374],"class_list":["post-30741","post","type-post","status-publish","format-standard","has-post-thumbnail","hentry","category-educacion-y-cultura","category-entradas","category-estados","category-lo-mas-reciente","category-oaxaca-estados","tag-ley-estatal-de-educacion","tag-magisterio","tag-seccion-22"],"jetpack_featured_media_url":"http:\/\/www.eloriente.net\/home\/wp-content\/uploads\/2014\/02\/maestros.jpg","jetpack_sharing_enabled":true,"_links":{"self":[{"href":"http:\/\/www.eloriente.net\/home\/wp-json\/wp\/v2\/posts\/30741"}],"collection":[{"href":"http:\/\/www.eloriente.net\/home\/wp-json\/wp\/v2\/posts"}],"about":[{"href":"http:\/\/www.eloriente.net\/home\/wp-json\/wp\/v2\/types\/post"}],"author":[{"embeddable":true,"href":"http:\/\/www.eloriente.net\/home\/wp-json\/wp\/v2\/users\/1"}],"replies":[{"embeddable":true,"href":"http:\/\/www.eloriente.net\/home\/wp-json\/wp\/v2\/comments?post=30741"}],"version-history":[{"count":3,"href":"http:\/\/www.eloriente.net\/home\/wp-json\/wp\/v2\/posts\/30741\/revisions"}],"predecessor-version":[{"id":30751,"href":"http:\/\/www.eloriente.net\/home\/wp-json\/wp\/v2\/posts\/30741\/revisions\/30751"}],"wp:featuredmedia":[{"embeddable":true,"href":"http:\/\/www.eloriente.net\/home\/wp-json\/wp\/v2\/media\/21656"}],"wp:attachment":[{"href":"http:\/\/www.eloriente.net\/home\/wp-json\/wp\/v2\/media?parent=30741"}],"wp:term":[{"taxonomy":"category","embeddable":true,"href":"http:\/\/www.eloriente.net\/home\/wp-json\/wp\/v2\/categories?post=30741"},{"taxonomy":"post_tag","embeddable":true,"href":"http:\/\/www.eloriente.net\/home\/wp-json\/wp\/v2\/tags?post=30741"}],"curies":[{"name":"wp","href":"https:\/\/api.w.org\/{rel}","templated":true}]}}