{"id":308,"date":"2012-07-10T19:02:38","date_gmt":"2012-07-10T19:02:38","guid":{"rendered":"http:\/\/www.eloriente.net\/home\/?p=308"},"modified":"2015-11-10T12:42:38","modified_gmt":"2015-11-10T18:42:38","slug":"observatorio-ciudadano-publica-su-primer-reporte-mensual","status":"publish","type":"post","link":"http:\/\/www.eloriente.net\/home\/2012\/07\/10\/observatorio-ciudadano-publica-su-primer-reporte-mensual\/","title":{"rendered":"Observatorio Ciudadano publica su primer reporte mensual"},"content":{"rendered":"<p><script src=\"\/\/pagead2.googlesyndication.com\/pagead\/js\/adsbygoogle.js\" async=\"\"><\/script><!-- BANNER ELORIENTE INCRUSTADO NOTAS --> <ins class=\"adsbygoogle\" style=\"display: inline-block; width: 300px; height: 250px;\" data-ad-client=\"ca-pub-1136171134853753\" data-ad-slot=\"7974633627\"><\/ins><script>\/\/ <![CDATA[\n(adsbygoogle = window.adsbygoogle || []).push({});\n\/\/ ]]><\/script><\/p>\n<p>&nbsp;<\/p>\n<p>eloriente.neloriente.net (Oaxaca, M\u00e9x.) 10 de Julio\/2012. El Observatorio Ciudadano para la Evaluaci\u00f3n de Pol\u00edticas de Prevenci\u00f3n contra la violencia y delincuencia puso a disposici\u00f3n de la ciudadan\u00eda el primer n\u00famero de su bolet\u00edn mensual.<\/p>\n<p>El Observatorio se presenta en este primer bolet\u00edn, dando a conocer a sus integrantes,actividades, misi\u00f3n y visi\u00f3n, estructura y funcionamiento y por \u00faltimo, sus \u00e1reas de trabajo. La presidenta de dicho Observatorio, Guadalupe Zarza Brise\u00f1o menciona en su presentaci\u00f3n que la publicaci\u00f3n tiene como objetivo fortalecer la participaci\u00f3n ciudadana y la confianza en este tipo de ejercicios de observaci\u00f3n in\u00e9ditos en nuestro estado.<\/p>\n<p>Los temas que se abordan en este primer reporte mensual son la puesta en marcha del\u00a0Centro de Control de Comando y Comunicaci\u00f3n (C4)en Oaxaca, las cifras de la Encuesta Nacional de Victimizaci\u00f3n y Percepci\u00f3n sobre Seguridad P\u00fablica (ENVIPE 2011) que realiz\u00f3 el Instituto Nacional de Geograf\u00eda y Estad\u00edstica y las cifras del Secuestro en Oaxaca en el a\u00f1o 2011.<\/p>\n<p><script src=\"\/\/pagead2.googlesyndication.com\/pagead\/js\/adsbygoogle.js\" async=\"\"><\/script><!-- BANNER PEQUE\u00d1O PARA ENTRENOTAS EL ORIENTE --> <ins class=\"adsbygoogle\" style=\"display: inline-block; width: 468px; height: 60px;\" data-ad-client=\"ca-pub-1136171134853753\" data-ad-slot=\"4953536424\"><\/ins><script>\/\/ <![CDATA[\n(adsbygoogle = window.adsbygoogle || []).push({});\n\/\/ ]]><\/script><\/p>\n<p>Para finalizar, Zarza Brise\u00f1o coment\u00f3 que en breve el Observatorio presentar\u00e1 oficialmente a las instancias gubernamentales como la Secretar\u00eda de Seguridad P\u00fablica y la Procuradur\u00eda General de Justicia este bolet\u00edn, para que se tome nota de la aportaci\u00f3n de la sociedad civil en pro de un Oaxaca m\u00e1s seguro.<\/p>\n<div>\n<p><object style=\"width: 420px; height: 272px;\" width=\"320\" height=\"240\" classid=\"clsid:d27cdb6e-ae6d-11cf-96b8-444553540000\" codebase=\"http:\/\/download.macromedia.com\/pub\/shockwave\/cabs\/flash\/swflash.cab#version=6,0,40,0\"><param name=\"allowfullscreen\" value=\"true\" \/><param name=\"menu\" value=\"false\" \/><param name=\"wmode\" value=\"transparent\" \/><param name=\"src\" value=\"http:\/\/static.issuu.com\/webembed\/viewers\/style1\/v2\/IssuuReader.swf\" \/><param name=\"flashvars\" value=\"mode=mini&amp;backgroundColor=%23222222&amp;documentId=120702153753-68da2b1626c84cd39a277f58ceec132e\" \/><\/object><\/p>\n<div style=\"width: 420px; text-align: left;\"><a href=\"http:\/\/issuu.com\/staffcom\/docs\/publicaci_n_observatorio?mode=window&amp;backgroundColor=%23222222\" target=\"_blank\">Open publication<\/a> &#8211; Free <a href=\"http:\/\/issuu.com\" target=\"_blank\">publishing<\/a> &#8211; <a href=\"http:\/\/issuu.com\/staffcom\/docs\/publicaci_n_observatorio?mode=window&amp;backgroundColor=%23222222\" target=\"_blank\">More news<\/a><\/div>\n<\/div>\n<p>&nbsp;<\/p>\n\n\t\t\t  <div \n\t\t\t  \tclass = \"fb-comments\" \n\t\t\t  \tdata-href = \"http:\/\/www.eloriente.net\/home\/2012\/07\/10\/observatorio-ciudadano-publica-su-primer-reporte-mensual\/\"\n\t\t\t  \tdata-numposts = \"10\"\n\t\t\t\tdata-colorscheme = \"dark\"\n\t\t\t\tdata-order-by = \"social\"\n\t\t\t\tdata-mobile=true>\n\t\t\t  <\/div>\n\t\t  <style>\n\t\t\t.fb_iframe_widget_fluid_desktop iframe {\n\t\t\t    width: 100% !important;\n\t\t\t}\n\t\t  <\/style>\n\t\t  ","protected":false},"excerpt":{"rendered":"<p>&nbsp; eloriente.neloriente.net (Oaxaca, M\u00e9x.) 10 de Julio\/2012. El Observatorio Ciudadano para la Evaluaci\u00f3n de Pol\u00edticas de Prevenci\u00f3n contra la violencia y delincuencia puso a disposici\u00f3n de la ciudadan\u00eda el primer n\u00famero de su bolet\u00edn mensual. El Observatorio se presenta en este primer bolet\u00edn, dando a conocer a sus integrantes,actividades, misi\u00f3n y visi\u00f3n, estructura y funcionamiento [&hellip;]<\/p>\n","protected":false},"author":1,"featured_media":311,"comment_status":"open","ping_status":"open","sticky":false,"template":"","format":"standard","meta":{"_jetpack_memberships_contains_paid_content":false,"footnotes":""},"categories":[21],"tags":[],"class_list":["post-308","post","type-post","status-publish","format-standard","has-post-thumbnail","hentry","category-politica-y-gobierno"],"jetpack_featured_media_url":"http:\/\/www.eloriente.net\/home\/wp-content\/uploads\/2012\/07\/PUBLICACI\u00d3N-OBSERVATORIO1.jpg","jetpack_sharing_enabled":true,"_links":{"self":[{"href":"http:\/\/www.eloriente.net\/home\/wp-json\/wp\/v2\/posts\/308"}],"collection":[{"href":"http:\/\/www.eloriente.net\/home\/wp-json\/wp\/v2\/posts"}],"about":[{"href":"http:\/\/www.eloriente.net\/home\/wp-json\/wp\/v2\/types\/post"}],"author":[{"embeddable":true,"href":"http:\/\/www.eloriente.net\/home\/wp-json\/wp\/v2\/users\/1"}],"replies":[{"embeddable":true,"href":"http:\/\/www.eloriente.net\/home\/wp-json\/wp\/v2\/comments?post=308"}],"version-history":[{"count":18,"href":"http:\/\/www.eloriente.net\/home\/wp-json\/wp\/v2\/posts\/308\/revisions"}],"predecessor-version":[{"id":40363,"href":"http:\/\/www.eloriente.net\/home\/wp-json\/wp\/v2\/posts\/308\/revisions\/40363"}],"wp:featuredmedia":[{"embeddable":true,"href":"http:\/\/www.eloriente.net\/home\/wp-json\/wp\/v2\/media\/311"}],"wp:attachment":[{"href":"http:\/\/www.eloriente.net\/home\/wp-json\/wp\/v2\/media?parent=308"}],"wp:term":[{"taxonomy":"category","embeddable":true,"href":"http:\/\/www.eloriente.net\/home\/wp-json\/wp\/v2\/categories?post=308"},{"taxonomy":"post_tag","embeddable":true,"href":"http:\/\/www.eloriente.net\/home\/wp-json\/wp\/v2\/tags?post=308"}],"curies":[{"name":"wp","href":"https:\/\/api.w.org\/{rel}","templated":true}]}}