{"id":30806,"date":"2014-08-11T11:15:56","date_gmt":"2014-08-11T17:15:56","guid":{"rendered":"http:\/\/www.eloriente.net\/home\/?p=30806"},"modified":"2014-08-14T16:30:03","modified_gmt":"2014-08-14T22:30:03","slug":"procesion-por-la-reconciliacion-y-la-paz-social-en-oaxaca","status":"publish","type":"post","link":"http:\/\/www.eloriente.net\/home\/2014\/08\/11\/procesion-por-la-reconciliacion-y-la-paz-social-en-oaxaca\/","title":{"rendered":"Procesi\u00f3n por la Reconciliaci\u00f3n y la Paz Social en Oaxaca"},"content":{"rendered":"<p>eloriente.net<\/p>\n<p>11\/agosto\/2014<\/p>\n<p>Ante la creciente violencia en Oaxaca, M\u00e9xico y el mundo, el Arzobispo de la Arquidi\u00f3cesis de Oaxaca, Jos\u00e9 Luis Ch\u00e1vez Botello, ha convocado a una Procesi\u00f3n por la Reconciliaci\u00f3n y la Paz en Oaxaca para el d\u00eda s\u00e1bado 16 de agosto de 2014, a las 19:30 horas.<\/p>\n<p>Despu\u00e9s de su homil\u00eda dominical, el Arzobispo afirm\u00f3 en conferencia ante los medios de comunicaci\u00f3n que: \u00ab\u00bbEs alarmante la violencia en el mundo, en el pa\u00eds y en esta entidad\u00bb, en referencia a las situaciones vividas en Irak y la Franja de Gaza. Apunt\u00f3 la preocupaci\u00f3n que ante los hechos\u00a0la poblaci\u00f3n se mantenga indiferente ante acontecimientos como homicidios, asaltos a los peregrinos y el clima de violencia en general, por lo cual hizo un llamado a la poblaci\u00f3n para que reflexione y participe en esta procesi\u00f3n por la paz.\u00a0\u00abSe ha perdido el amor a la verdad, la responsabilidad y la honestidad\u00bb, subray\u00f3.<\/p>\n<p>\u00abAqu\u00ed est\u00e1 fallando la responsabilidad social de toda la ciudadan\u00eda\u00bb,<span style=\"font-size: 13px;\">\u00a0el jerarca cat\u00f3lico sostuvo que no es uno, sino todos los sectores de la sociedad los que est\u00e1n fracasando al no cumplir con los roles que les compete a cada quien.\u00a0<\/span><span style=\"font-size: 13px;\">Asimismo, Ch\u00e1vez Botello consider\u00f3 que se requiere de un programa serio de prevenci\u00f3n de la violencia de parte de las autoridades involucradas en el tema.<\/span><\/p>\n<p>Convoc\u00f3 \u00a0a los cat\u00f3licos a sumarse al llamado urgente del Papa Francisco a orar por la paz, \u00aba pedir al Se\u00f1or que suscite en todos un aut\u00e9ntico deseo del di\u00e1logo y de reconciliaci\u00f3n\u00bb.\u00a0<span style=\"font-size: 13px;\">Dijo que la violencia en Oaxaca ya ha cobrado muchas v\u00edctimas, ha robado el ambiente humano a ni\u00f1os y ha destruido el futuro de muchos j\u00f3venes y encadenado la superaci\u00f3n de familias, la justicia y la paz de los ciudadanos.\u00a0<\/span><span style=\"font-size: 13px;\">\u00abNos urge centrarnos y actuar por la reconciliaci\u00f3n y paz social\u00bb, expuso.<\/span><\/p>\n<p>Ante este panorama y en vistas de la Coronaci\u00f3n Pontificia de Nuestra Se\u00f1ora de Juquila, propuso la realizaci\u00f3n de una Procesi\u00f3n por la Reconciliaci\u00f3n y la Paz Social, la cual se llevar\u00e1 a cabo el pr\u00f3ximo s\u00e1bado 16 de agosto a las 19:30 horas del templo de Guadalupe al Santuario menor de la Virgen de la Soledad.y estar\u00e1 encabezada por \u00e9l, sacerdotes, religiosas y fieles de la ciudad.<\/p>\n<p><span style=\"font-size: 13px;\">Invit\u00f3 a los cat\u00f3licos a formar parte de esta actividad y portar una prenda blanca, as\u00ed como llevar una veladora y un rosario durante la procesi\u00f3n.\u00a0<\/span><span style=\"font-size: 13px;\">Aunque esta procesi\u00f3n est\u00e1 programada para la ciudad de Oaxaca, destac\u00f3 la importancia de que las parroquias for\u00e1neas se unan en oraci\u00f3n y organicen m\u00e1s tarde una acci\u00f3n apropiada a sus comunidades.<\/span><\/p>\n<p><a href=\"http:\/\/www.eloriente.net\/home\/wp-content\/uploads\/2014\/03\/Arzobispo-JBF-mx.jpg\"><img loading=\"lazy\" decoding=\"async\" class=\"alignnone size-medium wp-image-21984\" title=\"Arzobispo-JBF mx\" src=\"http:\/\/www.eloriente.net\/home\/wp-content\/uploads\/2014\/03\/Arzobispo-JBF-mx-300x200.jpg\" alt=\"\" width=\"300\" height=\"200\" srcset=\"http:\/\/www.eloriente.net\/home\/wp-content\/uploads\/2014\/03\/Arzobispo-JBF-mx-300x200.jpg 300w, http:\/\/www.eloriente.net\/home\/wp-content\/uploads\/2014\/03\/Arzobispo-JBF-mx.jpg 1024w\" sizes=\"(max-width: 300px) 100vw, 300px\" \/><\/a><\/p>\n<p>Foto: Archivo eloriente.net<\/p>\n<p><strong>Entradas relacionadas:<\/strong><\/p>\n<p><a title=\"Permalink to \u00bfQu\u00e9 se ha dicho recientemente sobre las marchas en Oaxaca?\" href=\"http:\/\/www.eloriente.net\/home\/2014\/04\/21\/que-se-ha-dicho-recientemente-sobre-las-marchas-en-oaxaca\/\" rel=\"bookmark\">\u00bfQu\u00e9 se ha dicho recientemente sobre las marchas en Oaxaca?<\/a><\/p>\n<p><a href=\"http:\/\/www.eloriente.net\/home\/2014\/04\/21\/que-se-ha-dicho-recientemente-sobre-las-marchas-en-oaxaca\/\" rel=\"bookmark\"><img decoding=\"async\" title=\"\u00bfQu\u00e9 se ha dicho recientemente sobre las marchas en Oaxaca?\" src=\"http:\/\/www.eloriente.net\/home\/wp-content\/themes\/city-desk\/timthumb.php?src=http%3A%2F%2Fwww.eloriente.net%2Fhome%2Fwp-content%2Fuploads%2F2014%2F04%2FMarcha-Contra-la-Reforma-Laboral-Por-Secci%C3%B3n-22.jpg&amp;q=90&amp;w=160&amp;h=106&amp;zc=1\" alt=\"\u00bfQu\u00e9 se ha dicho recientemente sobre las marchas en Oaxaca?\" \/><\/a><\/p>\n<p>eloriente.net 21 de abril de 2014 En el primer bimestre de 2014, en el estado de Oaxaca se presentaron un total de 559 movilizaciones de organizaciones sociales y civiles, quienes a trav\u00e9s de marchas, bloqueos o tomas de oficinas, han exigido una serie de demandas o externado su inconformidad sobre alg\u00fan asunto de car\u00e1cter p\u00fablico [&#8230;]<\/p>\n<p>April 21, 2014<\/p>\n<div id=\"post-24542\">\n<p><a title=\"Permalink to El verdadero prop\u00f3sito de la vida es ser feliz: Dal\u00e1i Lama\" href=\"http:\/\/www.eloriente.net\/home\/2014\/04\/18\/el-verdadero-proposito-de-la-vida-es-ser-feliz-dalai-lama\/\" rel=\"bookmark\">El verdadero prop\u00f3sito de la vida es ser feliz: Dal\u00e1i Lama<\/a><\/p>\n<p><a href=\"http:\/\/www.eloriente.net\/home\/2014\/04\/18\/el-verdadero-proposito-de-la-vida-es-ser-feliz-dalai-lama\/\" rel=\"bookmark\"><img decoding=\"async\" title=\"El verdadero prop\u00f3sito de la vida es ser feliz: Dal\u00e1i Lama\" src=\"http:\/\/www.eloriente.net\/home\/wp-content\/themes\/city-desk\/timthumb.php?src=http%3A%2F%2Fwww.eloriente.net%2Fhome%2Fwp-content%2Fuploads%2F2014%2F04%2FBhikshu-Ordination-Por-Dalai-Lama.jpg&amp;q=90&amp;w=160&amp;h=106&amp;zc=1\" alt=\"El verdadero prop\u00f3sito de la vida es ser feliz: Dal\u00e1i Lama\" \/><\/a><\/p>\n<p>eloriente.net 18 de abril de 2014 \u201cEl verdadero prop\u00f3sito de nuestra vida es la felicidad, que es sostenida por la esperanza. No tenemos ninguna garant\u00eda sobre el futuro, pero nosotros existimos en la esperanza de algo mejor. Esperanza significa pensar \u2018yo puedo hacer esto\u2019. Aporta fuerza interior y confianza en s\u00ed mismo\u201d. Dal\u00e1i Lama.\u00a0 \u201cCreo [&#8230;]<\/p>\n<p>April 18, 2014<\/p>\n<\/div>\n<div id=\"post-21962\">\n<p><a title=\"Permalink to Arzobispo Ch\u00e1vez Botello ruega por reconciliaci\u00f3n social en Oaxaca\" href=\"http:\/\/www.eloriente.net\/home\/2014\/03\/03\/arzobispo-chavez-botello-ruega-por-reconciliacion-social-en-oaxaca\/\" rel=\"bookmark\">Arzobispo Ch\u00e1vez Botello ruega por reconciliaci\u00f3n social en Oaxaca<\/a><\/p>\n<p><a href=\"http:\/\/www.eloriente.net\/home\/2014\/03\/03\/arzobispo-chavez-botello-ruega-por-reconciliacion-social-en-oaxaca\/\" rel=\"bookmark\"><img decoding=\"async\" title=\"Arzobispo Ch\u00e1vez Botello ruega por reconciliaci\u00f3n social en Oaxaca\" src=\"http:\/\/www.eloriente.net\/home\/wp-content\/themes\/city-desk\/timthumb.php?src=http%3A%2F%2Fwww.eloriente.net%2Fhome%2Fwp-content%2Fuploads%2F2014%2F03%2FArzobispo-JBF-mx.jpg&amp;q=90&amp;w=160&amp;h=106&amp;zc=1\" alt=\"Arzobispo Ch\u00e1vez Botello ruega por reconciliaci\u00f3n social en Oaxaca\" \/><\/a><\/p>\n<p>eloriente.net 3 de marzo de 2014 Durante la pasada misa dominical, el Arzobispo de la Arquidi\u00f3cesis de Antequera, Jos\u00e9 Luis Ch\u00e1vez Botello, rog\u00f3 a los asistentes por promover la fe cristiana y la paz entre la poblaci\u00f3n oaxaque\u00f1a, para as\u00ed llegar a una reconciliaci\u00f3n social en la entidad. En el marco previo al mi\u00e9rcoles de [&#8230;]<\/p>\n<p>March 3, 2014<\/p>\n<\/div>\n\n\t\t\t  <div \n\t\t\t  \tclass = \"fb-comments\" \n\t\t\t  \tdata-href = \"http:\/\/www.eloriente.net\/home\/2014\/08\/11\/procesion-por-la-reconciliacion-y-la-paz-social-en-oaxaca\/\"\n\t\t\t  \tdata-numposts = \"10\"\n\t\t\t\tdata-colorscheme = \"dark\"\n\t\t\t\tdata-order-by = \"social\"\n\t\t\t\tdata-mobile=true>\n\t\t\t  <\/div>\n\t\t  <style>\n\t\t\t.fb_iframe_widget_fluid_desktop iframe {\n\t\t\t    width: 100% !important;\n\t\t\t}\n\t\t  <\/style>\n\t\t  ","protected":false},"excerpt":{"rendered":"<p>eloriente.net 11\/agosto\/2014 Ante la creciente violencia en Oaxaca, M\u00e9xico y el mundo, el Arzobispo de la Arquidi\u00f3cesis de Oaxaca, Jos\u00e9 Luis Ch\u00e1vez Botello, ha convocado a una Procesi\u00f3n por la Reconciliaci\u00f3n y la Paz en Oaxaca para el d\u00eda s\u00e1bado 16 de agosto de 2014, a las 19:30 horas. Despu\u00e9s de su homil\u00eda dominical, el [&hellip;]<\/p>\n","protected":false},"author":1,"featured_media":21984,"comment_status":"open","ping_status":"open","sticky":false,"template":"","format":"standard","meta":{"_jetpack_memberships_contains_paid_content":false,"footnotes":""},"categories":[29,32,63,10,24,464,21],"tags":[2261,471,1005,2260],"class_list":["post-30806","post","type-post","status-publish","format-standard","has-post-thumbnail","hentry","category-capital","category-entradas","category-estados","category-lo-mas-reciente","category-mexico-y-el-mundo","category-oaxaca-estados","category-politica-y-gobierno","tag-arzobispo","tag-chavez-botello","tag-paz","tag-procesion-por-la-paz"],"jetpack_featured_media_url":"http:\/\/www.eloriente.net\/home\/wp-content\/uploads\/2014\/03\/Arzobispo-JBF-mx.jpg","jetpack_sharing_enabled":true,"_links":{"self":[{"href":"http:\/\/www.eloriente.net\/home\/wp-json\/wp\/v2\/posts\/30806"}],"collection":[{"href":"http:\/\/www.eloriente.net\/home\/wp-json\/wp\/v2\/posts"}],"about":[{"href":"http:\/\/www.eloriente.net\/home\/wp-json\/wp\/v2\/types\/post"}],"author":[{"embeddable":true,"href":"http:\/\/www.eloriente.net\/home\/wp-json\/wp\/v2\/users\/1"}],"replies":[{"embeddable":true,"href":"http:\/\/www.eloriente.net\/home\/wp-json\/wp\/v2\/comments?post=30806"}],"version-history":[{"count":4,"href":"http:\/\/www.eloriente.net\/home\/wp-json\/wp\/v2\/posts\/30806\/revisions"}],"predecessor-version":[{"id":30809,"href":"http:\/\/www.eloriente.net\/home\/wp-json\/wp\/v2\/posts\/30806\/revisions\/30809"}],"wp:featuredmedia":[{"embeddable":true,"href":"http:\/\/www.eloriente.net\/home\/wp-json\/wp\/v2\/media\/21984"}],"wp:attachment":[{"href":"http:\/\/www.eloriente.net\/home\/wp-json\/wp\/v2\/media?parent=30806"}],"wp:term":[{"taxonomy":"category","embeddable":true,"href":"http:\/\/www.eloriente.net\/home\/wp-json\/wp\/v2\/categories?post=30806"},{"taxonomy":"post_tag","embeddable":true,"href":"http:\/\/www.eloriente.net\/home\/wp-json\/wp\/v2\/tags?post=30806"}],"curies":[{"name":"wp","href":"https:\/\/api.w.org\/{rel}","templated":true}]}}