{"id":30815,"date":"2014-08-11T13:19:36","date_gmt":"2014-08-11T19:19:36","guid":{"rendered":"http:\/\/www.eloriente.net\/home\/?p=30815"},"modified":"2014-08-11T13:20:23","modified_gmt":"2014-08-11T19:20:23","slug":"se-instala-comision-de-etica-en-el-poder-judicial-de-oaxaca","status":"publish","type":"post","link":"http:\/\/www.eloriente.net\/home\/2014\/08\/11\/se-instala-comision-de-etica-en-el-poder-judicial-de-oaxaca\/","title":{"rendered":"Se instala Comisi\u00f3n de \u00c9tica en el Poder Judicial de Oaxaca"},"content":{"rendered":"<p style=\"text-align: left;\" align=\"center\"><span style=\"font-size: 13px;\">La Comisi\u00f3n de \u00c9tica est\u00e1 conformada por consejeros de la judicatura y magistrados de los diferentes tribunales<\/span><\/p>\n<p>La Comisi\u00f3n de \u00c9tica, recientemente instalada en el Poder Judicial del Estado, permitir\u00e1 dar certeza, seguridad y confianza en el correcto funcionamiento de las actividades jurisdiccionales y administrativas, adem\u00e1s de que contribuir\u00e1 al fortalecimiento de una conducta ejemplar entre los impartidores de justicia y servidores p\u00fablicos judiciales, afirm\u00f3 el titular de la instituci\u00f3n, magistrado Alfredo Rodrigo Lagunas Rivera.<\/p>\n<p>Se\u00f1al\u00f3 que quienes laboran en el Poder Judicial deben encarnar principios y valores sustentados en la imparcialidad, honestidad e integridad, los cuales deben manifestarse en la transparencia de sus funciones tanto p\u00fablicas como privadas, ya que la sociedad espera de ellos un comportamiento de excelencia en todos los \u00e1mbitos de su vida.<\/p>\n<p>\u201cExigir altos est\u00e1ndares de buena conducta, contribuye a crear, mantener y acrecentar la confianza ciudadana en el Poder Judicial\u201d, se\u00f1al\u00f3 luego de puntualizar que tratados internacionales como la Convenci\u00f3n de las Naciones Unidas contra la Corrupci\u00f3n y la Convenci\u00f3n Interamericana contra la Corrupci\u00f3n, establecen que es responsabilidad de todos los Estados evitar la impunidad en materia de corrupci\u00f3n y garantizar la correcta administraci\u00f3n p\u00fablica.<\/p>\n<p>En este sentido, el magistrado Lagunas Rivera detall\u00f3 que de acuerdo con las atribuciones de la Comisi\u00f3n de \u00c9tica, publicadas en la p\u00e1gina web <a href=\"http:\/\/www.tribunaloax.gob.mx\">www.tribunaloax.gob.mx<\/a>, dicha instancia se encargar\u00e1 de difundir y promover el conocimiento del C\u00f3digo en la materia, alentar y procurar el apego de los servidores p\u00fablicos a los principios y virtudes \u00e9ticas que deben regir su conducta y emitir pronunciamientos en forma de recomendaciones en torno a situaciones dudosas sobre el comportamiento \u00e9tico.<\/p>\n<p>Asimismo, har\u00e1 del conocimiento de la Comisi\u00f3n de Disciplina del Consejo de la Judicatura o en su caso a la autoridad competente del Tribunal, las posibles conductas de los servidores p\u00fablicos que contravengan lo dispuesto en el C\u00f3digo de \u00c9tica y analizar\u00e1 las observaciones sobre la conducta de un servidor p\u00fablico presentadas por los usuarios del Poder Judicial.<\/p>\n<p>Cabe se\u00f1alar que la Comisi\u00f3n de \u00c9tica del Poder Judicial del Estado est\u00e1 conformada por los magistrados del Tribunal Superior de Justicia Ricardo Javier Herrera Muzgo Rebollo y Mar\u00eda Eugenia Villanueva Abraj\u00e1n; la presidenta del Tribunal Estatal Electoral de Oaxaca, Ana Mireya Santos L\u00f3pez; el presidente del Tribunal de lo Contencioso Administrativo, Hugo Villegas Aquino; as\u00ed como los consejeros de la Judicatura Jos\u00e9 Antonio \u00c1lvarez Hern\u00e1ndez y Elsa Ang\u00e9lica Alejo Torres.<\/p>\n<p><a href=\"http:\/\/www.eloriente.net\/home\/wp-content\/uploads\/2014\/08\/Poderes-del-Estado-avalan-instalaci\u00f3n-del-Comisi\u00f3n-de-\u00c9tica-del-PJO.jpg\"><img loading=\"lazy\" decoding=\"async\" class=\"alignnone size-medium wp-image-30816\" title=\"Poderes del Estado avalan instalaci\u00f3n del Comisi\u00f3n de \u00c9tica del PJO\" src=\"http:\/\/www.eloriente.net\/home\/wp-content\/uploads\/2014\/08\/Poderes-del-Estado-avalan-instalaci\u00f3n-del-Comisi\u00f3n-de-\u00c9tica-del-PJO-300x193.jpg\" alt=\"\" width=\"300\" height=\"193\" srcset=\"http:\/\/www.eloriente.net\/home\/wp-content\/uploads\/2014\/08\/Poderes-del-Estado-avalan-instalaci\u00f3n-del-Comisi\u00f3n-de-\u00c9tica-del-PJO-300x193.jpg 300w, http:\/\/www.eloriente.net\/home\/wp-content\/uploads\/2014\/08\/Poderes-del-Estado-avalan-instalaci\u00f3n-del-Comisi\u00f3n-de-\u00c9tica-del-PJO.jpg 1024w\" sizes=\"(max-width: 300px) 100vw, 300px\" \/><\/a><\/p>\n<p>Foto: H. Tribunal Superior de Justicia<\/p>\n<p>Entradas relacionadas:<\/p>\n<p><a title=\"Permalink to Derechos Humanos y diversidad de las personas ind\u00edgenas\" href=\"http:\/\/www.eloriente.net\/home\/2014\/08\/08\/derechos-humanos-y-diversidad-de-las-personas-indigenas\/\" rel=\"bookmark\">Derechos Humanos y diversidad de las personas ind\u00edgenas<\/a><\/p>\n<p><a href=\"http:\/\/www.eloriente.net\/home\/2014\/08\/08\/derechos-humanos-y-diversidad-de-las-personas-indigenas\/\" rel=\"bookmark\"><img decoding=\"async\" title=\"Derechos Humanos y diversidad de las personas ind\u00edgenas\" src=\"http:\/\/www.eloriente.net\/home\/wp-content\/themes\/city-desk\/timthumb.php?src=http%3A%2F%2Fwww.eloriente.net%2Fhome%2Fwp-content%2Fuploads%2F2014%2F08%2FPresidente-de-la-Comisi%C3%B3n-de-vigilancia-del-CJO-Jos%C3%A9-Luis-Reyes-Hern%C3%A1ndez.jpg&amp;q=90&amp;w=160&amp;h=106&amp;zc=1\" alt=\"Derechos Humanos y diversidad de las personas ind\u00edgenas\" \/><\/a><\/p>\n<p>eloriente.net 8\/agosto\/2014 El consejero de la Judicatura, magistrado Jos\u00e9 Luis Reyes Hern\u00e1ndez, asegur\u00f3 que el Poder Judicial se fortalece para ofrecer un juicio consciente de la diversidad Garantizar la pr\u00e1ctica y pleno respeto a los derechos humanos de las personas que pertenecen a los pueblos ind\u00edgenas representa un desaf\u00edo para los servidores p\u00fablicos del Poder [&#8230;]<\/p>\n<p>August 8, 2014<\/p>\n<div id=\"post-30567\">\n<p><a title=\"Permalink to Poder Judicial del Estado se somete a auditor\u00eda\" href=\"http:\/\/www.eloriente.net\/home\/2014\/08\/06\/poder-judicial-del-estado-se-somete-a-auditoria\/\" rel=\"bookmark\">Poder Judicial del Estado se somete a auditor\u00eda<\/a><\/p>\n<p><a href=\"http:\/\/www.eloriente.net\/home\/2014\/08\/06\/poder-judicial-del-estado-se-somete-a-auditoria\/\" rel=\"bookmark\"><img decoding=\"async\" title=\"Poder Judicial del Estado se somete a auditor\u00eda\" src=\"http:\/\/www.eloriente.net\/home\/wp-content\/themes\/city-desk\/timthumb.php?src=http%3A%2F%2Fwww.eloriente.net%2Fhome%2Fwp-content%2Fuploads%2F2014%2F08%2FFuncionarios-del-Poder-Judicial-y-de-la-Auditor%C3%ADa-Superior-del-Estado-reunidos-T.jpg&amp;q=90&amp;w=160&amp;h=106&amp;zc=1\" alt=\"Poder Judicial del Estado se somete a auditor\u00eda\" \/><\/a><\/p>\n<p>eloriente.net 6\/agosto\/2014 El magistrado presidente Alfredo Lagunas Rivera y el titular de la Auditor\u00eda Superior del Estado, firmaron el acta de notificaci\u00f3n para el inicio de los trabajos de revisi\u00f3n En su compromiso con la transparencia y rendici\u00f3n de cuentas, este martes, el titular del Poder Judicial, magistrado Alfredo Rodrigo Lagunas Rivera firm\u00f3 junto con [&#8230;]<\/p>\n<p>August 6, 2014<\/p>\n<\/div>\n<div id=\"post-30488\">\n<p><a title=\"Permalink to Ratifican a 18 jueces y juezas del Poder Judicial\" href=\"http:\/\/www.eloriente.net\/home\/2014\/08\/04\/ratifican-a-18-jueces-y-juezas-del-poder-judicial\/\" rel=\"bookmark\">Ratifican a 18 jueces y juezas del Poder Judicial<\/a><\/p>\n<p><a href=\"http:\/\/www.eloriente.net\/home\/2014\/08\/04\/ratifican-a-18-jueces-y-juezas-del-poder-judicial\/\" rel=\"bookmark\"><img decoding=\"async\" title=\"Ratifican a 18 jueces y juezas del Poder Judicial\" src=\"http:\/\/www.eloriente.net\/home\/wp-content\/themes\/city-desk\/timthumb.php?src=http%3A%2F%2Fwww.eloriente.net%2Fhome%2Fwp-content%2Fuploads%2F2014%2F08%2FJueces-ratificados-tomaron-protesta-ante-el-magistrado-Alfredo-Lagunas-y-el-gobernador-Gabino-Cu%C3%A9.jpg&amp;q=90&amp;w=160&amp;h=106&amp;zc=1\" alt=\"Ratifican a 18 jueces y juezas del Poder Judicial\" \/><\/a><\/p>\n<p>eloriente.net 4\/agosto\/2014 El Consejo de la Judicatura del Poder Judicial calific\u00f3 el desempe\u00f1o de los juzgadores para constatar que tuvieran la capacidad de continuar en el cargo. El Pleno del Consejo de la Judicatura ratific\u00f3 este a\u00f1o en el cargo a 18 juezas y jueces del Poder Judicial del Estado, quienes fueron evaluados en su [&#8230;]<\/p>\n<p>August 4, 2014<\/p>\n<\/div>\n\n\t\t\t  <div \n\t\t\t  \tclass = \"fb-comments\" \n\t\t\t  \tdata-href = \"http:\/\/www.eloriente.net\/home\/2014\/08\/11\/se-instala-comision-de-etica-en-el-poder-judicial-de-oaxaca\/\"\n\t\t\t  \tdata-numposts = \"10\"\n\t\t\t\tdata-colorscheme = \"dark\"\n\t\t\t\tdata-order-by = \"social\"\n\t\t\t\tdata-mobile=true>\n\t\t\t  <\/div>\n\t\t  <style>\n\t\t\t.fb_iframe_widget_fluid_desktop iframe {\n\t\t\t    width: 100% !important;\n\t\t\t}\n\t\t  <\/style>\n\t\t  ","protected":false},"excerpt":{"rendered":"<p>La Comisi\u00f3n de \u00c9tica est\u00e1 conformada por consejeros de la judicatura y magistrados de los diferentes tribunales La Comisi\u00f3n de \u00c9tica, recientemente instalada en el Poder Judicial del Estado, permitir\u00e1 dar certeza, seguridad y confianza en el correcto funcionamiento de las actividades jurisdiccionales y administrativas, adem\u00e1s de que contribuir\u00e1 al fortalecimiento de una conducta ejemplar [&hellip;]<\/p>\n","protected":false},"author":1,"featured_media":30816,"comment_status":"open","ping_status":"open","sticky":false,"template":"","format":"standard","meta":{"_jetpack_memberships_contains_paid_content":false,"footnotes":""},"categories":[91,32,10],"tags":[2262,164,225],"class_list":["post-30815","post","type-post","status-publish","format-standard","has-post-thumbnail","hentry","category-congreso-y-justicia","category-entradas","category-lo-mas-reciente","tag-comision-de-etica","tag-poder-judicial","tag-tsj"],"jetpack_featured_media_url":"http:\/\/www.eloriente.net\/home\/wp-content\/uploads\/2014\/08\/Poderes-del-Estado-avalan-instalaci\u00f3n-del-Comisi\u00f3n-de-\u00c9tica-del-PJO.jpg","jetpack_sharing_enabled":true,"_links":{"self":[{"href":"http:\/\/www.eloriente.net\/home\/wp-json\/wp\/v2\/posts\/30815"}],"collection":[{"href":"http:\/\/www.eloriente.net\/home\/wp-json\/wp\/v2\/posts"}],"about":[{"href":"http:\/\/www.eloriente.net\/home\/wp-json\/wp\/v2\/types\/post"}],"author":[{"embeddable":true,"href":"http:\/\/www.eloriente.net\/home\/wp-json\/wp\/v2\/users\/1"}],"replies":[{"embeddable":true,"href":"http:\/\/www.eloriente.net\/home\/wp-json\/wp\/v2\/comments?post=30815"}],"version-history":[{"count":3,"href":"http:\/\/www.eloriente.net\/home\/wp-json\/wp\/v2\/posts\/30815\/revisions"}],"predecessor-version":[{"id":30819,"href":"http:\/\/www.eloriente.net\/home\/wp-json\/wp\/v2\/posts\/30815\/revisions\/30819"}],"wp:featuredmedia":[{"embeddable":true,"href":"http:\/\/www.eloriente.net\/home\/wp-json\/wp\/v2\/media\/30816"}],"wp:attachment":[{"href":"http:\/\/www.eloriente.net\/home\/wp-json\/wp\/v2\/media?parent=30815"}],"wp:term":[{"taxonomy":"category","embeddable":true,"href":"http:\/\/www.eloriente.net\/home\/wp-json\/wp\/v2\/categories?post=30815"},{"taxonomy":"post_tag","embeddable":true,"href":"http:\/\/www.eloriente.net\/home\/wp-json\/wp\/v2\/tags?post=30815"}],"curies":[{"name":"wp","href":"https:\/\/api.w.org\/{rel}","templated":true}]}}