{"id":30820,"date":"2014-08-12T01:00:16","date_gmt":"2014-08-12T07:00:16","guid":{"rendered":"http:\/\/www.eloriente.net\/home\/?p=30820"},"modified":"2014-08-11T15:48:16","modified_gmt":"2014-08-11T21:48:16","slug":"se-espera-vacuna-para-el-ebola-en-2015","status":"publish","type":"post","link":"http:\/\/www.eloriente.net\/home\/2014\/08\/12\/se-espera-vacuna-para-el-ebola-en-2015\/","title":{"rendered":"Se espera vacuna para el \u00e9bola en 2015"},"content":{"rendered":"<p>eloriente.net<\/p>\n<p>12\/agosto\/2014<\/p>\n<p>Ante la Emergencia Sanitaria Internacional decretada por la Organizaci\u00f3n Mundial de la salud a causa del \u00e9bola, se tiene que previsto que para el a\u00f1o siguiente ya exista una vacuna para la terrible enfermedad, esto seg\u00fan declaraciones del propio organismo.<\/p>\n<p>El brote iniciado en \u00c1frica Occidental y que ya se ha expandido por varios pa\u00edses, ha causado la muerte de 961 personas seg\u00fan los \u00faltimos reportes, convirti\u00e9ndolo en el peor registro, desde el descubrimiento de la enfermedad en la d\u00e9cada de 1970, cuando fallecieron 729 personas. Medidas para impedir el avance de la enfermedad ya han sido tomadas, como\u00a0el cierre de fronteras de Guinea con pa\u00edses como Sierra Leona y Liberia, y se esperan acciones similares con Zambia y Ghana. Algunas personas infectadas con el virus han sido trasladadas a sus pa\u00edses de origen, como el sacerdote espa\u00f1ol Miguel Pajares o el m\u00e9dico estadounidense Kent Brantly.<\/p>\n<p>Para contrarrestrar el \u00e9bola no solo en esta ocasi\u00f3n, sino para los a\u00f1os venideros, ya existen algunos laboratorios desarrollando vacunas contra el virus. Acorde a Jean Marie Okwo-Bel\u00e9, director de vacunas del OMS, si los plazos son optimistas, para 2015 ya se podr\u00edan encontrar medicinas y tratamientos espec\u00edficos contra el \u00e9bola en el mercado.<\/p>\n<p>Por ahora, el laboratorio m\u00e1s avanzado es el brit\u00e1nico GlaxoSmithKlein, quien ya ha realizado pruebas en animales con excelentes resultados. El cronograma indica que en septiembre dar\u00e1n inicio los ensayos cl\u00ednicos en Estados Unidos y en alg\u00fan pa\u00eds de \u00c1frica donde es m\u00e1s com\u00fan la enfermedad. El objetivo de estos ensayos es verificar que la vacuna no tenga un efecto nocivo en los receptores del tratamiento, as\u00ed como que la respuesta inmunol\u00f3gica sea la adecuada y muy importante, determinar las dosis necesarias para combatirla.<\/p>\n<p>La firma brit\u00e1nica no es la \u00fanica que se encuentra en la labor de la vacuna contra el \u00e9bola, pues existen al menos 4 \u00f3 5 m\u00e1s laboratorios con el mismo objetivo, solo que estos a\u00fan no han llegado a la fase de los ensayos cl\u00ednicos.\u00a0<span style=\"font-size: 13px;\">Actualmente no existe un tratamiento espec\u00edfico para combatir el \u00e9bola, solo se cuida la hidrataci\u00f3n de las personas infectadas v\u00eda intravenosa, con soluciones altos en electrolitos.<\/span><\/p>\n<p>La enfermedad ataca tanto a personas como animales, se considera que los murci\u00e9lagos frug\u00edvoros, en particular\u00a0<em>Hypsignathus monstrosus, Epomops franqueti y Myonycteris torquata<\/em>, son posiblemente los hu\u00e9spedes naturales del virus del \u00e9bola en \u00c1frica. Por ello, la distribuci\u00f3n geogr\u00e1fica de los Ebolavirus puede coincidir con la de dichos murci\u00e9lagos. En los humanos, se transmite mediante la\u00a0<span style=\"font-size: small;\">sangre y los fluidos corporales, y aparte de la\u00a0<\/span>deshidrataci\u00f3n<span style=\"font-size: small;\">\u00a0puede causar hemorragias, raz\u00f3n por la cual antes era conocida como <em>fiebre hemorr\u00e1gica del \u00e9bola. <\/em>Se calcula el \u00e9bola, tiene una tasa de mortalidad de 90%.<\/span><\/p>\n<p>Es la primera vez que se registra un brote en \u00c1frica Occidental, pues las anteriores ocasiones se dieron en la parte central del continente.<\/p>\n<p><img loading=\"lazy\" decoding=\"async\" class=\"alignnone size-medium wp-image-30830\" style=\"font-size: 13px;\" title=\"\u00c9bola\" src=\"http:\/\/www.eloriente.net\/home\/wp-content\/uploads\/2014\/08\/\u00c9bola-300x199.jpg\" alt=\"\" width=\"300\" height=\"199\" srcset=\"http:\/\/www.eloriente.net\/home\/wp-content\/uploads\/2014\/08\/\u00c9bola-300x199.jpg 300w, http:\/\/www.eloriente.net\/home\/wp-content\/uploads\/2014\/08\/\u00c9bola.jpg 1024w\" sizes=\"(max-width: 300px) 100vw, 300px\" \/><\/p>\n<p>Foto:\u00a0<a title=\"Attribution License\" href=\"https:\/\/creativecommons.org\/licenses\/by\/2.0\/\">Algunos derechos reservados<\/a>\u00a0por\u00a0<a href=\"https:\/\/www.flickr.com\/photos\/snre\/\">snre<\/a><\/p>\n<p>Entradas relacionadas:<\/p>\n<p><a title=\"Permalink to Emergencia Sanitaria Internacional por \u00e9bola declara la OMS\" href=\"http:\/\/www.eloriente.net\/home\/2014\/08\/08\/emergencia-sanitaria-internacional-por-ebola-declara-la-oms-2\/\" rel=\"bookmark\">Emergencia Sanitaria Internacional por \u00e9bola declara la OMS<\/a><\/p>\n<p><a href=\"http:\/\/www.eloriente.net\/home\/2014\/08\/08\/emergencia-sanitaria-internacional-por-ebola-declara-la-oms-2\/\" rel=\"bookmark\"><img decoding=\"async\" title=\"Emergencia Sanitaria Internacional por \u00e9bola declara la OMS\" src=\"http:\/\/www.eloriente.net\/home\/wp-content\/themes\/city-desk\/timthumb.php?src=http%3A%2F%2Fwww.eloriente.net%2Fhome%2Fwp-content%2Fuploads%2F2014%2F08%2F14632566347_50dabfef42_b.jpg&amp;q=90&amp;w=160&amp;h=106&amp;zc=1\" alt=\"Emergencia Sanitaria Internacional por \u00e9bola declara la OMS\" \/><\/a><\/p>\n<p>eloriente.net 8\/agosto\/2014 El brote m\u00e1s grande y largo de la historia no podr\u00eda ser considerado de otra manera: alerta mundial declarada por la Organizaci\u00f3n Mundial de la Salud. El brote de \u00e9bola en \u00c1frica Occidental es una emergencia internacional de salud p\u00fablica que requiere de una respuesta extraordinaria para detener su propagaci\u00f3n. Otros eventos que [&#8230;]<\/p>\n<p>August 8, 2014<\/p>\n<p><a style=\"font-size: 13px;\" title=\"Permalink to Lactancia materna, base para la salud mundial\" href=\"http:\/\/www.eloriente.net\/home\/2014\/08\/05\/lactancia-materna-base-para-la-salud-mundial\/\" rel=\"bookmark\">Lactancia materna, base para la salud mundial<\/a><\/p>\n<div id=\"post-30520\"><a href=\"http:\/\/www.eloriente.net\/home\/2014\/08\/05\/lactancia-materna-base-para-la-salud-mundial\/\" rel=\"bookmark\"><img loading=\"lazy\" decoding=\"async\" title=\"Lactancia materna, base para la salud mundial\" src=\"http:\/\/www.eloriente.net\/home\/wp-content\/themes\/city-desk\/timthumb.php?src=http%3A%2F%2Fwww.eloriente.net%2Fhome%2Fwp-content%2Fuploads%2F2014%2F08%2FLactancia.jpg&amp;q=90&amp;w=310&amp;h=200&amp;zc=1\" alt=\"Lactancia materna, base para la salud mundial\" width=\"167\" height=\"108\" \/><\/a><\/div>\n<div><\/div>\n<div>eloriente.net\/Grupo de Apoyo a la Lactancia y la Crianza de Oaxaca 5\/agosto\/2014 Existe una gran cantidad de evidencia cient\u00edfica que demuestra que la lactancia materna es la mejor manera de iniciar la vida: protege a los beb\u00e9s contra infecciones durante el tiempo que dure la lactancia, reduce el riesgo de que padezcan muerte s\u00fabita, obesidad, [&#8230;]<\/div>\n<div id=\"post-30520\">\n<p>August 5, 2014<span style=\"font-size: 13px;\">\u00a0<\/span><\/p>\n<\/div>\n<div id=\"post-30447\">\n<p><a title=\"Permalink to Fitof\u00e1rmacos\" href=\"http:\/\/www.eloriente.net\/home\/2014\/08\/01\/fitofarmacos-2\/\" rel=\"bookmark\">Fitof\u00e1rmacos<\/a><\/p>\n<p><a href=\"http:\/\/www.eloriente.net\/home\/2014\/08\/01\/fitofarmacos-2\/\" rel=\"bookmark\"><img loading=\"lazy\" decoding=\"async\" title=\"Fitof\u00e1rmacos\" src=\"http:\/\/www.eloriente.net\/home\/wp-content\/themes\/city-desk\/timthumb.php?src=http%3A%2F%2Fwww.eloriente.net%2Fhome%2Fwp-content%2Fuploads%2F2014%2F08%2Ffitofarmacos.jpg&amp;q=90&amp;w=310&amp;h=200&amp;zc=1\" alt=\"Fitof\u00e1rmacos\" width=\"167\" height=\"108\" \/><\/a><\/p>\n<p><span style=\"font-size: 13px;\">eloriente.net 01\/agosto\/2014 Por:\u00a0Jorge Guerrero \u00a0Tanto en M\u00e9xico como alrededor del mundo la gente ha optado por recurrir a la medicina tradicional y alternativa\u00a0 para curar cierto tipo de enfermedades, sobre todo aquellas que requieren una terapia prolongada. Esto obedece a que cada vez mas personas son conscientes de los efectos secundarios de la alopat\u00eda\u00a0 y [&#8230;]<\/span><\/p>\n<p>August 1, 2014<\/p>\n<\/div>\n\n\t\t\t  <div \n\t\t\t  \tclass = \"fb-comments\" \n\t\t\t  \tdata-href = \"http:\/\/www.eloriente.net\/home\/2014\/08\/12\/se-espera-vacuna-para-el-ebola-en-2015\/\"\n\t\t\t  \tdata-numposts = \"10\"\n\t\t\t\tdata-colorscheme = \"dark\"\n\t\t\t\tdata-order-by = \"social\"\n\t\t\t\tdata-mobile=true>\n\t\t\t  <\/div>\n\t\t  <style>\n\t\t\t.fb_iframe_widget_fluid_desktop iframe {\n\t\t\t    width: 100% !important;\n\t\t\t}\n\t\t  <\/style>\n\t\t  ","protected":false},"excerpt":{"rendered":"<p>eloriente.net 12\/agosto\/2014 Ante la Emergencia Sanitaria Internacional decretada por la Organizaci\u00f3n Mundial de la salud a causa del \u00e9bola, se tiene que previsto que para el a\u00f1o siguiente ya exista una vacuna para la terrible enfermedad, esto seg\u00fan declaraciones del propio organismo. El brote iniciado en \u00c1frica Occidental y que ya se ha expandido por [&hellip;]<\/p>\n","protected":false},"author":1,"featured_media":30830,"comment_status":"open","ping_status":"open","sticky":false,"template":"","format":"standard","meta":{"_jetpack_memberships_contains_paid_content":false,"footnotes":""},"categories":[49,32,10,24,31,30],"tags":[2227,2225,2265,2264,2122,2224,2263],"class_list":["post-30820","post","type-post","status-publish","format-standard","has-post-thumbnail","hentry","category-destacadas","category-entradas","category-lo-mas-reciente","category-mexico-y-el-mundo","category-principal","category-salud","tag-alerta-mundial","tag-ebola","tag-emergencia-sanitaria-internacional","tag-epidemia","tag-oms","tag-pandemia","tag-vacuna"],"jetpack_featured_media_url":"http:\/\/www.eloriente.net\/home\/wp-content\/uploads\/2014\/08\/\u00c9bola.jpg","jetpack_sharing_enabled":true,"_links":{"self":[{"href":"http:\/\/www.eloriente.net\/home\/wp-json\/wp\/v2\/posts\/30820"}],"collection":[{"href":"http:\/\/www.eloriente.net\/home\/wp-json\/wp\/v2\/posts"}],"about":[{"href":"http:\/\/www.eloriente.net\/home\/wp-json\/wp\/v2\/types\/post"}],"author":[{"embeddable":true,"href":"http:\/\/www.eloriente.net\/home\/wp-json\/wp\/v2\/users\/1"}],"replies":[{"embeddable":true,"href":"http:\/\/www.eloriente.net\/home\/wp-json\/wp\/v2\/comments?post=30820"}],"version-history":[{"count":7,"href":"http:\/\/www.eloriente.net\/home\/wp-json\/wp\/v2\/posts\/30820\/revisions"}],"predecessor-version":[{"id":30824,"href":"http:\/\/www.eloriente.net\/home\/wp-json\/wp\/v2\/posts\/30820\/revisions\/30824"}],"wp:featuredmedia":[{"embeddable":true,"href":"http:\/\/www.eloriente.net\/home\/wp-json\/wp\/v2\/media\/30830"}],"wp:attachment":[{"href":"http:\/\/www.eloriente.net\/home\/wp-json\/wp\/v2\/media?parent=30820"}],"wp:term":[{"taxonomy":"category","embeddable":true,"href":"http:\/\/www.eloriente.net\/home\/wp-json\/wp\/v2\/categories?post=30820"},{"taxonomy":"post_tag","embeddable":true,"href":"http:\/\/www.eloriente.net\/home\/wp-json\/wp\/v2\/tags?post=30820"}],"curies":[{"name":"wp","href":"https:\/\/api.w.org\/{rel}","templated":true}]}}