{"id":30897,"date":"2014-08-13T07:56:03","date_gmt":"2014-08-13T13:56:03","guid":{"rendered":"http:\/\/www.eloriente.net\/home\/?p=30897"},"modified":"2014-08-13T07:56:22","modified_gmt":"2014-08-13T13:56:22","slug":"reinsercion-social-de-menores-infractores-suma-de-esfuerzos","status":"publish","type":"post","link":"http:\/\/www.eloriente.net\/home\/2014\/08\/13\/reinsercion-social-de-menores-infractores-suma-de-esfuerzos\/","title":{"rendered":"Reinserci\u00f3n social de menores infractores, suma de esfuerzos"},"content":{"rendered":"<p style=\"text-align: left;\" align=\"center\">eloriente.net<\/p>\n<p style=\"text-align: left;\" align=\"center\">13\/agosto\/2014<\/p>\n<ul>\n<li>Prevenir conductas delictivas en adolescentes es responsabilidad de la familia, el estado y la sociedad, indic\u00f3 la jueza Irina Cabrera Gir\u00f3n<\/li>\n<\/ul>\n<p>Lograr la reinserci\u00f3n total de los adolescentes y j\u00f3venes que por la comisi\u00f3n de alg\u00fan delito enfrentan o estuvieron involucrados en un proceso penal, demanda la sensibilidad, apoyo y acompa\u00f1amiento no solo de las instituciones oficiales, sino tambi\u00e9n de la sociedad, afirm\u00f3 la jueza coordinadora del Juzgado Especializado en Justicia para Adolescentes del Poder Judicial del Estado, Irina Cabrera Gir\u00f3n.<\/p>\n<p>Coment\u00f3 que la etapa de desarrollo de los menores de entre 12 y 18 a\u00f1os de edad que enfrentan un proceso judicial, motiva a las instancias responsables de la procuraci\u00f3n e impartici\u00f3n de justicia a brindarles una atenci\u00f3n especial; por ello, en el Centro de Internamiento para Menores Infractores se les otorga un tratamiento adecuado a su edad, adem\u00e1s de una constante supervisi\u00f3n por parte de jueces especializados en la materia, durante todas las etapas su proceso.<\/p>\n<p>Cabrera Gir\u00f3n explic\u00f3 que la Reforma al Art\u00edculo 18 Constitucional de 2005, impulsada por la exigencia internacional de regularizar los procedimientos de juicio que involucran a adolescentes quienes usualmente eran procesados bajo el mismo modelo que los adultos, llev\u00f3 a los Tribunales a ofrecerles mayores garant\u00edas bajo distintas estrategias y fue en enero de 2007, cuando el sistema acusatorio adversarial estableci\u00f3 las reglas para la atenci\u00f3n de este sector de la poblaci\u00f3n en Oaxaca.<\/p>\n<p>En este sentido, argument\u00f3 que la Ley de Justicia para Adolescentes del Estado, establece que por sus condiciones de desarrollo, los menores de 14 a\u00f1os no pueden ser privados de la libertad ante la comisi\u00f3n de alg\u00fan delito; por el contrario, tal reglamentaci\u00f3n se\u00f1ala una serie de sanciones que deben imponerse con pleno respeto a sus derechos humanos y enfocados a lograr su debida reinserci\u00f3n.<\/p>\n<p>\u201cEl tratamiento para los adolescentes a trav\u00e9s del sistema acusatorio ha dado buenos resultados, pues del 100 por ciento de internos, cerca del 95 por ciento de ellos se reintegraron de forma positiva con el apoyo de su familia y la sociedad\u201d, coment\u00f3 la jueza especializada.<\/p>\n<p>Cifras del Consejo Nacional de Poblaci\u00f3n, indican que en la entidad cerca de 600 mil\u00a0\u00a0habitantes son adolescentes y j\u00f3venes con edades entre 12 y 18 a\u00f1os, entre los que se cometen con mayor frecuencia delitos como el robo con violencia, da\u00f1o en propiedad ajena y lesiones.<\/p>\n<p>Ante este problema, Cabrera Gir\u00f3n afirm\u00f3 que el factor preventivo es fundamental, y en ello tiene responsabilidad la familia, el estado y la sociedad. Por esta raz\u00f3n, bajo la coordinaci\u00f3n de su titular, magistrado Alfredo Rodrigo Lagunas Rivera, el Poder Judicial ha impulsado diversas acciones como el acercamiento con estudiantes de nivel b\u00e1sico; a trav\u00e9s de pl\u00e1ticas de sensibilizaci\u00f3n y concientizaci\u00f3n acerca de las consecuencias de cometer actos delictivos.<\/p>\n<p>De acuerdo a datos proporcionados por el Comit\u00e9 Estatal de Informaci\u00f3n Estad\u00edstica y Geogr\u00e1fica de Oaxaca (CEIEG) en el marco del D\u00eda Internacional de la Juventud, la pobreza, el desempleo, las drogas, el alcohol y la educaci\u00f3n de mala calidad, son factores que propician la comisi\u00f3n de delitos, adem\u00e1s de otros considerados determinantes, como la desintegraci\u00f3n familiar y el abandono infantil.<\/p>\n<p><a href=\"http:\/\/www.eloriente.net\/home\/wp-content\/uploads\/2014\/08\/Jueza-especializada-charla-con-adolescentes-sobre-consecuencias-de-los-delitos-.jpg\"><img loading=\"lazy\" decoding=\"async\" class=\"alignnone size-medium wp-image-30900\" title=\"Jueza especializada charla con adolescentes sobre consecuencias de los delitos\" src=\"http:\/\/www.eloriente.net\/home\/wp-content\/uploads\/2014\/08\/Jueza-especializada-charla-con-adolescentes-sobre-consecuencias-de-los-delitos--300x168.jpg\" alt=\"\" width=\"300\" height=\"168\" srcset=\"http:\/\/www.eloriente.net\/home\/wp-content\/uploads\/2014\/08\/Jueza-especializada-charla-con-adolescentes-sobre-consecuencias-de-los-delitos--300x168.jpg 300w, http:\/\/www.eloriente.net\/home\/wp-content\/uploads\/2014\/08\/Jueza-especializada-charla-con-adolescentes-sobre-consecuencias-de-los-delitos--1024x575.jpg 1024w\" sizes=\"(max-width: 300px) 100vw, 300px\" \/><\/a><\/p>\n<p>Foto: H. Tribunal Superior de Justicia<\/p>\n<p><strong>Entradas relacionadas:<\/strong><\/p>\n<p><a title=\"Permalink to Se instala Comisi\u00f3n de \u00c9tica en el Poder Judicial de Oaxaca\" href=\"http:\/\/www.eloriente.net\/home\/2014\/08\/11\/se-instala-comision-de-etica-en-el-poder-judicial-de-oaxaca\/\" rel=\"bookmark\">Se instala Comisi\u00f3n de \u00c9tica en el Poder Judicial de Oaxaca<\/a><\/p>\n<p><a href=\"http:\/\/www.eloriente.net\/home\/2014\/08\/11\/se-instala-comision-de-etica-en-el-poder-judicial-de-oaxaca\/\" rel=\"bookmark\"><img decoding=\"async\" title=\"Se instala Comisi\u00f3n de \u00c9tica en el Poder Judicial de Oaxaca\" src=\"http:\/\/www.eloriente.net\/home\/wp-content\/themes\/city-desk\/timthumb.php?src=http%3A%2F%2Fwww.eloriente.net%2Fhome%2Fwp-content%2Fuploads%2F2014%2F08%2FPoderes-del-Estado-avalan-instalaci%C3%B3n-del-Comisi%C3%B3n-de-%C3%89tica-del-PJO.jpg&amp;q=90&amp;w=160&amp;h=106&amp;zc=1\" alt=\"Se instala Comisi\u00f3n de \u00c9tica en el Poder Judicial de Oaxaca\" \/><\/a><\/p>\n<p>La Comisi\u00f3n de \u00c9tica est\u00e1 conformada por consejeros de la judicatura y magistrados de los diferentes tribunales La Comisi\u00f3n de \u00c9tica, recientemente instalada en el Poder Judicial del Estado, permitir\u00e1 dar certeza, seguridad y confianza en el correcto funcionamiento de las actividades jurisdiccionales y administrativas, adem\u00e1s de que contribuir\u00e1 al fortalecimiento de una conducta ejemplar [&#8230;]<\/p>\n<p>August 11, 2014<\/p>\n<div id=\"post-30671\">\n<p><a title=\"Permalink to Derechos Humanos y diversidad de las personas ind\u00edgenas\" href=\"http:\/\/www.eloriente.net\/home\/2014\/08\/08\/derechos-humanos-y-diversidad-de-las-personas-indigenas\/\" rel=\"bookmark\">Derechos Humanos y diversidad de las personas ind\u00edgenas<\/a><\/p>\n<p><a href=\"http:\/\/www.eloriente.net\/home\/2014\/08\/08\/derechos-humanos-y-diversidad-de-las-personas-indigenas\/\" rel=\"bookmark\"><img decoding=\"async\" title=\"Derechos Humanos y diversidad de las personas ind\u00edgenas\" src=\"http:\/\/www.eloriente.net\/home\/wp-content\/themes\/city-desk\/timthumb.php?src=http%3A%2F%2Fwww.eloriente.net%2Fhome%2Fwp-content%2Fuploads%2F2014%2F08%2FPresidente-de-la-Comisi%C3%B3n-de-vigilancia-del-CJO-Jos%C3%A9-Luis-Reyes-Hern%C3%A1ndez.jpg&amp;q=90&amp;w=160&amp;h=106&amp;zc=1\" alt=\"Derechos Humanos y diversidad de las personas ind\u00edgenas\" \/><\/a><\/p>\n<p>eloriente.net 8\/agosto\/2014 El consejero de la Judicatura, magistrado Jos\u00e9 Luis Reyes Hern\u00e1ndez, asegur\u00f3 que el Poder Judicial se fortalece para ofrecer un juicio consciente de la diversidad Garantizar la pr\u00e1ctica y pleno respeto a los derechos humanos de las personas que pertenecen a los pueblos ind\u00edgenas representa un desaf\u00edo para los servidores p\u00fablicos del Poder [&#8230;]<\/p>\n<p>August 8, 2014<\/p>\n<\/div>\n<div id=\"post-30567\">\n<p><a title=\"Permalink to Poder Judicial del Estado se somete a auditor\u00eda\" href=\"http:\/\/www.eloriente.net\/home\/2014\/08\/06\/poder-judicial-del-estado-se-somete-a-auditoria\/\" rel=\"bookmark\">Poder Judicial del Estado se somete a auditor\u00eda<\/a><\/p>\n<p><a href=\"http:\/\/www.eloriente.net\/home\/2014\/08\/06\/poder-judicial-del-estado-se-somete-a-auditoria\/\" rel=\"bookmark\"><img decoding=\"async\" title=\"Poder Judicial del Estado se somete a auditor\u00eda\" src=\"http:\/\/www.eloriente.net\/home\/wp-content\/themes\/city-desk\/timthumb.php?src=http%3A%2F%2Fwww.eloriente.net%2Fhome%2Fwp-content%2Fuploads%2F2014%2F08%2FFuncionarios-del-Poder-Judicial-y-de-la-Auditor%C3%ADa-Superior-del-Estado-reunidos-T.jpg&amp;q=90&amp;w=160&amp;h=106&amp;zc=1\" alt=\"Poder Judicial del Estado se somete a auditor\u00eda\" \/><\/a><\/p>\n<p>eloriente.net 6\/agosto\/2014 El magistrado presidente Alfredo Lagunas Rivera y el titular de la Auditor\u00eda Superior del Estado, firmaron el acta de notificaci\u00f3n para el inicio de los trabajos de revisi\u00f3n En su compromiso con la transparencia y rendici\u00f3n de cuentas, este martes, el titular del Poder Judicial, magistrado Alfredo Rodrigo Lagunas Rivera firm\u00f3 junto con [&#8230;]<\/p>\n<p>August 6, 2014<\/p>\n<\/div>\n\n\t\t\t  <div \n\t\t\t  \tclass = \"fb-comments\" \n\t\t\t  \tdata-href = \"http:\/\/www.eloriente.net\/home\/2014\/08\/13\/reinsercion-social-de-menores-infractores-suma-de-esfuerzos\/\"\n\t\t\t  \tdata-numposts = \"10\"\n\t\t\t\tdata-colorscheme = \"dark\"\n\t\t\t\tdata-order-by = \"social\"\n\t\t\t\tdata-mobile=true>\n\t\t\t  <\/div>\n\t\t  <style>\n\t\t\t.fb_iframe_widget_fluid_desktop iframe {\n\t\t\t    width: 100% !important;\n\t\t\t}\n\t\t  <\/style>\n\t\t  ","protected":false},"excerpt":{"rendered":"<p>eloriente.net 13\/agosto\/2014 Prevenir conductas delictivas en adolescentes es responsabilidad de la familia, el estado y la sociedad, indic\u00f3 la jueza Irina Cabrera Gir\u00f3n Lograr la reinserci\u00f3n total de los adolescentes y j\u00f3venes que por la comisi\u00f3n de alg\u00fan delito enfrentan o estuvieron involucrados en un proceso penal, demanda la sensibilidad, apoyo y acompa\u00f1amiento no solo [&hellip;]<\/p>\n","protected":false},"author":1,"featured_media":30900,"comment_status":"open","ping_status":"open","sticky":false,"template":"","format":"standard","meta":{"_jetpack_memberships_contains_paid_content":false,"footnotes":""},"categories":[1588,32,10,464],"tags":[2282,379,2283],"class_list":["post-30897","post","type-post","status-publish","format-standard","has-post-thumbnail","hentry","category-comunicados-y-boletines","category-entradas","category-lo-mas-reciente","category-oaxaca-estados","tag-menores-infractores","tag-prevencion","tag-reinsercion-social"],"jetpack_featured_media_url":"http:\/\/www.eloriente.net\/home\/wp-content\/uploads\/2014\/08\/Jueza-especializada-charla-con-adolescentes-sobre-consecuencias-de-los-delitos-.jpg","jetpack_sharing_enabled":true,"_links":{"self":[{"href":"http:\/\/www.eloriente.net\/home\/wp-json\/wp\/v2\/posts\/30897"}],"collection":[{"href":"http:\/\/www.eloriente.net\/home\/wp-json\/wp\/v2\/posts"}],"about":[{"href":"http:\/\/www.eloriente.net\/home\/wp-json\/wp\/v2\/types\/post"}],"author":[{"embeddable":true,"href":"http:\/\/www.eloriente.net\/home\/wp-json\/wp\/v2\/users\/1"}],"replies":[{"embeddable":true,"href":"http:\/\/www.eloriente.net\/home\/wp-json\/wp\/v2\/comments?post=30897"}],"version-history":[{"count":3,"href":"http:\/\/www.eloriente.net\/home\/wp-json\/wp\/v2\/posts\/30897\/revisions"}],"predecessor-version":[{"id":30903,"href":"http:\/\/www.eloriente.net\/home\/wp-json\/wp\/v2\/posts\/30897\/revisions\/30903"}],"wp:featuredmedia":[{"embeddable":true,"href":"http:\/\/www.eloriente.net\/home\/wp-json\/wp\/v2\/media\/30900"}],"wp:attachment":[{"href":"http:\/\/www.eloriente.net\/home\/wp-json\/wp\/v2\/media?parent=30897"}],"wp:term":[{"taxonomy":"category","embeddable":true,"href":"http:\/\/www.eloriente.net\/home\/wp-json\/wp\/v2\/categories?post=30897"},{"taxonomy":"post_tag","embeddable":true,"href":"http:\/\/www.eloriente.net\/home\/wp-json\/wp\/v2\/tags?post=30897"}],"curies":[{"name":"wp","href":"https:\/\/api.w.org\/{rel}","templated":true}]}}