{"id":30946,"date":"2014-08-14T08:14:32","date_gmt":"2014-08-14T14:14:32","guid":{"rendered":"http:\/\/www.eloriente.net\/home\/?p=30946"},"modified":"2014-08-14T08:28:19","modified_gmt":"2014-08-14T14:28:19","slug":"acercamiento-entre-tribunal-de-fiscalizacion-y-autoridades-municipales","status":"publish","type":"post","link":"http:\/\/www.eloriente.net\/home\/2014\/08\/14\/acercamiento-entre-tribunal-de-fiscalizacion-y-autoridades-municipales\/","title":{"rendered":"Acercamiento entre Tribunal de Fiscalizaci\u00f3n y autoridades municipales"},"content":{"rendered":"<p style=\"text-align: left;\" align=\"center\">eloriente.net<\/p>\n<p style=\"text-align: left;\" align=\"center\">14\/agosto\/2014<\/p>\n<ul>\n<li>El magistrado presidente, Cris\u00f3gono Tom\u00e1s Quiroz Robles\u00a0se reuni\u00f3 recientemente con autoridades de San Pedro Tidaa, Nochixtl\u00e1n<\/li>\n<\/ul>\n<p>Con la finalidad fomentar la cultura de la legalidad, transparencia y rendici\u00f3n de cuentas as\u00ed como informar sobre las funciones del Tribunal de Fiscalizaci\u00f3n, este \u00f3rgano colegiado lleva a cabo un acercamiento con las autoridades municipales de las diferentes regiones del estado, inform\u00f3 el\u00a0magistrado presidente Cris\u00f3gono Tom\u00e1s Quiroz Robles.<\/p>\n<p>Nuestra labor resulta determinante para resolver las controversias suscitadas por las resoluciones de la Auditor\u00eda Superior del Estado, as\u00ed como las derivadas del procedimiento de revisi\u00f3n y fiscalizaci\u00f3n de las Cuentas P\u00fablicas Estatal y Municipales, de ah\u00ed la importancia de informar a las autoridades\u00a0\u00a0sobre lo que viene haciendo este Tribunal, sostuvo.<\/p>\n<p>En este marco, el presidente del Tribunal de Fiscalizaci\u00f3n se reuni\u00f3 recientemente con autoridades municipales de San Pedro Tidaa, Nochixtl\u00e1n, a quienes dio a conocer en forma detallada las funciones jurisdiccionales que corresponden a esta instancia en relaci\u00f3n al juicio de inconformidad y recurso de queja.<\/p>\n<p>Indic\u00f3 que si bien los municipios son objeto del procedimiento de fiscalizaci\u00f3n por parte de la Auditor\u00eda Superior del Estado, de sentirse ilegalmente afectados, pueden hacer valer dichos medios de impugnaci\u00f3n.<\/p>\n<p>Asimismo, destac\u00f3 que con la actuaci\u00f3n de la autoridad fiscalizadora, se transparenta la rendici\u00f3n de cuentas p\u00fablicas estatales, municipales y participaciones federales.<\/p>\n<p>En lo que corresponde al juicio de inconformidad, coment\u00f3 que debe promoverse ante el Tribunal a trav\u00e9s de un escrito donde se expongan los hechos y los motivos en que se basa la impugnaci\u00f3n, as\u00ed como los preceptos legales que se estimen violados; la fecha en que conoci\u00f3 el acto impugnado y las pruebas correspondientes.<\/p>\n<p>Explic\u00f3 que el Tribunal de Fiscalizaci\u00f3n del Poder Judicial del Estado revisa la legalidad, conforme al marco jur\u00eddico estatal, respecto de las determinaciones, resoluciones y en general actuaciones de la Auditor\u00eda Superior del Estado.<\/p>\n<p>Derivado de la sentencia que ponga fin al juicio de inconformidad, el Pleno del Tribunal de Fiscalizaci\u00f3n, cuando advierta afectaci\u00f3n a la cultura de la rendici\u00f3n de cuentas, est\u00e1 facultado por el Poder Legislativo para emitir acuerdos generales respecto del empleo y aplicaci\u00f3n de mejores buenas pr\u00e1cticas en el procedimiento de Fiscalizaci\u00f3n que realiza la Auditor\u00eda Superior del Estado, se\u00f1al\u00f3.<\/p>\n<p>El magistrado Quiroz Robles hizo un llamado a las autoridades municipales a que acudan ante la m\u00e1xima instancia jurisdiccional en materia de fiscalizaci\u00f3n en el estado para darles a conocer aspectos de su funcionamiento que les ayude en su labor como representantes de un ayuntamiento.<\/p>\n<p><a href=\"http:\/\/www.eloriente.net\/home\/wp-content\/uploads\/2014\/08\/Presidente-del-Tribunal-fiscalizaci\u00f3n-reunido-con-autoridades-municipales.jpg\"><img loading=\"lazy\" decoding=\"async\" class=\"alignnone size-medium wp-image-30947\" title=\"Presidente del Tribunal fiscalizaci\u00f3n reunido con autoridades municipales\" src=\"http:\/\/www.eloriente.net\/home\/wp-content\/uploads\/2014\/08\/Presidente-del-Tribunal-fiscalizaci\u00f3n-reunido-con-autoridades-municipales-300x227.jpg\" alt=\"\" width=\"300\" height=\"227\" srcset=\"http:\/\/www.eloriente.net\/home\/wp-content\/uploads\/2014\/08\/Presidente-del-Tribunal-fiscalizaci\u00f3n-reunido-con-autoridades-municipales-300x227.jpg 300w, http:\/\/www.eloriente.net\/home\/wp-content\/uploads\/2014\/08\/Presidente-del-Tribunal-fiscalizaci\u00f3n-reunido-con-autoridades-municipales-1024x776.jpg 1024w, http:\/\/www.eloriente.net\/home\/wp-content\/uploads\/2014\/08\/Presidente-del-Tribunal-fiscalizaci\u00f3n-reunido-con-autoridades-municipales.jpg 1173w\" sizes=\"(max-width: 300px) 100vw, 300px\" \/><\/a><\/p>\n<p>Foto: H. Tribunal Superior de Justicia<\/p>\n<p><strong>Entradas relacionadas:<\/strong><\/p>\n<p><a title=\"Permalink to Reinserci\u00f3n social de menores infractores, suma de esfuerzos\" href=\"http:\/\/www.eloriente.net\/home\/2014\/08\/13\/reinsercion-social-de-menores-infractores-suma-de-esfuerzos\/\" rel=\"bookmark\">Reinserci\u00f3n social de menores infractores, suma de esfuerzos<\/a><\/p>\n<p><a href=\"http:\/\/www.eloriente.net\/home\/2014\/08\/13\/reinsercion-social-de-menores-infractores-suma-de-esfuerzos\/\" rel=\"bookmark\"><img decoding=\"async\" title=\"Reinserci\u00f3n social de menores infractores, suma de esfuerzos\" src=\"http:\/\/www.eloriente.net\/home\/wp-content\/themes\/city-desk\/timthumb.php?src=http%3A%2F%2Fwww.eloriente.net%2Fhome%2Fwp-content%2Fuploads%2F2014%2F08%2FJueza-especializada-charla-con-adolescentes-sobre-consecuencias-de-los-delitos-.jpg&amp;q=90&amp;w=160&amp;h=106&amp;zc=1\" alt=\"Reinserci\u00f3n social de menores infractores, suma de esfuerzos\" \/><\/a><\/p>\n<p>eloriente.net 13\/agosto\/2014 Prevenir conductas delictivas en adolescentes es responsabilidad de la familia, el estado y la sociedad, indic\u00f3 la jueza Irina Cabrera Gir\u00f3n Lograr la reinserci\u00f3n total de los adolescentes y j\u00f3venes que por la comisi\u00f3n de alg\u00fan delito enfrentan o estuvieron involucrados en un proceso penal, demanda la sensibilidad, apoyo y acompa\u00f1amiento no solo [&#8230;]<\/p>\n<p>August 13, 2014<\/p>\n<div id=\"post-30815\">\n<p><a title=\"Permalink to Se instala Comisi\u00f3n de \u00c9tica en el Poder Judicial de Oaxaca\" href=\"http:\/\/www.eloriente.net\/home\/2014\/08\/11\/se-instala-comision-de-etica-en-el-poder-judicial-de-oaxaca\/\" rel=\"bookmark\">Se instala Comisi\u00f3n de \u00c9tica en el Poder Judicial de Oaxaca<\/a><\/p>\n<p><a href=\"http:\/\/www.eloriente.net\/home\/2014\/08\/11\/se-instala-comision-de-etica-en-el-poder-judicial-de-oaxaca\/\" rel=\"bookmark\"><img decoding=\"async\" title=\"Se instala Comisi\u00f3n de \u00c9tica en el Poder Judicial de Oaxaca\" src=\"http:\/\/www.eloriente.net\/home\/wp-content\/themes\/city-desk\/timthumb.php?src=http%3A%2F%2Fwww.eloriente.net%2Fhome%2Fwp-content%2Fuploads%2F2014%2F08%2FPoderes-del-Estado-avalan-instalaci%C3%B3n-del-Comisi%C3%B3n-de-%C3%89tica-del-PJO.jpg&amp;q=90&amp;w=160&amp;h=106&amp;zc=1\" alt=\"Se instala Comisi\u00f3n de \u00c9tica en el Poder Judicial de Oaxaca\" \/><\/a><\/p>\n<p>La Comisi\u00f3n de \u00c9tica est\u00e1 conformada por consejeros de la judicatura y magistrados de los diferentes tribunales La Comisi\u00f3n de \u00c9tica, recientemente instalada en el Poder Judicial del Estado, permitir\u00e1 dar certeza, seguridad y confianza en el correcto funcionamiento de las actividades jurisdiccionales y administrativas, adem\u00e1s de que contribuir\u00e1 al fortalecimiento de una conducta ejemplar [&#8230;]<\/p>\n<p>August 11, 2014<\/p>\n<\/div>\n<div id=\"post-30671\">\n<p><a title=\"Permalink to Derechos Humanos y diversidad de las personas ind\u00edgenas\" href=\"http:\/\/www.eloriente.net\/home\/2014\/08\/08\/derechos-humanos-y-diversidad-de-las-personas-indigenas\/\" rel=\"bookmark\">Derechos Humanos y diversidad de las personas ind\u00edgenas<\/a><\/p>\n<p><a href=\"http:\/\/www.eloriente.net\/home\/2014\/08\/08\/derechos-humanos-y-diversidad-de-las-personas-indigenas\/\" rel=\"bookmark\"><img decoding=\"async\" title=\"Derechos Humanos y diversidad de las personas ind\u00edgenas\" src=\"http:\/\/www.eloriente.net\/home\/wp-content\/themes\/city-desk\/timthumb.php?src=http%3A%2F%2Fwww.eloriente.net%2Fhome%2Fwp-content%2Fuploads%2F2014%2F08%2FPresidente-de-la-Comisi%C3%B3n-de-vigilancia-del-CJO-Jos%C3%A9-Luis-Reyes-Hern%C3%A1ndez.jpg&amp;q=90&amp;w=160&amp;h=106&amp;zc=1\" alt=\"Derechos Humanos y diversidad de las personas ind\u00edgenas\" \/><\/a><\/p>\n<p>eloriente.net 8\/agosto\/2014 El consejero de la Judicatura, magistrado Jos\u00e9 Luis Reyes Hern\u00e1ndez, asegur\u00f3 que el Poder Judicial se fortalece para ofrecer un juicio consciente de la diversidad Garantizar la pr\u00e1ctica y pleno respeto a los derechos humanos de las personas que pertenecen a los pueblos ind\u00edgenas representa un desaf\u00edo para los servidores p\u00fablicos del Poder [&#8230;]<\/p>\n<p>August 8, 2014<\/p>\n<\/div>\n\n\t\t\t  <div \n\t\t\t  \tclass = \"fb-comments\" \n\t\t\t  \tdata-href = \"http:\/\/www.eloriente.net\/home\/2014\/08\/14\/acercamiento-entre-tribunal-de-fiscalizacion-y-autoridades-municipales\/\"\n\t\t\t  \tdata-numposts = \"10\"\n\t\t\t\tdata-colorscheme = \"dark\"\n\t\t\t\tdata-order-by = \"social\"\n\t\t\t\tdata-mobile=true>\n\t\t\t  <\/div>\n\t\t  <style>\n\t\t\t.fb_iframe_widget_fluid_desktop iframe {\n\t\t\t    width: 100% !important;\n\t\t\t}\n\t\t  <\/style>\n\t\t  ","protected":false},"excerpt":{"rendered":"<p>eloriente.net 14\/agosto\/2014 El magistrado presidente, Cris\u00f3gono Tom\u00e1s Quiroz Robles\u00a0se reuni\u00f3 recientemente con autoridades de San Pedro Tidaa, Nochixtl\u00e1n Con la finalidad fomentar la cultura de la legalidad, transparencia y rendici\u00f3n de cuentas as\u00ed como informar sobre las funciones del Tribunal de Fiscalizaci\u00f3n, este \u00f3rgano colegiado lleva a cabo un acercamiento con las autoridades municipales de [&hellip;]<\/p>\n","protected":false},"author":1,"featured_media":30947,"comment_status":"open","ping_status":"open","sticky":false,"template":"","format":"standard","meta":{"_jetpack_memberships_contains_paid_content":false,"footnotes":""},"categories":[1588,91,32,10,23],"tags":[1869,2297],"class_list":["post-30946","post","type-post","status-publish","format-standard","has-post-thumbnail","hentry","category-comunicados-y-boletines","category-congreso-y-justicia","category-entradas","category-lo-mas-reciente","category-municipios","tag-legalidad","tag-tribunal-de-fiscalizacion"],"jetpack_featured_media_url":"http:\/\/www.eloriente.net\/home\/wp-content\/uploads\/2014\/08\/Presidente-del-Tribunal-fiscalizaci\u00f3n-reunido-con-autoridades-municipales.jpg","jetpack_sharing_enabled":true,"_links":{"self":[{"href":"http:\/\/www.eloriente.net\/home\/wp-json\/wp\/v2\/posts\/30946"}],"collection":[{"href":"http:\/\/www.eloriente.net\/home\/wp-json\/wp\/v2\/posts"}],"about":[{"href":"http:\/\/www.eloriente.net\/home\/wp-json\/wp\/v2\/types\/post"}],"author":[{"embeddable":true,"href":"http:\/\/www.eloriente.net\/home\/wp-json\/wp\/v2\/users\/1"}],"replies":[{"embeddable":true,"href":"http:\/\/www.eloriente.net\/home\/wp-json\/wp\/v2\/comments?post=30946"}],"version-history":[{"count":4,"href":"http:\/\/www.eloriente.net\/home\/wp-json\/wp\/v2\/posts\/30946\/revisions"}],"predecessor-version":[{"id":30950,"href":"http:\/\/www.eloriente.net\/home\/wp-json\/wp\/v2\/posts\/30946\/revisions\/30950"}],"wp:featuredmedia":[{"embeddable":true,"href":"http:\/\/www.eloriente.net\/home\/wp-json\/wp\/v2\/media\/30947"}],"wp:attachment":[{"href":"http:\/\/www.eloriente.net\/home\/wp-json\/wp\/v2\/media?parent=30946"}],"wp:term":[{"taxonomy":"category","embeddable":true,"href":"http:\/\/www.eloriente.net\/home\/wp-json\/wp\/v2\/categories?post=30946"},{"taxonomy":"post_tag","embeddable":true,"href":"http:\/\/www.eloriente.net\/home\/wp-json\/wp\/v2\/tags?post=30946"}],"curies":[{"name":"wp","href":"https:\/\/api.w.org\/{rel}","templated":true}]}}