{"id":30952,"date":"2014-08-14T09:06:29","date_gmt":"2014-08-14T15:06:29","guid":{"rendered":"http:\/\/www.eloriente.net\/home\/?p=30952"},"modified":"2014-08-14T09:13:50","modified_gmt":"2014-08-14T15:13:50","slug":"inicia-ciclo-escolar-en-la-facultad-de-derecho-de-la-uabjo","status":"publish","type":"post","link":"http:\/\/www.eloriente.net\/home\/2014\/08\/14\/inicia-ciclo-escolar-en-la-facultad-de-derecho-de-la-uabjo\/","title":{"rendered":"Inicia ciclo escolar en la Facultad de Derecho de la UABJO"},"content":{"rendered":"<p>eloriente.net<\/p>\n<p>14\/agosto\/2014<\/p>\n<p>Cientos de estudiantes de la Licenciatura en Derecho y Ciencias Sociales de la Universidad Aut\u00f3noma \u201cBenito Ju\u00e1rez (UABJO), iniciaron sus clases correspondientes al\u00a0 presente ciclo escolar 2014-2015.<\/p>\n<p>En un acto protocolario celebrado en las instalaciones de la Facultad en Ciudad Universitaria, el director de la instituci\u00f3n, Reynel V\u00e1squez Z\u00e1rate dio la bienvenida a los alumnos que iniciaron nuevamente sus estudios.<\/p>\n<p>En su discurso, el funcionario refiri\u00f3 que los j\u00f3venes pasan a formar parte de una Facultad hist\u00f3rica, que ha formado a miles de profesionistas, as\u00ed como a hombres ilustres en la historia de M\u00e9xico, por lo tanto\u00a0 les invit\u00f3 a\u00a0 aprovechar al m\u00e1ximo las c\u00e1tedras de los docentes y as\u00ed llegar a las metas propuestas.<\/p>\n<p>Cabe mencionar que se trata de una Licenciatura que ha alcanzado los niveles de calidad establecidos por los Comit\u00e9s Interinstitucionales para la Evaluaci\u00f3n de la Educaci\u00f3n Superior (CIEES) y ha obtenido la Acreditaci\u00f3n que garantiza el compromiso social y educativo que se cumple cabalmente en las aulas.<\/p>\n<p>De tal manera que d\u00eda con d\u00eda se trabaja en la formaci\u00f3n integral de los futuros abogados de la entidad, fomentando los m\u00e1s altos valores universitarios, as\u00ed como tambi\u00e9n brinda las herramientas suficientes para un desempe\u00f1o profesional \u00e9tico.<\/p>\n<p>Los estudiantes inician este proceso de formaci\u00f3n que les permitir\u00e1 prepararse como juristas \u00e9ticos, de tal modo que no solo se limitaran a ser conocedores del derecho, sino que tendr\u00e1n como base de su estructura grandes valores universitarios, determinando el respeto y el reconocimiento de la sociedad, enmarcado en la acreditaci\u00f3n que orgullosamente posee la instituci\u00f3n.<\/p>\n<p>As\u00ed la Universidad demuestra que \u00a0est\u00e1 acorde con las mejores del mundo, demostrado en los est\u00e1ndares de calidad aplicados, basados en esquemas internacionales que han otorgado la acreditaci\u00f3n.<\/p>\n<p>En este sentido, V\u00e1squez Z\u00e1rate, coincidi\u00f3 en que dicho proceso, no se queda en un acto protocolario, sino m\u00e1s bien, crea muchas responsabilidades, m\u00e1s aun cuando se viven tiempos vertiginosos ante la globalizaci\u00f3n y el mundo jur\u00eddico de hoy y del ma\u00f1ana ser\u00e1n distintos y tendr\u00e1n que transformarse.<\/p>\n<div id='gallery-1' class='gallery galleryid-30952 gallery-columns-3 gallery-size-thumbnail'><figure class='gallery-item'>\n\t\t\t<div class='gallery-icon landscape'>\n\t\t\t\t<a href='http:\/\/www.eloriente.net\/home\/wp-content\/uploads\/2014\/08\/131.jpg'><img loading=\"lazy\" decoding=\"async\" width=\"150\" height=\"150\" src=\"http:\/\/www.eloriente.net\/home\/wp-content\/uploads\/2014\/08\/131-150x150.jpg\" class=\"attachment-thumbnail size-thumbnail\" alt=\"\" srcset=\"http:\/\/www.eloriente.net\/home\/wp-content\/uploads\/2014\/08\/131-150x150.jpg 150w, http:\/\/www.eloriente.net\/home\/wp-content\/uploads\/2014\/08\/131-50x50.jpg 50w\" sizes=\"(max-width: 150px) 100vw, 150px\" \/><\/a>\n\t\t\t<\/div><\/figure><figure class='gallery-item'>\n\t\t\t<div class='gallery-icon landscape'>\n\t\t\t\t<a href='http:\/\/www.eloriente.net\/home\/wp-content\/uploads\/2014\/08\/132.jpg'><img loading=\"lazy\" decoding=\"async\" width=\"150\" height=\"150\" src=\"http:\/\/www.eloriente.net\/home\/wp-content\/uploads\/2014\/08\/132-150x150.jpg\" class=\"attachment-thumbnail size-thumbnail\" alt=\"\" srcset=\"http:\/\/www.eloriente.net\/home\/wp-content\/uploads\/2014\/08\/132-150x150.jpg 150w, http:\/\/www.eloriente.net\/home\/wp-content\/uploads\/2014\/08\/132-50x50.jpg 50w\" sizes=\"(max-width: 150px) 100vw, 150px\" \/><\/a>\n\t\t\t<\/div><\/figure><figure class='gallery-item'>\n\t\t\t<div class='gallery-icon landscape'>\n\t\t\t\t<a href='http:\/\/www.eloriente.net\/home\/wp-content\/uploads\/2014\/08\/13.jpg'><img loading=\"lazy\" decoding=\"async\" width=\"150\" height=\"150\" src=\"http:\/\/www.eloriente.net\/home\/wp-content\/uploads\/2014\/08\/13-150x150.jpg\" class=\"attachment-thumbnail size-thumbnail\" alt=\"\" srcset=\"http:\/\/www.eloriente.net\/home\/wp-content\/uploads\/2014\/08\/13-150x150.jpg 150w, http:\/\/www.eloriente.net\/home\/wp-content\/uploads\/2014\/08\/13-50x50.jpg 50w\" sizes=\"(max-width: 150px) 100vw, 150px\" \/><\/a>\n\t\t\t<\/div><\/figure>\n\t\t<\/div>\n\n<p>Fotos: UABJO<\/p>\n<p>Entradas relacionadas:<\/p>\n<p><a title=\"Permalink to Resumen de la actividad econ\u00f3mica en la Zona Metropolitana de Oaxaca\" href=\"http:\/\/www.eloriente.net\/home\/2014\/08\/13\/30874\/\" rel=\"bookmark\">Resumen de la actividad econ\u00f3mica en la Zona Metropolitana de Oaxaca<\/a><\/p>\n<p><a href=\"http:\/\/www.eloriente.net\/home\/2014\/08\/13\/30874\/\" rel=\"bookmark\"><img decoding=\"async\" title=\"Resumen de la actividad econ\u00f3mica en la Zona Metropolitana de Oaxaca\" src=\"http:\/\/www.eloriente.net\/home\/wp-content\/themes\/city-desk\/timthumb.php?src=http%3A%2F%2Fwww.eloriente.net%2Fhome%2Fwp-content%2Fuploads%2F2014%2F08%2FSanto-Domingo.jpg&amp;q=90&amp;w=160&amp;h=106&amp;zc=1\" alt=\"Resumen de la actividad econ\u00f3mica en la Zona Metropolitana de Oaxaca\" \/><\/a><\/p>\n<p>eloriente.net 13\/agosto\/2014 La semana pasada, te presentamos los Indicadores Regionales de Actividad Econ\u00f3mica 2014, presentado por el Departamento de Estudios Econ\u00f3micos de Banamex en marzo de este a\u00f1o.\u00a0El documento recopila datos y estad\u00edsticas de la actividad econ\u00f3mica de todo el pa\u00eds y permite observar y comparar el desarrollo entre las diversas entidades federativas que conforman [&#8230;]<\/p>\n<p>August 13, 2014<\/p>\n<div id=\"post-30863\">\n<p><a title=\"Permalink to Firman acuerdo de colaboraci\u00f3n UABJO y Universidad del Distrito de Columbia\" href=\"http:\/\/www.eloriente.net\/home\/2014\/08\/12\/firman-acuerdo-de-colaboracion-uabjo-y-universidad-del-distrito-de-columbia\/\" rel=\"bookmark\">Firman acuerdo de colaboraci\u00f3n UABJO y Universidad del Distrito de Columbia<\/a><\/p>\n<p><a href=\"http:\/\/www.eloriente.net\/home\/2014\/08\/12\/firman-acuerdo-de-colaboracion-uabjo-y-universidad-del-distrito-de-columbia\/\" rel=\"bookmark\"><img decoding=\"async\" title=\"Firman acuerdo de colaboraci\u00f3n UABJO y Universidad del Distrito de Columbia\" src=\"http:\/\/www.eloriente.net\/home\/wp-content\/themes\/city-desk\/timthumb.php?src=http%3A%2F%2Fwww.eloriente.net%2Fhome%2Fwp-content%2Fuploads%2F2014%2F08%2F11.jpg&amp;q=90&amp;w=160&amp;h=106&amp;zc=1\" alt=\"Firman acuerdo de colaboraci\u00f3n UABJO y Universidad del Distrito de Columbia\" \/><\/a><\/p>\n<p>eloriente.net 12\/agosto\/2014 Como parte de los compromisos establecidos por la presente administraci\u00f3n, encabezada por el Rector Eduardo Mart\u00ednez Helmes, la Universidad Aut\u00f3noma \u201cBenito Ju\u00e1rez\u201d de Oaxaca (UABJO) firm\u00f3 un convenio de colaboraci\u00f3n con la Universidad del Distrito de Columbia (UDC) a fin de promover la cooperaci\u00f3n y colaboraci\u00f3n de ambas instituciones en beneficio de sus [&#8230;]<\/p>\n<p>August 12, 2014<\/p>\n<\/div>\n<div id=\"post-30675\">\n<p><a title=\"Permalink to La UABJO contin\u00faa su labor en la Mixteca\" href=\"http:\/\/www.eloriente.net\/home\/2014\/08\/08\/la-uabjo-continua-su-labor-en-la-mixteca\/\" rel=\"bookmark\">La UABJO contin\u00faa su labor en la Mixteca<\/a><\/p>\n<p><a href=\"http:\/\/www.eloriente.net\/home\/2014\/08\/08\/la-uabjo-continua-su-labor-en-la-mixteca\/\" rel=\"bookmark\"><img decoding=\"async\" title=\"La UABJO contin\u00faa su labor en la Mixteca\" src=\"http:\/\/www.eloriente.net\/home\/wp-content\/themes\/city-desk\/timthumb.php?src=http%3A%2F%2Fwww.eloriente.net%2Fhome%2Fwp-content%2Fuploads%2F2014%2F08%2F07.jpg&amp;q=90&amp;w=160&amp;h=106&amp;zc=1\" alt=\"La UABJO contin\u00faa su labor en la Mixteca\" \/><\/a><\/p>\n<p>eloriente.net 8\/agosto\/2014 Egresan cientos de j\u00f3venes de la Preparatoria n\u00famero 3 ya listos para continuar con su formaci\u00f3n acad\u00e9mica La Universidad Aut\u00f3noma \u201cBenito Ju\u00e1rez\u201d de Oaxaca (UABJO) como una\u00a0 comunidad cient\u00edfica, aut\u00f3noma, comprometida con el desarrollo del conocimiento y su transmisi\u00f3n, al ser social, publica, profesionalizante, plural y democr\u00e1tica, bajo este concepto ha entregado una [&#8230;]<\/p>\n<p>August 8, 2014<\/p>\n<\/div>\n\n\t\t\t  <div \n\t\t\t  \tclass = \"fb-comments\" \n\t\t\t  \tdata-href = \"http:\/\/www.eloriente.net\/home\/2014\/08\/14\/inicia-ciclo-escolar-en-la-facultad-de-derecho-de-la-uabjo\/\"\n\t\t\t  \tdata-numposts = \"10\"\n\t\t\t\tdata-colorscheme = \"dark\"\n\t\t\t\tdata-order-by = \"social\"\n\t\t\t\tdata-mobile=true>\n\t\t\t  <\/div>\n\t\t  <style>\n\t\t\t.fb_iframe_widget_fluid_desktop iframe {\n\t\t\t    width: 100% !important;\n\t\t\t}\n\t\t  <\/style>\n\t\t  ","protected":false},"excerpt":{"rendered":"<p>eloriente.net 14\/agosto\/2014 Cientos de estudiantes de la Licenciatura en Derecho y Ciencias Sociales de la Universidad Aut\u00f3noma \u201cBenito Ju\u00e1rez (UABJO), iniciaron sus clases correspondientes al\u00a0 presente ciclo escolar 2014-2015. En un acto protocolario celebrado en las instalaciones de la Facultad en Ciudad Universitaria, el director de la instituci\u00f3n, Reynel V\u00e1squez Z\u00e1rate dio la bienvenida a [&hellip;]<\/p>\n","protected":false},"author":1,"featured_media":30953,"comment_status":"open","ping_status":"open","sticky":false,"template":"","format":"standard","meta":{"_jetpack_memberships_contains_paid_content":false,"footnotes":""},"categories":[29,1588,18,32,10,464,84],"tags":[706,1029,2298,182],"class_list":["post-30952","post","type-post","status-publish","format-standard","has-post-thumbnail","hentry","category-capital","category-comunicados-y-boletines","category-educacion-y-cultura","category-entradas","category-lo-mas-reciente","category-oaxaca-estados","category-universidades","tag-alumnos","tag-clases","tag-facultad-de-derecho","tag-uabjo"],"jetpack_featured_media_url":"http:\/\/www.eloriente.net\/home\/wp-content\/uploads\/2014\/08\/131.jpg","jetpack_sharing_enabled":true,"_links":{"self":[{"href":"http:\/\/www.eloriente.net\/home\/wp-json\/wp\/v2\/posts\/30952"}],"collection":[{"href":"http:\/\/www.eloriente.net\/home\/wp-json\/wp\/v2\/posts"}],"about":[{"href":"http:\/\/www.eloriente.net\/home\/wp-json\/wp\/v2\/types\/post"}],"author":[{"embeddable":true,"href":"http:\/\/www.eloriente.net\/home\/wp-json\/wp\/v2\/users\/1"}],"replies":[{"embeddable":true,"href":"http:\/\/www.eloriente.net\/home\/wp-json\/wp\/v2\/comments?post=30952"}],"version-history":[{"count":4,"href":"http:\/\/www.eloriente.net\/home\/wp-json\/wp\/v2\/posts\/30952\/revisions"}],"predecessor-version":[{"id":30959,"href":"http:\/\/www.eloriente.net\/home\/wp-json\/wp\/v2\/posts\/30952\/revisions\/30959"}],"wp:featuredmedia":[{"embeddable":true,"href":"http:\/\/www.eloriente.net\/home\/wp-json\/wp\/v2\/media\/30953"}],"wp:attachment":[{"href":"http:\/\/www.eloriente.net\/home\/wp-json\/wp\/v2\/media?parent=30952"}],"wp:term":[{"taxonomy":"category","embeddable":true,"href":"http:\/\/www.eloriente.net\/home\/wp-json\/wp\/v2\/categories?post=30952"},{"taxonomy":"post_tag","embeddable":true,"href":"http:\/\/www.eloriente.net\/home\/wp-json\/wp\/v2\/tags?post=30952"}],"curies":[{"name":"wp","href":"https:\/\/api.w.org\/{rel}","templated":true}]}}