{"id":30970,"date":"2014-08-15T01:01:58","date_gmt":"2014-08-15T07:01:58","guid":{"rendered":"http:\/\/www.eloriente.net\/home\/?p=30970"},"modified":"2021-05-18T18:45:27","modified_gmt":"2021-05-19T00:45:27","slug":"la-historia-detras-de-la-cancion-sabor-a-mi-de-alvaro-carrillo-2","status":"publish","type":"post","link":"http:\/\/www.eloriente.net\/home\/2014\/08\/15\/la-historia-detras-de-la-cancion-sabor-a-mi-de-alvaro-carrillo-2\/","title":{"rendered":"La historia detr\u00e1s de la canci\u00f3n: \u00abSabor a M\u00ed\u00bb de \u00c1lvaro Carrillo"},"content":{"rendered":"<p><center><script async src=\"https:\/\/pagead2.googlesyndication.com\/pagead\/js\/adsbygoogle.js\"><\/script><br \/>\n<!-- BANNER ELORIENTE INCRUSTADO NOTAS --><br \/>\n<ins class=\"adsbygoogle\" style=\"display: inline-block; width: 300px; height: 250px;\" data-ad-client=\"ca-pub-1136171134853753\" data-ad-slot=\"7974633627\"><\/ins><br \/>\n<script>\n     (adsbygoogle = window.adsbygoogle || []).push({});\n<\/script><center>\u00a0<\/center><\/center>eloriente.net<\/p>\n<p>15\/agosto\/2014<\/p>\n<p>\u00c1lvaro Carrillo es un hombre que no necesita presentaci\u00f3n. Y en caso de requerirla, su carta fuerte es sin duda la canci\u00f3n \u00abSabor a m\u00ed\u00bb. El tema fue registrado el 11 de julio de 1958 ante la Promotora Hispano Americana de M\u00fasica (PHAM) y grabada a mediados de 1959.<\/p>\n<p>Desde entonces, \u00abSabor a m\u00ed\u00bb no solo es un referente de la m\u00fasica de Carrillo, es un \u00edcono cultural universal que ha sido cantado en espa\u00f1ol, ingl\u00e9s, franc\u00e9s, japon\u00e9s, alem\u00e1n, mandar\u00edn, portugu\u00e9s, ruso, italiano, zapoteco. Lo mismo por el Maestro \u00c1lvaro Carrillo evidentemente, pasando por Bebo Vald\u00e9s, P\u00e9rez Prado, Isabel Pantoja, Lilla Downs e incluso existe una versi\u00f3n de Charles Manson, s\u00ed el asesino serial. Por esto y m\u00e1s, sus grabaciones y copias vendidas, deben ser contadas en millones.<\/p>\n<p>Es el propio Mario Carrillo, hijo del compositor oaxaque\u00f1o, quien nos comparte la historia del tema, gracias al recuerdo de su t\u00eda Guadalupe Inch\u00e1ustegui Guzm\u00e1n, hermana de su madre:<\/p>\n<blockquote>\n<blockquote class=\"td_quote_box td_box_center\">\n<blockquote class=\"td_pull_quote td_pull_center\"><p><em>\u00abFue en diciembre de ese a\u00f1o, 1957, cuando en la cena de Navidad, ya estando comprometidos, mi padre tomaba whisky y entre trago y trago le depositaba un beso a mi mam\u00e1. Mi madre, como casi toda mujer, le empez\u00f3 a reclamar que estaba tomando mucho, sugiriendo que dejara de hacerlo. Pero mi padre hac\u00eda \u201cmutis\u201d para servirse otro whisky y as\u00ed, sorbo tras sorbo y beso tras beso, los reclamos se hicieron rutina. En una de esas, cuenta mi t\u00eda, que mi mam\u00e1 le dijo a \u00c1lvaro Carrillo que de tanto beso ya la estaba emborrachando, que ella sin tomar nada ya ten\u00eda en la boca el sabor a whisky. Mi padre, tras una breve pausa, revir\u00f3 y le dijo: \u201clo que tienes en la boca no es sabor a whisky es\u2026 sabor a m\u00ed\u201d. Ambos, c\u00f3mplices de la poes\u00eda, entendieron en ese momento que la frase suscitada de ese reclamo era una sentencia po\u00e9tica que deber\u00eda convertirse en canci\u00f3n. Mi madre la anot\u00f3 como tarea para mi padre y, rompiendo su sobriedad, tom\u00f3 un trago del vaso de mi pap\u00e1 y brindaron por el que ser\u00eda, probablemente, el \u00e9xito m\u00e1s grande que \u00c1lvaro Carrillo haya compuesto\u00bb.<\/em><\/p><\/blockquote>\n<\/blockquote>\n<\/blockquote>\n<h3><script async src=\"https:\/\/pagead2.googlesyndication.com\/pagead\/js\/adsbygoogle.js\"><\/script><br \/>\n<ins class=\"adsbygoogle\" style=\"display: block; text-align: center;\" data-ad-layout=\"in-article\" data-ad-format=\"fluid\" data-ad-client=\"ca-pub-1136171134853753\" data-ad-slot=\"5545504441\"><\/ins><br \/>\n<script>\n     (adsbygoogle = window.adsbygoogle || []).push({});\n<\/script>Letra de Sabor a m\u00ed:<\/h3>\n<p><em>Tanto tiempo disfrutamos, de \u00e9ste amor<\/em><br \/>\n<em>nuestra almas se acercaron, tanto as\u00ed<\/em><br \/>\n<em>que yo guardo tu sabor<\/em><br \/>\n<em>pero t\u00fa llevas tambi\u00e9n&#8230; sabor a m\u00ed<\/em><\/p>\n<p><em>Si negaras mi presencia en tu vivir<\/em><br \/>\n<em>bastar\u00eda con abrazarte y conversar<\/em><br \/>\n<em>tanta vida yo te di<\/em><br \/>\n<em>que por fuerza llevas ya&#8230; sabor a m\u00ed<\/em><\/p>\n<p><em>No pretendo ser tu due\u00f1o<\/em><br \/>\n<em>no soy nada yo no tengo vanidad<\/em><br \/>\n<em>de mi vida, doy lo bueno<\/em><br \/>\n<em>yo tan pobre, qu\u00e9 otra cosa puedo dar<\/em><\/p>\n<p><em>Pasar\u00e1n m\u00e1s de mil a\u00f1os, muchos m\u00e1s<\/em><br \/>\n<em>yo no s\u00e9 si tenga amor la eternidad<\/em><br \/>\n<em>pero all\u00e1 tal como aqu\u00ed<\/em><br \/>\n<em>en la boca llevar\u00e1s&#8230; sabor a m\u00ed<\/em><\/p>\n<p><a href=\"http:\/\/www.eloriente.net\/home\/wp-content\/uploads\/2014\/08\/524e3aa478873ffc049356ac.jpg\"><img loading=\"lazy\" decoding=\"async\" class=\"alignnone size-medium wp-image-30964\" title=\"\u00c1lvaro Carrillo\" src=\"http:\/\/www.eloriente.net\/home\/wp-content\/uploads\/2014\/08\/524e3aa478873ffc049356ac-300x166.jpg\" alt=\"\" width=\"300\" height=\"166\" srcset=\"http:\/\/www.eloriente.net\/home\/wp-content\/uploads\/2014\/08\/524e3aa478873ffc049356ac-300x166.jpg 300w, http:\/\/www.eloriente.net\/home\/wp-content\/uploads\/2014\/08\/524e3aa478873ffc049356ac.jpg 900w\" sizes=\"(max-width: 300px) 100vw, 300px\" \/><\/a><\/p>\n<p>Foto: impacto.mx<\/p>\n<p><iframe loading=\"lazy\" src=\"\/\/www.youtube.com\/embed\/_MGhcaT1HSM\" width=\"560\" height=\"315\" frameborder=\"0\"><\/iframe><\/p>\n<p>Video: Youtube (v\u00eda\u00a0<a dir=\"ltr\" href=\"http:\/\/www.youtube.com\/channel\/UC3kmYxtSqh1Jub-GenX4lAQ\" data-sessionlink=\"ei=8uXsU73wHsKBrAao0IL4Bw&amp;feature=watch\" data-ytid=\"UC3kmYxtSqh1Jub-GenX4lAQ\" data-name=\"watch\">Ra\u00fal Eduardo Canseco Curiel<\/a>)<\/p>\n<p>Entradas relacionadas:<\/p>\n<p><a title=\"Permalink to El sonido raizoso de Mar\u00eda Moctezuma en Oaxaca\" href=\"http:\/\/www.eloriente.net\/home\/2014\/08\/10\/el-sonido-raizoso-de-maria-moctezuma-en-oaxaca\/\" rel=\"bookmark\">El sonido raizoso de Mar\u00eda Moctezuma en Oaxaca<\/a><\/p>\n<p><a href=\"http:\/\/www.eloriente.net\/home\/2014\/08\/10\/el-sonido-raizoso-de-maria-moctezuma-en-oaxaca\/\" rel=\"bookmark\"><img decoding=\"async\" title=\"El sonido raizoso de Mar\u00eda Moctezuma en Oaxaca\" src=\"http:\/\/www.eloriente.net\/home\/wp-content\/themes\/city-desk\/timthumb.php?src=http%3A%2F%2Fwww.eloriente.net%2Fhome%2Fwp-content%2Fuploads%2F2014%2F08%2FIMG_8288-700x466.jpg&amp;q=90&amp;w=160&amp;h=106&amp;zc=1\" alt=\"El sonido raizoso de Mar\u00eda Moctezuma en Oaxaca\" \/><\/a><\/p>\n<p>eloriente.net 10\/agosto\/2014 Invitada del lujo el martes pasado en el programa Todo Oaxaca Radio, la cantautora tabasque\u00f1a Mar\u00eda Moctezuma se present\u00f3 el viernes por la noche en el Colectivo Tutuma, como parte de su gira \u201cTierra Animal 2014\u2033 que incluye un recorrido por varias ciudades del pa\u00eds. Creadora del Sonido Raizoso, una fusi\u00f3n de ritmos [&#8230;]<\/p>\n<p>August 10, 2014<\/p>\n<div id=\"post-30656\">\n<p><a title=\"Permalink to La historia detr\u00e1s de la canci\u00f3n \u201cJueves\u201d de La Oreja de Van Gogh\" href=\"http:\/\/www.eloriente.net\/home\/2014\/08\/08\/la-historia-detras-de-la-cancion-jueves-de-la-oreja-de-van-gogh\/\" rel=\"bookmark\">La historia detr\u00e1s de la canci\u00f3n \u201cJueves\u201d de La Oreja de Van Gogh<\/a><\/p>\n<p><a href=\"http:\/\/www.eloriente.net\/home\/2014\/08\/08\/la-historia-detras-de-la-cancion-jueves-de-la-oreja-de-van-gogh\/\" rel=\"bookmark\"><img decoding=\"async\" title=\"La historia detr\u00e1s de la canci\u00f3n \u201cJueves\u201d de La Oreja de Van Gogh\" src=\"http:\/\/www.eloriente.net\/home\/wp-content\/themes\/city-desk\/timthumb.php?src=http%3A%2F%2Fwww.eloriente.net%2Fhome%2Fwp-content%2Fuploads%2F2014%2F08%2F4052669716_eb82f6c4da.jpg&amp;q=90&amp;w=160&amp;h=106&amp;zc=1\" alt=\"La historia detr\u00e1s de la canci\u00f3n \u201cJueves\u201d de La Oreja de Van Gogh\" \/><\/a><\/p>\n<p>eloriente.net 8\/agosto\/2014 Cu\u00e1ntas historias pueden contarse de aquel fat\u00eddico 11 de marzo y cu\u00e1ntas m\u00e1s quedaron inconclusas\u2026 Jueves, es precisamente una de muchas historias que tuvieron un desenlace abrupto tras los atentados de esa fecha en Madrid, Espa\u00f1a. Dedicada a las v\u00edctimas del terrible acontecimiento e inspirado en los restos del diario de una pasajera, [&#8230;]<\/p>\n<p>August 8, 2014<\/p>\n<\/div>\n<div id=\"post-30395\">\n<p><a title=\"Permalink to Historia detr\u00e1s de la canci\u00f3n: \u201cHurricane\u201d de Bob Dylan\" href=\"http:\/\/www.eloriente.net\/home\/2014\/08\/01\/historia-detras-de-la-cancion-hurricane-de-bob-dylan\/\" rel=\"bookmark\">Historia detr\u00e1s de la canci\u00f3n: \u201cHurricane\u201d de Bob Dylan<\/a><\/p>\n<p><a href=\"http:\/\/www.eloriente.net\/home\/2014\/08\/01\/historia-detras-de-la-cancion-hurricane-de-bob-dylan\/\" rel=\"bookmark\"><img decoding=\"async\" title=\"Historia detr\u00e1s de la canci\u00f3n: \u201cHurricane\u201d de Bob Dylan\" src=\"http:\/\/www.eloriente.net\/home\/wp-content\/themes\/city-desk\/timthumb.php?src=http%3A%2F%2Fwww.eloriente.net%2Fhome%2Fwp-content%2Fuploads%2F2014%2F08%2F3992195_198.jpg&amp;q=90&amp;w=160&amp;h=106&amp;zc=1\" alt=\"Historia detr\u00e1s de la canci\u00f3n: \u201cHurricane\u201d de Bob Dylan\" \/><\/a><\/p>\n<p>eloriente.net 01\/agosto\/2014 Fallecido en abril de 2014, el ex boxeador de peso medio Rubin \u201cHurricane\u201d Carter, es m\u00e1s conocido por su carrera como activista en favor de los derechos humanos que por su desempe\u00f1o en el ring. Acusado de un triple asesinato el 17 de junio de 1966 en el Lafayette Bar and Grill de [&#8230;]<\/p>\n<p>August 1, 2014<\/p>\n<\/div>\n<p><script async src=\"https:\/\/pagead2.googlesyndication.com\/pagead\/js\/adsbygoogle.js\"><\/script><br \/>\n<ins class=\"adsbygoogle\" style=\"display: block;\" data-ad-format=\"autorelaxed\" data-ad-client=\"ca-pub-1136171134853753\" data-ad-slot=\"4595267748\"><\/ins><br \/>\n<script>\n     (adsbygoogle = window.adsbygoogle || []).push({});\n<\/script><\/p>\n\n\t\t\t  <div \n\t\t\t  \tclass = \"fb-comments\" \n\t\t\t  \tdata-href = \"http:\/\/www.eloriente.net\/home\/2014\/08\/15\/la-historia-detras-de-la-cancion-sabor-a-mi-de-alvaro-carrillo-2\/\"\n\t\t\t  \tdata-numposts = \"10\"\n\t\t\t\tdata-colorscheme = \"dark\"\n\t\t\t\tdata-order-by = \"social\"\n\t\t\t\tdata-mobile=true>\n\t\t\t  <\/div>\n\t\t  <style>\n\t\t\t.fb_iframe_widget_fluid_desktop iframe {\n\t\t\t    width: 100% !important;\n\t\t\t}\n\t\t  <\/style>\n\t\t  ","protected":false},"excerpt":{"rendered":"<p>\u00a0eloriente.net 15\/agosto\/2014 \u00c1lvaro Carrillo es un hombre que no necesita presentaci\u00f3n. Y en caso de requerirla, su carta fuerte es sin duda la canci\u00f3n \u00abSabor a m\u00ed\u00bb. El tema fue registrado el 11 de julio de 1958 ante la Promotora Hispano Americana de M\u00fasica (PHAM) y grabada a mediados de 1959. Desde entonces, \u00abSabor a [&hellip;]<\/p>\n","protected":false},"author":1,"featured_media":30964,"comment_status":"open","ping_status":"open","sticky":false,"template":"","format":"standard","meta":{"_jetpack_memberships_contains_paid_content":false,"footnotes":""},"categories":[5,18,32,13,10504,10,83,464],"tags":[2299,11722,2301,2300],"class_list":["post-30970","post","type-post","status-publish","format-standard","has-post-thumbnail","hentry","category-canal-3-musica","category-educacion-y-cultura","category-entradas","category-especiales","category-las-ultimas-12","category-lo-mas-reciente","category-musica-de-oaxaca","category-oaxaca-estados","tag-alvaro-carrillo","tag-historia-sabor-a-mi","tag-la-historia-detras-de-la-cancion","tag-sabor-a-mi"],"jetpack_featured_media_url":"http:\/\/www.eloriente.net\/home\/wp-content\/uploads\/2014\/08\/524e3aa478873ffc049356ac.jpg","jetpack_sharing_enabled":true,"_links":{"self":[{"href":"http:\/\/www.eloriente.net\/home\/wp-json\/wp\/v2\/posts\/30970"}],"collection":[{"href":"http:\/\/www.eloriente.net\/home\/wp-json\/wp\/v2\/posts"}],"about":[{"href":"http:\/\/www.eloriente.net\/home\/wp-json\/wp\/v2\/types\/post"}],"author":[{"embeddable":true,"href":"http:\/\/www.eloriente.net\/home\/wp-json\/wp\/v2\/users\/1"}],"replies":[{"embeddable":true,"href":"http:\/\/www.eloriente.net\/home\/wp-json\/wp\/v2\/comments?post=30970"}],"version-history":[{"count":5,"href":"http:\/\/www.eloriente.net\/home\/wp-json\/wp\/v2\/posts\/30970\/revisions"}],"predecessor-version":[{"id":64466,"href":"http:\/\/www.eloriente.net\/home\/wp-json\/wp\/v2\/posts\/30970\/revisions\/64466"}],"wp:featuredmedia":[{"embeddable":true,"href":"http:\/\/www.eloriente.net\/home\/wp-json\/wp\/v2\/media\/30964"}],"wp:attachment":[{"href":"http:\/\/www.eloriente.net\/home\/wp-json\/wp\/v2\/media?parent=30970"}],"wp:term":[{"taxonomy":"category","embeddable":true,"href":"http:\/\/www.eloriente.net\/home\/wp-json\/wp\/v2\/categories?post=30970"},{"taxonomy":"post_tag","embeddable":true,"href":"http:\/\/www.eloriente.net\/home\/wp-json\/wp\/v2\/tags?post=30970"}],"curies":[{"name":"wp","href":"https:\/\/api.w.org\/{rel}","templated":true}]}}