{"id":31104,"date":"2014-08-16T16:58:05","date_gmt":"2014-08-16T22:58:05","guid":{"rendered":"http:\/\/www.eloriente.net\/home\/?p=31104"},"modified":"2014-08-16T16:58:05","modified_gmt":"2014-08-16T22:58:05","slug":"aqui-los-mejor-evaluados-en-examen-ine-para-consejeros","status":"publish","type":"post","link":"http:\/\/www.eloriente.net\/home\/2014\/08\/16\/aqui-los-mejor-evaluados-en-examen-ine-para-consejeros\/","title":{"rendered":"Aqu\u00ed los mejor evaluados en examen INE para Consejeros"},"content":{"rendered":"<p>eloriente.net\/INE<\/p>\n<p>16 de agosto de 2014<\/p>\n<p><a href=\"http:\/\/www.eloriente.net\/home\/wp-content\/uploads\/2014\/08\/Captura-de-pantalla-2014-08-16-a-las-17.44.28.png\"><img loading=\"lazy\" decoding=\"async\" class=\"size-full wp-image-31105 aligncenter\" title=\"Captura de pantalla 2014-08-16 a la(s) 17.44.28\" src=\"http:\/\/www.eloriente.net\/home\/wp-content\/uploads\/2014\/08\/Captura-de-pantalla-2014-08-16-a-las-17.44.28.png\" alt=\"\" width=\"655\" height=\"525\" srcset=\"http:\/\/www.eloriente.net\/home\/wp-content\/uploads\/2014\/08\/Captura-de-pantalla-2014-08-16-a-las-17.44.28.png 655w, http:\/\/www.eloriente.net\/home\/wp-content\/uploads\/2014\/08\/Captura-de-pantalla-2014-08-16-a-las-17.44.28-300x240.png 300w\" sizes=\"(max-width: 655px) 100vw, 655px\" \/><\/a><\/p>\n<p><a href=\"http:\/\/www.eloriente.net\/home\/wp-content\/uploads\/2014\/08\/Captura-de-pantalla-2014-08-16-a-las-17.44.07.png\"><img loading=\"lazy\" decoding=\"async\" class=\"size-full wp-image-31106 aligncenter\" title=\"Captura de pantalla 2014-08-16 a la(s) 17.44.07\" src=\"http:\/\/www.eloriente.net\/home\/wp-content\/uploads\/2014\/08\/Captura-de-pantalla-2014-08-16-a-las-17.44.07.png\" alt=\"\" width=\"696\" height=\"516\" srcset=\"http:\/\/www.eloriente.net\/home\/wp-content\/uploads\/2014\/08\/Captura-de-pantalla-2014-08-16-a-las-17.44.07.png 696w, http:\/\/www.eloriente.net\/home\/wp-content\/uploads\/2014\/08\/Captura-de-pantalla-2014-08-16-a-las-17.44.07-300x222.png 300w\" sizes=\"(max-width: 696px) 100vw, 696px\" \/><\/a><\/p>\n<p>Este d\u00eda, el Instituto Nacional Electoral (INE) dio a conocer los resultados que el Centro Nacional de Evaluaci\u00f3n para la Educaci\u00f3n Superior (Ceneval) le entreg\u00f3, en relaci\u00f3n a los hombres y mujeres mejor evaluados en el examen de conocimientos aplicado el pasado 2 de agosto por 2 mil 951 aspirantes a ocupar el cargo de consejeras y consejeras electorales de los 18 Organismos P\u00fablicos Locales que se encuentran en proceso de integraci\u00f3n y que comenzar\u00e1n a funcionar a finales de septiembre.<\/p>\n<p>Aqu\u00ed en ELORIENTE.NET, compartimos espec\u00edficamente los correspondientes al estado de Oaxaca. Si bien se hab\u00eda dado a conocer que ser\u00edan solo 25 hombres los seleccionados, un empate entre 8 aspirantes aument\u00f3 la lista en n\u00famero a 26.<\/p>\n<p>Hay que recordar que estos resultados fueron entregados al INE en cumplimiento a los plazos establecidos en la convocatoria que en su momento aprob\u00f3 el Consejo General del INE.<\/p>\n<p>Seg\u00fan el propio instituto, en la prueba, \u00abel Ceneval consider\u00f3 la aplicaci\u00f3n de 90 reactivos relacionados tanto con un marco te\u00f3rico normativo, como con los procedimientos electorales\u00bb. Asimismo, conforme a la convocatoria, el pr\u00f3ximo 23 de agosto, los 900 aspirantes que accedieron a la siguiente etapa (incluidos los que aqu\u00ed presentamos) realizar\u00e1n un ensayo sobre diversos temas electorales que ser\u00e1 evaluado por el Instituto de Investigaciones Jur\u00eddicas de la Universidad Nacional Aut\u00f3noma de M\u00e9xico. Al igual que en la primera etapa, su realizaci\u00f3n ser\u00e1 en diversas instituciones de educaci\u00f3n superior de las 18 entidades involucradas en el proceso de selecci\u00f3n.<\/p>\n<p>&nbsp;<\/p>\n<blockquote class=\"twitter-tweet\" lang=\"es\"><p>Consulta aqui la lista de los 25 hombres con las mejores calificaciones en el examen para ser consejero del <a href=\"https:\/\/twitter.com\/IEEPCO\">@IEEPCO<\/a> <a href=\"http:\/\/t.co\/Vrsx1oSt6c\">http:\/\/t.co\/Vrsx1oSt6c<\/a><\/p>\n<p>\u2014 Roberto Heycher (@robertoheycher) <a href=\"https:\/\/twitter.com\/robertoheycher\/statuses\/500731609247911936\">agosto 16, 2014<\/a><\/p><\/blockquote>\n<p>&nbsp;<\/p>\n<p><strong>OTRAS ENTRADAS:<\/strong><\/p>\n<p><a title=\"Permalink to \u00bfPara qu\u00e9 las \u2018otras\u2019 marchas?\" href=\"http:\/\/www.eloriente.net\/home\/2014\/08\/14\/para-que-las-otras-marchas\/\" rel=\"bookmark\">\u00bfPara qu\u00e9 las \u2018otras\u2019 marchas?<\/a><\/p>\n<p><a href=\"http:\/\/www.eloriente.net\/home\/2014\/08\/14\/para-que-las-otras-marchas\/\" rel=\"bookmark\"><img decoding=\"async\" title=\"\u00bfPara qu\u00e9 las \u2018otras\u2019 marchas?\" src=\"http:\/\/www.eloriente.net\/home\/wp-content\/themes\/city-desk\/timthumb.php?src=http%3A%2F%2Fwww.eloriente.net%2Fhome%2Fwp-content%2Fuploads%2F2013%2F12%2Fbandera_blanca.jpg&amp;q=90&amp;w=160&amp;h=106&amp;zc=1\" alt=\"\u00bfPara qu\u00e9 las \u2018otras\u2019 marchas?\" \/><\/a><\/p>\n<p>eloriente.net 14 de agosto de 2014 Dos marchas \u2018no\u2019 magisteriales se avecinan este fin de semana. Una el s\u00e1bado (19:30), convocada por el arzobispo de Oaxaca, Jos\u00e9 Luis Ch\u00e1vez Botello, y denominada Procesi\u00f3n por la Reconciliaci\u00f3n y la Paz Social; y una segunda para el domingo 17, en el Parque El Llano (11:00), convocada por [&#8230;]<\/p>\n<p>August 14, 2014<\/p>\n<div id=\"post-30987\">\n<p><a title=\"Permalink to 25 hombres y 25 mujeres pasar\u00e1n a 4a. etapa para elegir Consejeros: Cardiel\" href=\"http:\/\/www.eloriente.net\/home\/2014\/08\/14\/25-hombres-y-25-mujeres-pasaran-a-4a-etapa-para-elegir-consejeros-cardiel\/\" rel=\"bookmark\">25 hombres y 25 mujeres pasar\u00e1n a 4a. etapa para elegir Consejeros: Cardiel<\/a><\/p>\n<p><a href=\"http:\/\/www.eloriente.net\/home\/2014\/08\/14\/25-hombres-y-25-mujeres-pasaran-a-4a-etapa-para-elegir-consejeros-cardiel\/\" rel=\"bookmark\"><img decoding=\"async\" title=\"25 hombres y 25 mujeres pasar\u00e1n a 4a. etapa para elegir Consejeros: Cardiel\" src=\"http:\/\/www.eloriente.net\/home\/wp-content\/themes\/city-desk\/timthumb.php?src=http%3A%2F%2Fwww.eloriente.net%2Fhome%2Fwp-content%2Fuploads%2F2014%2F08%2FFOT-1.jpg&amp;q=90&amp;w=160&amp;h=106&amp;zc=1\" alt=\"25 hombres y 25 mujeres pasar\u00e1n a 4a. etapa para elegir Consejeros: Cardiel\" \/><\/a>eloriente.net\/INE 14 de agosto de 2014 El resultado de la evaluaci\u00f3n aplicada por el CENEVAL a 151 aspirantes al IEEPCO, depende \u00fanicamente del nivel de dominio del sustentante: RHCS Restan cuatro etapas para seleccionar y designar a un consejero presidente y seis consejeros electorales que integrar\u00e1n el Consejo General del IEEPCO Este 16 de agosto [&#8230;]<\/p>\n<address>August 14, 2014<\/address>\n<\/div>\n<div id=\"post-30952\">\n<p><a title=\"Permalink to Inicia ciclo escolar en la Facultad de Derecho de la UABJO\" href=\"http:\/\/www.eloriente.net\/home\/2014\/08\/14\/inicia-ciclo-escolar-en-la-facultad-de-derecho-de-la-uabjo\/\" rel=\"bookmark\">Inicia ciclo escolar en la Facultad de Derecho de la UABJO<\/a><\/p>\n<p><a href=\"http:\/\/www.eloriente.net\/home\/2014\/08\/14\/inicia-ciclo-escolar-en-la-facultad-de-derecho-de-la-uabjo\/\" rel=\"bookmark\"><img decoding=\"async\" title=\"Inicia ciclo escolar en la Facultad de Derecho de la UABJO\" src=\"http:\/\/www.eloriente.net\/home\/wp-content\/themes\/city-desk\/timthumb.php?src=http%3A%2F%2Fwww.eloriente.net%2Fhome%2Fwp-content%2Fuploads%2F2014%2F08%2F131.jpg&amp;q=90&amp;w=160&amp;h=106&amp;zc=1\" alt=\"Inicia ciclo escolar en la Facultad de Derecho de la UABJO\" \/><\/a>eloriente.net 14\/agosto\/2014 Cientos de estudiantes de la Licenciatura en Derecho y Ciencias Sociales de la Universidad Aut\u00f3noma \u201cBenito Ju\u00e1rez (UABJO), iniciaron sus clases correspondientes al\u00a0 presente ciclo escolar 2014-2015. En un acto protocolario celebrado en las instalaciones de la Facultad en Ciudad Universitaria, el director de la instituci\u00f3n, Reynel V\u00e1squez Z\u00e1rate dio la bienvenida a [&#8230;]<\/p>\n<p>August 14, 2014<\/p>\n<\/div>\n\n\t\t\t  <div \n\t\t\t  \tclass = \"fb-comments\" \n\t\t\t  \tdata-href = \"http:\/\/www.eloriente.net\/home\/2014\/08\/16\/aqui-los-mejor-evaluados-en-examen-ine-para-consejeros\/\"\n\t\t\t  \tdata-numposts = \"10\"\n\t\t\t\tdata-colorscheme = \"dark\"\n\t\t\t\tdata-order-by = \"social\"\n\t\t\t\tdata-mobile=true>\n\t\t\t  <\/div>\n\t\t  <style>\n\t\t\t.fb_iframe_widget_fluid_desktop iframe {\n\t\t\t    width: 100% !important;\n\t\t\t}\n\t\t  <\/style>\n\t\t  ","protected":false},"excerpt":{"rendered":"<p>eloriente.net\/INE 16 de agosto de 2014 Este d\u00eda, el Instituto Nacional Electoral (INE) dio a conocer los resultados que el Centro Nacional de Evaluaci\u00f3n para la Educaci\u00f3n Superior (Ceneval) le entreg\u00f3, en relaci\u00f3n a los hombres y mujeres mejor evaluados en el examen de conocimientos aplicado el pasado 2 de agosto por 2 mil 951 [&hellip;]<\/p>\n","protected":false},"author":1,"featured_media":31105,"comment_status":"open","ping_status":"open","sticky":false,"template":"","format":"standard","meta":{"_jetpack_memberships_contains_paid_content":false,"footnotes":""},"categories":[29,49,71,32,13,63,464,21],"tags":[],"class_list":["post-31104","post","type-post","status-publish","format-standard","has-post-thumbnail","hentry","category-capital","category-destacadas","category-elecciones","category-entradas","category-especiales","category-estados","category-oaxaca-estados","category-politica-y-gobierno"],"jetpack_featured_media_url":"http:\/\/www.eloriente.net\/home\/wp-content\/uploads\/2014\/08\/Captura-de-pantalla-2014-08-16-a-las-17.44.28.png","jetpack_sharing_enabled":true,"_links":{"self":[{"href":"http:\/\/www.eloriente.net\/home\/wp-json\/wp\/v2\/posts\/31104"}],"collection":[{"href":"http:\/\/www.eloriente.net\/home\/wp-json\/wp\/v2\/posts"}],"about":[{"href":"http:\/\/www.eloriente.net\/home\/wp-json\/wp\/v2\/types\/post"}],"author":[{"embeddable":true,"href":"http:\/\/www.eloriente.net\/home\/wp-json\/wp\/v2\/users\/1"}],"replies":[{"embeddable":true,"href":"http:\/\/www.eloriente.net\/home\/wp-json\/wp\/v2\/comments?post=31104"}],"version-history":[{"count":1,"href":"http:\/\/www.eloriente.net\/home\/wp-json\/wp\/v2\/posts\/31104\/revisions"}],"predecessor-version":[{"id":31107,"href":"http:\/\/www.eloriente.net\/home\/wp-json\/wp\/v2\/posts\/31104\/revisions\/31107"}],"wp:featuredmedia":[{"embeddable":true,"href":"http:\/\/www.eloriente.net\/home\/wp-json\/wp\/v2\/media\/31105"}],"wp:attachment":[{"href":"http:\/\/www.eloriente.net\/home\/wp-json\/wp\/v2\/media?parent=31104"}],"wp:term":[{"taxonomy":"category","embeddable":true,"href":"http:\/\/www.eloriente.net\/home\/wp-json\/wp\/v2\/categories?post=31104"},{"taxonomy":"post_tag","embeddable":true,"href":"http:\/\/www.eloriente.net\/home\/wp-json\/wp\/v2\/tags?post=31104"}],"curies":[{"name":"wp","href":"https:\/\/api.w.org\/{rel}","templated":true}]}}