{"id":31151,"date":"2014-08-19T01:00:51","date_gmt":"2014-08-19T07:00:51","guid":{"rendered":"http:\/\/www.eloriente.net\/home\/?p=31151"},"modified":"2014-08-19T12:08:40","modified_gmt":"2014-08-19T18:08:40","slug":"5-vacantes-para-arquitectos-martesdevacantes","status":"publish","type":"post","link":"http:\/\/www.eloriente.net\/home\/2014\/08\/19\/5-vacantes-para-arquitectos-martesdevacantes\/","title":{"rendered":"5 vacantes para arquitectos #MartesdeVacantes"},"content":{"rendered":"<p>eloriente.net<\/p>\n<p>19\/agosto\/2014<\/p>\n<p>Conscientes de la importancia para la ciudadan\u00eda en general de la b\u00fasqueda de nuevas oportunidades de crecimiento profesional, ponemos a tu disposici\u00f3n semanalmente ofertas de empleo disponibles en la ciudad de Oaxaca de Ju\u00e1rez, municipios conurbados y en regiones al interior del estado.<\/p>\n<p>En esta ocasi\u00f3n, ELORIENTE.NET comparte cinco vacantes para arquitectos.<\/p>\n<p><a href=\"http:\/\/www.computrabajo.com.mx\/bt-ofrd-grupogruhl-7148.htm?BqdPalabras=arquitecto\" target=\"_blank\">1. Practicante de Arquitectura<\/a><\/p>\n<p>Grupo Gruhl, empresa constructora, busca estudiante de arquitectura, carrera trunca o pasante, para realizar pr\u00e1cticas profesionales en el \u00e1rea de proyectos, dise\u00f1o estructural, costos y estimaciones de obra, con conocimientos de AUTOCAD, 3DMAXSTUDIO o similares, y paqueter\u00eda de Office.<\/p>\n<p>Requisitos: buena presentaci\u00f3n, sexo indistinto, para laborar en Oaxaca de Ju\u00e1rez, dentro del salario se estipula apoyo por pr\u00e1cticas profesionales y posible contrataci\u00f3n, solicitudes v\u00eda correo electr\u00f3nico al arsanvi@gmail.com en atenci\u00f3n a Luis Santib\u00e1\u00f1ez o al tel\u00e9fono 9511014349.<\/p>\n<p><a href=\"http:\/\/www.computrabajo.com.mx\/bt-ofrd-vickleint-7148.htm?BqdPalabras=arquitecto\" target=\"_blank\">2. Arquitecto con Maestr\u00eda o Especializaci\u00f3n para docencia<\/a><\/p>\n<p>La Universidad de la Costa, con sede en Pinotepa Nacional, solicita Arquitecto\u00a0con Maestr\u00eda o con especializaci\u00f3n para impartir clases en dicho instituto como profesor investigador. Dentro de las actividades, se incluye impartir clases, dar tutor\u00edas, asesor\u00edas as\u00ed como investigaci\u00f3n en el \u00e1rea af\u00edn.<\/p>\n<p>Para iniciar en octubre con duraci\u00f3n m\u00ednima de 6 meses. Los interesados deber\u00e1n enviar curriculum vitae con fotograf\u00eda al correo victor.castillejos@gmail.com en atenci\u00f3n a V\u00edctor Hugo Castillejos Reyes.<\/p>\n<p><a href=\"https:\/\/www.occ.com.mx\/Empleo\/Oferta\/7574895\/SUPERINTENDENTE-DE-MANTENIMIENTO?bdtype=OCCM&amp;tm=14&amp;loc=MX-OAX&amp;q=superintendente+de+mantenimiento&amp;hits=50&amp;page=1&amp;f=true\" target=\"_blank\">3. Superintendente de Mantenimiento<\/a><\/p>\n<p>ICA,\u00a0empresa mexicana con m\u00e1s de 65 a\u00f1os de experiencia en brindar soluciones integrales a retos complejos de infraestructura, solicita Superintendente de Mantenimiento. Requisitos Ing. Civil, Arquitecto, Mec\u00e1nico Electricista (Titulo Indispensable) y Diplomado en Administraci\u00f3n (Deseable). Con experiencia laboral de\u00a05\u00a0a\u00f1os en:\u00a0Ejecuci\u00f3n de trabajos de mantenimiento menor, cuantificaci\u00f3n, avance de obra, control de vol\u00famenes, costos y trabajos de mantenimiento, \u00edndices de mantenimiento, trabajos de conservaci\u00f3n, reglamento de la SCT, estructuras y Puentes, administraci\u00f3n de proyectos, maquinaria y equipo,\u00a0 materiales y personal, mezclas asf\u00e1lticas, precios unitarios.<\/p>\n<p>Con dominio de la paqueter\u00eda\u00a0ERP y Office, ingl\u00e9s intermedio, disponibilidad para viajar y disponibilidad para cambiar de residencia.\u00a0Lugar de Trabajo:\u00a0Mitla \u2013 Oaxaca. Se ofrece sueldo competitivo, prestaciones superiores a la ley y contrataci\u00f3n directa con la empresa (no outsourcing)<\/p>\n<div>Los interesados deber\u00e1n enviar CV al correo <a href=\"https:\/\/www.occ.com.mx\/Empleo\/Contacta_Reclutador\/7574895?bdtype=OCCM&amp;tm=14&amp;q=arquitecto&amp;hits=50&amp;page=1\">rocio.reyes@ica.mx<\/a>\u00a0indicando en el asunto\u00a0Superintendente de Mantenimiento.<\/div>\n<p><a href=\"http:\/\/www.computrabajo.com.mx\/bt-ofrd-qasam2013-21444.htm?BqdPalabras=arquitecto\" target=\"_blank\">4. Arquitecto<\/a><\/p>\n<p>Grupo Constructor QASAM, solicita arquitecto titulado con conocimientos en el \u00e1rea de licitaci\u00f3n. Requisitos indispensables: T\u00cdTULO PROFESIONAL, Integracion de Concursos Estatales y Federales, Analisis de precios unitarios (NEODATA AL 100%), Elaboraci\u00f3n de concursos de obra para dependencias: CFE, SCT, SEDESOL y otros, Elaboraci\u00f3n de Estimaciones e Integraci\u00f3n de Expedientes.<\/p>\n<p>Solicitudes\u00a0por tel\u00e9fono y correo electr\u00f3nico: Arq. Giovanni Rojas Vargas, 951 161 23 11 y constructoraqasam@hotmail.com<\/p>\n<p><a href=\"http:\/\/www.computrabajo.com.mx\/bt-ofrd-aireecologico-50036.htm?BqdPalabras=arquitecto\" target=\"_blank\">5. Supervisor de Mantenimiento<\/a><\/p>\n<p>Aire Ecol\u00f3gico de Oaxaca, empresa del giro de la construcci\u00f3n y aire acondicionado solicita personal para cubrir su plantilla. Puesto: Ing. de Mantenimiento o Supervisor de Mantenimiento, sexo: masculino, entre 25 y 37 a\u00f1os, arquitecto o ingeniero mec\u00e1nico, experiencia m\u00ednima de 1 a\u00f1o en supervisi\u00f3n de obra y labores de mantenimiento preventivo y correctivo.\u00a0Conocimientos y habilidades:\u00a0Supervisi\u00f3n de mantenimiento a edificios, plazas comerciales, remodelaciones, instalaciones el\u00e9ctricas, aire acondicionado, trato con personal t\u00e9cnico, facilidad de palabra, manejo de contratistas.<\/p>\n<p>Actividades:\u00a0Gestionar los recursos necesarios para brindar el mantenimiento a los equipos de aire acondicionado e instalaciones de edificios y plazas comerciales, garantizar su eficiente funcionamiento, establecer planes de acci\u00f3n de mantenimiento de clientes nuevos, apegarse y ejecutar los planes de mantenimiento en los equipos e inmuebles existentes. resolver problemas y analizar las fallas criticas, establecer acciones correctivas, preventivas y predictivas, manejo de personal t\u00e9cnico, control de veh\u00edculos utilitarios y consumos de gasolina, manejo de contratistas, manejo de chek list diarios para el correcto control de supervisi\u00f3n, manejo y control de calendarios de mantenimiento, juntas de seguimiento con el personal y direcci\u00f3n.<\/p>\n<p>Disponibilidad para viajar, horario de lunes a viernes de 8:30 a 14:00 horas y de 16:00 a 19:00 horas, s\u00e1bado de 8:30 a 14:00 (Se requiere disponibilidad los 365 dias del a\u00f1o debido a la demanda del puesto). Prestaciones de ley y esquema de bonos y comisiones por logro de metas. El salario ser\u00e1 determinado a partir de aptitudes y experiencia.<\/p>\n<p>Los interesados deber\u00e1n enviar CV v\u00eda correo electr\u00f3nico para agendar entrevista a <a href=\"aire.ecologico.de.oaxaca@gmail.com\">aire.ecologico.de.oaxaca@gmail.com<\/a> en atenci\u00f3n al Ing. Iv\u00e1n Reinier.<\/p>\n<p><a href=\"http:\/\/www.eloriente.net\/home\/wp-content\/uploads\/2014\/08\/Arquitecto-Foto-enlacearquitectura.com_.jpg\"><img loading=\"lazy\" decoding=\"async\" class=\"alignnone size-medium wp-image-31161\" title=\"Arquitecto - Foto - enlacearquitectura.com\" src=\"http:\/\/www.eloriente.net\/home\/wp-content\/uploads\/2014\/08\/Arquitecto-Foto-enlacearquitectura.com_-300x198.jpg\" alt=\"\" width=\"300\" height=\"198\" srcset=\"http:\/\/www.eloriente.net\/home\/wp-content\/uploads\/2014\/08\/Arquitecto-Foto-enlacearquitectura.com_-300x198.jpg 300w, http:\/\/www.eloriente.net\/home\/wp-content\/uploads\/2014\/08\/Arquitecto-Foto-enlacearquitectura.com_.jpg 600w\" sizes=\"(max-width: 300px) 100vw, 300px\" \/><\/a><\/p>\n<p>Foto: enlacearquitectura.com<\/p>\n<p><strong>Entradas relacionadas:<\/strong><\/p>\n<p><a title=\"Permalink to 5 vacantes en idiomas #MartesdeVacantes\" href=\"http:\/\/www.eloriente.net\/home\/2014\/08\/12\/5-vacantes-en-idiomas-martesdevacantes\/\" rel=\"bookmark\">5 vacantes en idiomas #MartesdeVacantes<\/a><\/p>\n<p><a href=\"http:\/\/www.eloriente.net\/home\/2014\/08\/12\/5-vacantes-en-idiomas-martesdevacantes\/\" rel=\"bookmark\"><img decoding=\"async\" title=\"5 vacantes en idiomas #MartesdeVacantes\" src=\"http:\/\/www.eloriente.net\/home\/wp-content\/themes\/city-desk\/timthumb.php?src=http%3A%2F%2Fwww.eloriente.net%2Fhome%2Fwp-content%2Fuploads%2F2014%2F08%2Fmaestros-de-ingles-en-estados-unidos.jpg&amp;q=90&amp;w=160&amp;h=106&amp;zc=1\" alt=\"5 vacantes en idiomas #MartesdeVacantes\" \/><\/a><\/p>\n<p>eloriente.net 12\/agosto\/2014 Conscientes de la importancia para la ciudadan\u00eda en general de la b\u00fasqueda de nuevas oportunidades de crecimiento profesional, ponemos a tu disposici\u00f3n semanalmente ofertas de empleo disponibles en la ciudad de Oaxaca de Ju\u00e1rez, municipios conurbados y en regiones al interior del estado; y por esta vez una en Quer\u00e9taro. En esta ocasi\u00f3n, [&#8230;]<\/p>\n<p>August 12, 2014<\/p>\n<p><a style=\"font-size: 1.5em;\" title=\"Permalink to 5 vacantes en contabilidad #MartesdeVacantes\" href=\"http:\/\/www.eloriente.net\/home\/2014\/08\/05\/5-vacantes-en-contabilidad-martesdevacantes\/\" rel=\"bookmark\">5 vacantes en contabilidad #MartesdeVacantes<\/a><\/p>\n<div id=\"post-30537\"><a href=\"http:\/\/www.eloriente.net\/home\/2014\/08\/05\/5-vacantes-en-contabilidad-martesdevacantes\/\" rel=\"bookmark\"><img decoding=\"async\" title=\"5 vacantes en contabilidad #MartesdeVacantes\" src=\"http:\/\/www.eloriente.net\/home\/wp-content\/themes\/city-desk\/timthumb.php?src=http%3A%2F%2Fwww.eloriente.net%2Fhome%2Fwp-content%2Fuploads%2F2014%2F08%2F5912231439_26f8836d3e.jpg&amp;q=90&amp;w=160&amp;h=106&amp;zc=1\" alt=\"5 vacantes en contabilidad #MartesdeVacantes\" \/><\/a><\/div>\n<div><\/div>\n<div>eloriente.net 5\/agosto\/2014 Conscientes de la importancia para la ciudadan\u00eda en general de la b\u00fasqueda de nuevas oportunidades de crecimiento profesional, ponemos a tu disposici\u00f3n semanalmente ofertas de empleo disponibles en la ciudad de Oaxaca de Ju\u00e1rez, municipios conurbados y en regiones al interior del estado. En esta ocasi\u00f3n, ELORIENTE.NET comparte cinco vacantes en contabilidad. 1. [&#8230;]<\/div>\n<div id=\"post-30537\">\n<p>August 5, 2014<\/p>\n<\/div>\n<div id=\"post-30247\">\n<p><a title=\"Permalink to 5 vacantes para administradores #MartesdeVacantes\" href=\"http:\/\/www.eloriente.net\/home\/2014\/07\/29\/5-vacantes-para-administradores-martesdevacantes\/\" rel=\"bookmark\">5 vacantes para administradores #MartesdeVacantes<\/a><\/p>\n<p><a href=\"http:\/\/www.eloriente.net\/home\/2014\/07\/29\/5-vacantes-para-administradores-martesdevacantes\/\" rel=\"bookmark\"><img decoding=\"async\" title=\"5 vacantes para administradores #MartesdeVacantes\" src=\"http:\/\/www.eloriente.net\/home\/wp-content\/themes\/city-desk\/timthumb.php?src=http%3A%2F%2Fwww.eloriente.net%2Fhome%2Fwp-content%2Fuploads%2F2014%2F05%2Fmartes-de-vacantes.jpg&amp;q=90&amp;w=160&amp;h=106&amp;zc=1\" alt=\"5 vacantes para administradores #MartesdeVacantes\" \/><\/a><\/p>\n<p>eloriente.net 29\/julio\/2014 Conscientes de la importancia para la ciudadan\u00eda en general de la b\u00fasqueda de nuevas oportunidades de crecimiento profesional, ponemos a tu disposici\u00f3n semanalmente ofertas de empleo disponibles en la ciudad de Oaxaca de Ju\u00e1rez, municipios conurbados y en regiones al interior del estado. En esta ocasi\u00f3n, ELORIENTE.NET comparte cinco vacantes en administraci\u00f3n. 1. [&#8230;]<\/p>\n<p>July 29, 2014<\/p>\n<\/div>\n\n\t\t\t  <div \n\t\t\t  \tclass = \"fb-comments\" \n\t\t\t  \tdata-href = \"http:\/\/www.eloriente.net\/home\/2014\/08\/19\/5-vacantes-para-arquitectos-martesdevacantes\/\"\n\t\t\t  \tdata-numposts = \"10\"\n\t\t\t\tdata-colorscheme = \"dark\"\n\t\t\t\tdata-order-by = \"social\"\n\t\t\t\tdata-mobile=true>\n\t\t\t  <\/div>\n\t\t  <style>\n\t\t\t.fb_iframe_widget_fluid_desktop iframe {\n\t\t\t    width: 100% !important;\n\t\t\t}\n\t\t  <\/style>\n\t\t  ","protected":false},"excerpt":{"rendered":"<p>eloriente.net 19\/agosto\/2014 Conscientes de la importancia para la ciudadan\u00eda en general de la b\u00fasqueda de nuevas oportunidades de crecimiento profesional, ponemos a tu disposici\u00f3n semanalmente ofertas de empleo disponibles en la ciudad de Oaxaca de Ju\u00e1rez, municipios conurbados y en regiones al interior del estado. En esta ocasi\u00f3n, ELORIENTE.NET comparte cinco vacantes para arquitectos. 1. [&hellip;]<\/p>\n","protected":false},"author":1,"featured_media":31161,"comment_status":"open","ping_status":"open","sticky":false,"template":"","format":"standard","meta":{"_jetpack_memberships_contains_paid_content":false,"footnotes":""},"categories":[942,29,32,10,464],"tags":[2352,1420,682,2354,2353,2355,889],"class_list":["post-31151","post","type-post","status-publish","format-standard","has-post-thumbnail","hentry","category-martesdevacantes","category-capital","category-entradas","category-lo-mas-reciente","category-oaxaca-estados","tag-arquitecto","tag-arquitectura","tag-docencia","tag-mantenimiento","tag-practicante","tag-superintendente","tag-vacantes"],"jetpack_featured_media_url":"http:\/\/www.eloriente.net\/home\/wp-content\/uploads\/2014\/08\/Arquitecto-Foto-enlacearquitectura.com_.jpg","jetpack_sharing_enabled":true,"_links":{"self":[{"href":"http:\/\/www.eloriente.net\/home\/wp-json\/wp\/v2\/posts\/31151"}],"collection":[{"href":"http:\/\/www.eloriente.net\/home\/wp-json\/wp\/v2\/posts"}],"about":[{"href":"http:\/\/www.eloriente.net\/home\/wp-json\/wp\/v2\/types\/post"}],"author":[{"embeddable":true,"href":"http:\/\/www.eloriente.net\/home\/wp-json\/wp\/v2\/users\/1"}],"replies":[{"embeddable":true,"href":"http:\/\/www.eloriente.net\/home\/wp-json\/wp\/v2\/comments?post=31151"}],"version-history":[{"count":6,"href":"http:\/\/www.eloriente.net\/home\/wp-json\/wp\/v2\/posts\/31151\/revisions"}],"predecessor-version":[{"id":31160,"href":"http:\/\/www.eloriente.net\/home\/wp-json\/wp\/v2\/posts\/31151\/revisions\/31160"}],"wp:featuredmedia":[{"embeddable":true,"href":"http:\/\/www.eloriente.net\/home\/wp-json\/wp\/v2\/media\/31161"}],"wp:attachment":[{"href":"http:\/\/www.eloriente.net\/home\/wp-json\/wp\/v2\/media?parent=31151"}],"wp:term":[{"taxonomy":"category","embeddable":true,"href":"http:\/\/www.eloriente.net\/home\/wp-json\/wp\/v2\/categories?post=31151"},{"taxonomy":"post_tag","embeddable":true,"href":"http:\/\/www.eloriente.net\/home\/wp-json\/wp\/v2\/tags?post=31151"}],"curies":[{"name":"wp","href":"https:\/\/api.w.org\/{rel}","templated":true}]}}