{"id":31171,"date":"2014-08-18T13:49:25","date_gmt":"2014-08-18T19:49:25","guid":{"rendered":"http:\/\/www.eloriente.net\/home\/?p=31171"},"modified":"2014-08-18T13:50:36","modified_gmt":"2014-08-18T19:50:36","slug":"investigadores-de-la-uabjo-presentan-la-uabjo-y-sus-leyes-fundamentales-1827-1988","status":"publish","type":"post","link":"http:\/\/www.eloriente.net\/home\/2014\/08\/18\/investigadores-de-la-uabjo-presentan-la-uabjo-y-sus-leyes-fundamentales-1827-1988\/","title":{"rendered":"Investigadores de la UABJO presentan \u201cLa UABJO y sus leyes fundamentales 1827 \u2013 1988\u201d"},"content":{"rendered":"<p>eloriente.net<\/p>\n<p>18\/agosto\/2014<\/p>\n<p>Con el objetivo de fomentar el conocimiento y difusi\u00f3n de la memoria normativa de la Universidad Aut\u00f3noma \u201cBenito Ju\u00e1rez\u201d de Oaxaca (UABJO), en el marco del proyecto denominado \u201cDocumentos Fundamentales del Instituto de Ciencias y Artes del estado de Oaxaca y la Universidad Aut\u00f3noma \u201cBenito Ju\u00e1rez de Oaxaca, investigadores de la M\u00e1xima Casa de Estudios en el Estado, presentaron el libro \u201cLa UABJO y sus Leyes Fundamentales 1827 \u2013 1988\u201d.<\/p>\n<p>La presentaci\u00f3n de la obra se realiz\u00f3 en el Paraninfo Universitario de la Facultad de Derecho y Ciencias Sociales de la UABJO y cont\u00f3 con la presencia del Rector, Eduardo Mart\u00ednez Helmes, as\u00ed como el investigador Francisco Jos\u00e9 Ru\u00edz Cervantes, el editor del texto Claudio S\u00e1nchez Islas quienes junto con el tambi\u00e9n investigador Carlos S\u00e1nchez Silva, coordinaron la realizaci\u00f3n de la obra.<\/p>\n<p>De acuerdo con Ru\u00edz Cervantes, despu\u00e9s de haber transcurrido 187 a\u00f1os de la fundaci\u00f3n del Instituto de Ciencias y Artes del Estado de Oaxaca (ICAEO), antecedente de la actual universidad, esta es la primera ocasi\u00f3n que se logra reunir el fundamento legal y normativo universitario en una sola obra.<\/p>\n<p>\u201cEn distintos momentos se han publicado, de acuerdo a la vida de la instituci\u00f3n, sus leyes y reglamentos principales, pero como resultado del quehacer legislativo estos han ido apareciendo como contenidos del peri\u00f3dico oficial o como piezas para su difusi\u00f3n entre la comunidad oaxaque\u00f1a; sin embargo, en esta ocasi\u00f3n se presentan reunidos y presentados a partir de una perspectiva hist\u00f3rica, que da cuenta de los diferentes momentos de la vida institucional de nuestra universidad\u201d.<\/p>\n<p>El libro, que adem\u00e1s presenta una interesante selecci\u00f3n de fotograf\u00edas hist\u00f3ricas, est\u00e1 dividido en dos apartados; el primero consigna el periodo que va de 1826 a 1931, a\u00f1o en que el ICAEO se transform\u00f3 en Instituto Aut\u00f3nomo de Ciencias y Artes del Estado de Oaxaca. El segundo apartado, contiene la normatividad correspondiente al periodo de 1931 hasta la d\u00e9cada de los ochenta.<\/p>\n<p>Cada apartado consta de introducciones que buscan contextualizar el entorno hist\u00f3rico social de Oaxaca y la instituci\u00f3n. Asimismo, la publicaci\u00f3n va acompa\u00f1ada de un CD con la edici\u00f3n digital de la obra y una aplicaci\u00f3n que permite hacer una b\u00fasqueda avanzada al interior de los documentos referidos.<\/p>\n<div id='gallery-1' class='gallery galleryid-31171 gallery-columns-3 gallery-size-thumbnail'><figure class='gallery-item'>\n\t\t\t<div class='gallery-icon landscape'>\n\t\t\t\t<a href='http:\/\/www.eloriente.net\/home\/wp-content\/uploads\/2014\/08\/181.jpg'><img loading=\"lazy\" decoding=\"async\" width=\"150\" height=\"150\" src=\"http:\/\/www.eloriente.net\/home\/wp-content\/uploads\/2014\/08\/181-150x150.jpg\" class=\"attachment-thumbnail size-thumbnail\" alt=\"\" srcset=\"http:\/\/www.eloriente.net\/home\/wp-content\/uploads\/2014\/08\/181-150x150.jpg 150w, http:\/\/www.eloriente.net\/home\/wp-content\/uploads\/2014\/08\/181-50x50.jpg 50w\" sizes=\"(max-width: 150px) 100vw, 150px\" \/><\/a>\n\t\t\t<\/div><\/figure><figure class='gallery-item'>\n\t\t\t<div class='gallery-icon landscape'>\n\t\t\t\t<a href='http:\/\/www.eloriente.net\/home\/wp-content\/uploads\/2014\/08\/182.jpg'><img loading=\"lazy\" decoding=\"async\" width=\"150\" height=\"150\" src=\"http:\/\/www.eloriente.net\/home\/wp-content\/uploads\/2014\/08\/182-150x150.jpg\" class=\"attachment-thumbnail size-thumbnail\" alt=\"\" srcset=\"http:\/\/www.eloriente.net\/home\/wp-content\/uploads\/2014\/08\/182-150x150.jpg 150w, http:\/\/www.eloriente.net\/home\/wp-content\/uploads\/2014\/08\/182-50x50.jpg 50w\" sizes=\"(max-width: 150px) 100vw, 150px\" \/><\/a>\n\t\t\t<\/div><\/figure><figure class='gallery-item'>\n\t\t\t<div class='gallery-icon landscape'>\n\t\t\t\t<a href='http:\/\/www.eloriente.net\/home\/wp-content\/uploads\/2014\/08\/183.jpg'><img loading=\"lazy\" decoding=\"async\" width=\"150\" height=\"150\" src=\"http:\/\/www.eloriente.net\/home\/wp-content\/uploads\/2014\/08\/183-150x150.jpg\" class=\"attachment-thumbnail size-thumbnail\" alt=\"\" srcset=\"http:\/\/www.eloriente.net\/home\/wp-content\/uploads\/2014\/08\/183-150x150.jpg 150w, http:\/\/www.eloriente.net\/home\/wp-content\/uploads\/2014\/08\/183-50x50.jpg 50w\" sizes=\"(max-width: 150px) 100vw, 150px\" \/><\/a>\n\t\t\t<\/div><\/figure><figure class='gallery-item'>\n\t\t\t<div class='gallery-icon landscape'>\n\t\t\t\t<a href='http:\/\/www.eloriente.net\/home\/wp-content\/uploads\/2014\/08\/18.jpg'><img loading=\"lazy\" decoding=\"async\" width=\"150\" height=\"150\" src=\"http:\/\/www.eloriente.net\/home\/wp-content\/uploads\/2014\/08\/18-150x150.jpg\" class=\"attachment-thumbnail size-thumbnail\" alt=\"\" srcset=\"http:\/\/www.eloriente.net\/home\/wp-content\/uploads\/2014\/08\/18-150x150.jpg 150w, http:\/\/www.eloriente.net\/home\/wp-content\/uploads\/2014\/08\/18-50x50.jpg 50w\" sizes=\"(max-width: 150px) 100vw, 150px\" \/><\/a>\n\t\t\t<\/div><\/figure>\n\t\t<\/div>\n\n<p>Fotos: UABJO<\/p>\n<p><strong>Entradas relacionadas:<\/strong><\/p>\n<p><a title=\"Permalink to Aqu\u00ed los mejor evaluados en examen INE para Consejeros\" href=\"http:\/\/www.eloriente.net\/home\/2014\/08\/16\/aqui-los-mejor-evaluados-en-examen-ine-para-consejeros\/\" rel=\"bookmark\">Aqu\u00ed los mejor evaluados en examen INE para Consejeros<\/a><\/p>\n<p><a href=\"http:\/\/www.eloriente.net\/home\/2014\/08\/16\/aqui-los-mejor-evaluados-en-examen-ine-para-consejeros\/\" rel=\"bookmark\"><img decoding=\"async\" title=\"Aqu\u00ed los mejor evaluados en examen INE para Consejeros\" src=\"http:\/\/www.eloriente.net\/home\/wp-content\/themes\/city-desk\/timthumb.php?src=http%3A%2F%2Fwww.eloriente.net%2Fhome%2Fwp-content%2Fuploads%2F2014%2F08%2FCaptura-de-pantalla-2014-08-16-a-las-17.44.28.png&amp;q=90&amp;w=160&amp;h=106&amp;zc=1\" alt=\"Aqu\u00ed los mejor evaluados en examen INE para Consejeros\" \/><\/a><\/p>\n<p>eloriente.net\/INE 16 de agosto de 2014 Este d\u00eda, el Instituto Nacional Electoral (INE) dio a conocer los resultados que el Centro Nacional de Evaluaci\u00f3n para la Educaci\u00f3n Superior (Ceneval) le entreg\u00f3, en relaci\u00f3n a los hombres y mujeres mejor evaluados en el examen de conocimientos aplicado el pasado 2 de agosto por 2 mil 951 [&#8230;]<\/p>\n<p>August 16, 2014<\/p>\n<div id=\"post-30987\">\n<p><a title=\"Permalink to 25 hombres y 25 mujeres pasar\u00e1n a 4a. etapa para elegir Consejeros: Cardiel\" href=\"http:\/\/www.eloriente.net\/home\/2014\/08\/14\/25-hombres-y-25-mujeres-pasaran-a-4a-etapa-para-elegir-consejeros-cardiel\/\" rel=\"bookmark\">25 hombres y 25 mujeres pasar\u00e1n a 4a. etapa para elegir Consejeros: Cardiel<\/a><\/p>\n<p><a href=\"http:\/\/www.eloriente.net\/home\/2014\/08\/14\/25-hombres-y-25-mujeres-pasaran-a-4a-etapa-para-elegir-consejeros-cardiel\/\" rel=\"bookmark\"><img decoding=\"async\" title=\"25 hombres y 25 mujeres pasar\u00e1n a 4a. etapa para elegir Consejeros: Cardiel\" src=\"http:\/\/www.eloriente.net\/home\/wp-content\/themes\/city-desk\/timthumb.php?src=http%3A%2F%2Fwww.eloriente.net%2Fhome%2Fwp-content%2Fuploads%2F2014%2F08%2FFOT-1.jpg&amp;q=90&amp;w=160&amp;h=106&amp;zc=1\" alt=\"25 hombres y 25 mujeres pasar\u00e1n a 4a. etapa para elegir Consejeros: Cardiel\" \/><\/a><\/p>\n<p>eloriente.net\/INE 14 de agosto de 2014 El resultado de la evaluaci\u00f3n aplicada por el CENEVAL a 151 aspirantes al IEEPCO, depende \u00fanicamente del nivel de dominio del sustentante: RHCS Restan cuatro etapas para seleccionar y designar a un consejero presidente y seis consejeros electorales que integrar\u00e1n el Consejo General del IEEPCO Este 16 de agosto [&#8230;]<\/p>\n<p>August 14, 2014<\/p>\n<\/div>\n<div id=\"post-30952\">\n<p><a title=\"Permalink to Inicia ciclo escolar en la Facultad de Derecho de la UABJO\" href=\"http:\/\/www.eloriente.net\/home\/2014\/08\/14\/inicia-ciclo-escolar-en-la-facultad-de-derecho-de-la-uabjo\/\" rel=\"bookmark\">Inicia ciclo escolar en la Facultad de Derecho de la UABJO<\/a><\/p>\n<p><a href=\"http:\/\/www.eloriente.net\/home\/2014\/08\/14\/inicia-ciclo-escolar-en-la-facultad-de-derecho-de-la-uabjo\/\" rel=\"bookmark\"><img decoding=\"async\" title=\"Inicia ciclo escolar en la Facultad de Derecho de la UABJO\" src=\"http:\/\/www.eloriente.net\/home\/wp-content\/themes\/city-desk\/timthumb.php?src=http%3A%2F%2Fwww.eloriente.net%2Fhome%2Fwp-content%2Fuploads%2F2014%2F08%2F131.jpg&amp;q=90&amp;w=160&amp;h=106&amp;zc=1\" alt=\"Inicia ciclo escolar en la Facultad de Derecho de la UABJO\" \/><\/a><\/p>\n<p>eloriente.net 14\/agosto\/2014 Cientos de estudiantes de la Licenciatura en Derecho y Ciencias Sociales de la Universidad Aut\u00f3noma \u201cBenito Ju\u00e1rez (UABJO), iniciaron sus clases correspondientes al\u00a0 presente ciclo escolar 2014-2015. En un acto protocolario celebrado en las instalaciones de la Facultad en Ciudad Universitaria, el director de la instituci\u00f3n, Reynel V\u00e1squez Z\u00e1rate dio la bienvenida a [&#8230;]<\/p>\n<p>August 14, 2014<\/p>\n<\/div>\n<p>&nbsp;<\/p>\n\n\t\t\t  <div \n\t\t\t  \tclass = \"fb-comments\" \n\t\t\t  \tdata-href = \"http:\/\/www.eloriente.net\/home\/2014\/08\/18\/investigadores-de-la-uabjo-presentan-la-uabjo-y-sus-leyes-fundamentales-1827-1988\/\"\n\t\t\t  \tdata-numposts = \"10\"\n\t\t\t\tdata-colorscheme = \"dark\"\n\t\t\t\tdata-order-by = \"social\"\n\t\t\t\tdata-mobile=true>\n\t\t\t  <\/div>\n\t\t  <style>\n\t\t\t.fb_iframe_widget_fluid_desktop iframe {\n\t\t\t    width: 100% !important;\n\t\t\t}\n\t\t  <\/style>\n\t\t  ","protected":false},"excerpt":{"rendered":"<p>eloriente.net 18\/agosto\/2014 Con el objetivo de fomentar el conocimiento y difusi\u00f3n de la memoria normativa de la Universidad Aut\u00f3noma \u201cBenito Ju\u00e1rez\u201d de Oaxaca (UABJO), en el marco del proyecto denominado \u201cDocumentos Fundamentales del Instituto de Ciencias y Artes del estado de Oaxaca y la Universidad Aut\u00f3noma \u201cBenito Ju\u00e1rez de Oaxaca, investigadores de la M\u00e1xima Casa [&hellip;]<\/p>\n","protected":false},"author":1,"featured_media":31173,"comment_status":"open","ping_status":"open","sticky":false,"template":"","format":"standard","meta":{"_jetpack_memberships_contains_paid_content":false,"footnotes":""},"categories":[29,1588,464,84],"tags":[2349,2348,263,2347,182],"class_list":["post-31171","post","type-post","status-publish","format-standard","has-post-thumbnail","hentry","category-capital","category-comunicados-y-boletines","category-oaxaca-estados","category-universidades","tag-2349","tag-2348","tag-leyes","tag-leyes-fundamentales","tag-uabjo"],"jetpack_featured_media_url":"http:\/\/www.eloriente.net\/home\/wp-content\/uploads\/2014\/08\/182.jpg","jetpack_sharing_enabled":true,"_links":{"self":[{"href":"http:\/\/www.eloriente.net\/home\/wp-json\/wp\/v2\/posts\/31171"}],"collection":[{"href":"http:\/\/www.eloriente.net\/home\/wp-json\/wp\/v2\/posts"}],"about":[{"href":"http:\/\/www.eloriente.net\/home\/wp-json\/wp\/v2\/types\/post"}],"author":[{"embeddable":true,"href":"http:\/\/www.eloriente.net\/home\/wp-json\/wp\/v2\/users\/1"}],"replies":[{"embeddable":true,"href":"http:\/\/www.eloriente.net\/home\/wp-json\/wp\/v2\/comments?post=31171"}],"version-history":[{"count":3,"href":"http:\/\/www.eloriente.net\/home\/wp-json\/wp\/v2\/posts\/31171\/revisions"}],"predecessor-version":[{"id":31177,"href":"http:\/\/www.eloriente.net\/home\/wp-json\/wp\/v2\/posts\/31171\/revisions\/31177"}],"wp:featuredmedia":[{"embeddable":true,"href":"http:\/\/www.eloriente.net\/home\/wp-json\/wp\/v2\/media\/31173"}],"wp:attachment":[{"href":"http:\/\/www.eloriente.net\/home\/wp-json\/wp\/v2\/media?parent=31171"}],"wp:term":[{"taxonomy":"category","embeddable":true,"href":"http:\/\/www.eloriente.net\/home\/wp-json\/wp\/v2\/categories?post=31171"},{"taxonomy":"post_tag","embeddable":true,"href":"http:\/\/www.eloriente.net\/home\/wp-json\/wp\/v2\/tags?post=31171"}],"curies":[{"name":"wp","href":"https:\/\/api.w.org\/{rel}","templated":true}]}}