{"id":31179,"date":"2014-08-18T18:53:05","date_gmt":"2014-08-19T00:53:05","guid":{"rendered":"http:\/\/www.eloriente.net\/home\/?p=31179"},"modified":"2014-08-19T13:06:01","modified_gmt":"2014-08-19T19:06:01","slug":"en-mexico-ocurren-8-secuestros-diarios-isabel-miranda","status":"publish","type":"post","link":"http:\/\/www.eloriente.net\/home\/2014\/08\/18\/en-mexico-ocurren-8-secuestros-diarios-isabel-miranda\/","title":{"rendered":"En M\u00e9xico ocurren 8 secuestros diarios: Isabel Miranda"},"content":{"rendered":"<p>eloriente.net\/<a href=\"http:\/\/www.altoalsecuestro.com.mx\/\" target=\"_blank\">Alto al Secuestro<\/a><\/p>\n<p>18 de agosto de 2014<\/p>\n<p>M\u00e9xico, Distrito Federal.- A pesar de la gran difusi\u00f3n de logros que ha hecho el gobierno federal en materia de secuestro, la realidad es que se ven todav\u00eda esfuerzos aislados y resultados no satisfactorios, as\u00ed lo demuestran las cifras.<\/p>\n<p>Para la Asociaci\u00f3n Alto al Secuestro, la estrategia delineada por el Secretario de Gobernaci\u00f3n, Miguel \u00c1ngel Osorio Chong, compuesta por 10 acciones principales, no termina de aportar avances concretos y duraderos.<\/p>\n<p>Si bien es cierto que este mes las cifras reflejan una disminuci\u00f3n del 17% en el delito de secuestro, aun existe un incremento del 50% si comparamos el primer semestre de este a\u00f1o con el mismo periodo de 2013.<\/p>\n<p>De estas acciones planteadas, a\u00fan persisten pendientes importantes que a continuaci\u00f3n se se\u00f1alan:<\/p>\n<p>1.- Privilegiar el uso de inteligencia por encima de la fuerza policial.<\/p>\n<p>Pero,\u00bfc\u00f3mo lograrlo sin la tecnolog\u00eda necesaria? Hasta el d\u00eda de hoy, en la mayor parte de las Unidades Especializadas en Combate al Secuestro (UECS) no se cuenta con el kit indispensable de inteligencia.<\/p>\n<p>2.- Fortalecer y ampliar las capacidades de los estados con m\u00e1s plagios, fijando 5 prioridades:<\/p>\n<ul>\n<li>Evaluaci\u00f3n de las UECS: Esta evaluaci\u00f3n ya se realiz\u00f3, y el resultado fue que existen grandes carencias en t\u00e9rminos generales. Hay que reconocer, sin embargo, que en los casos de Morelos y Coahuila hicieron un esfuerzo importante por mejorar sus unidades.<\/li>\n<li>Homologaci\u00f3n de los protocolos de actuaci\u00f3n: Esta acci\u00f3n a\u00fan est\u00e1 en v\u00edas de concretarse.<\/li>\n<li>Equipamiento para las UECS de los 10 estados con mayor incidencia de secuestro: No se ha hecho. Se ofreci\u00f3 hacerlo para el mes de mayo, aproximadamente. Estamos en agosto y a\u00fan no est\u00e1 listo.<\/li>\n<li>Acompa\u00f1amiento de la Federaci\u00f3n a las UECS estatales, mientras se consolidan: El acompa\u00f1amiento se ha realizado sobradamente; sin embargo, las UECS no se est\u00e1n consolidando y no se han establecido las instituciones de Prevenci\u00f3n y Combate al delito de Secuestro.<\/li>\n<li>Promoci\u00f3n de la rendici\u00f3n de cuentas y transparencia de los fondos destinados a las unidades antisecuestros: Existe total opacidad al respecto.<\/li>\n<\/ul>\n<p>3.- Ajustar el marco jur\u00eddico local a la legislaci\u00f3n general: Esta acci\u00f3n est\u00e1 resuelta en su mayor\u00eda.<\/p>\n<p>4.- Crear un Sistema \u00danico de An\u00e1lisis de Informaci\u00f3n: No se ha realizado a\u00fan.<\/p>\n<p>5.- Difundir una campa\u00f1a en medios de comunicaci\u00f3n: No se ha hecho abiertamente, ya sea por miedo o por presiones.<\/p>\n<p>6.- Establecer un protocolo de atenci\u00f3n ciudadana para el secuestro: No se ha realizado. Hay demasiadas v\u00edas de contacto y no se comunican entre s\u00ed.<\/p>\n<p>7.-Contar con m\u00e1s controles internos: Con esta acci\u00f3n se pretend\u00eda reforzar la confianza ciudadana, pero esto no se ha logrado. Hay que reconocer que \u00e9sta es de las acciones m\u00e1s dif\u00edciles de implementar.<\/p>\n<p>El objetivo de estos controles ser\u00eda vigilar y evaluar permanentemente el comportamiento y actuaci\u00f3n de todos los elementos de las diferentes unidades; sin embargo, esto no se ha llevado a cabo. No hay absolutamente nada.<\/p>\n<p>8.- Establecer un modelo de reclusi\u00f3n especial para secuestradores: Esta acci\u00f3n \u00fanicamente la han llevado a cabo Chihuahua y el Estado de M\u00e9xico.<\/p>\n<p>9.- Programa de atenci\u00f3n a V\u00edctimas: Es muy pobre lo que se hace en este punto, por no decir que es nulo.<\/p>\n<p>10.- Realizar una evaluaci\u00f3n, a cargo de la Coordinaci\u00f3n Nacional Antisecuestro: Esperamos que lo haga en la pr\u00f3xima reuni\u00f3n de la Comisi\u00f3n Nacional de Seguridad.<\/p>\n<p>Adicionalmente, muchos estados enfrentan todav\u00eda serios problemas de salarios bajos, falta de capacitaci\u00f3n y certificaci\u00f3n de muchos elementos y, sobre todo, falta de resultados en materia de investigaci\u00f3n y detenidos.<\/p>\n<p>Por ello reiteramos que los esfuerzos implementados hasta ahora para abatir el delito del secuestro siguen siendo insuficientes y poco contundentes. Las cifras as\u00ed lo demuestran:<\/p>\n<p style=\"text-align: center;\"><strong>En lo que va de la presente administraci\u00f3n, han ocurrido<\/strong><\/p>\n<p style=\"text-align: center;\"><strong>4809 Secuestros entre el 1\u00ba de diciembre de 2012 y el 31 julio del 2014<\/strong><\/p>\n<p style=\"text-align: center;\"><strong>240 Secuestros al mes<\/strong><\/p>\n<p style=\"text-align: center;\"><strong>\u00a0 57 Secuestros a la semana<\/strong><\/p>\n<p style=\"text-align: center;\"><strong>\u00a0\u00a0\u00a0 8 Secuestros al d\u00eda<\/strong><\/p>\n<p style=\"text-align: center;\"><strong>\u00a0\u00a0\u00a0 1 Secuestro cada 3 horas<\/strong><\/p>\n<p>\u00a0Espec\u00edficamente en el mes de julio pasado ocurrieron 200 secuestros:<\/p>\n<p>185 Secuestros con Averiguaci\u00f3n Previa.<\/p>\n<p>15 Secuestros no denunciados y atendidos por alguna autoridad.<\/p>\n<p>6 Secuestros por d\u00eda<\/p>\n<p>1 Secuestro cada 4 horas.<\/p>\n<p>Los cinco estados con mayor n\u00famero de secuestros, durante el mes de julio son: Estado de M\u00e9xico con 40; Tamaulipas con 32; Guerrero con 20; Distrito Federal con 17, y Morelos con 15.<\/p>\n<p>Mientras que, los estados que reportaron cero secuestros, durante el mes de julio son: Durango, San Luis Potos\u00ed, Aguascalientes, Chihuahua, Sinaloa, Quer\u00e9taro, Colima, Tlaxcala, Yucat\u00e1n y Baja California Sur.<\/p>\n<p>Los municipios del pa\u00eds con mayor \u00edndice de secuestros en lo que va de la presente administraci\u00f3n son: Acapulco con 125; Cuernavaca con 110; Ecatepec con 110; Morelia con 101 y Nezahualc\u00f3yotl con 87.<\/p>\n<p>Cabe destacar que tanto el Estado de M\u00e9xico como Tamaulipas y el Distrito Federal cuentan con UECS muy precarias, casi inexistentes, mientras que Guerrero y Morelos tienen que adquirir mayor y mejor tecnolog\u00eda.<\/p>\n<p>En t\u00e9rminos generales, hay que trabajar en el fortalecimiento institucional, en mejorar los sueldos del personal, as\u00ed como su capacitaci\u00f3n.<\/p>\n<p>Por otra parte, exhortamos una vez m\u00e1s a las compa\u00f1\u00edas telef\u00f3nicas a que cumplan con la ley, entregando en tiempo y forma las peticiones realizadas por los Ministerios P\u00fablicos.<\/p>\n<p>Finalmente, pedimos al Poder Judicial un mayor compromiso con el combate al secuestro, ya que ha sido el gran ausente en esta estrategia. Tiene que darle a las v\u00edctimas el espacio que marca la ley y debe respetar los derechos de las mismas, sin que esto se interprete como un atentado a los derechos de los imputados.<\/p>\n<p>Mientras que en muchos Pa\u00edses de America Latina, tardan en resolver un asunto penal en dos a\u00f1os como m\u00e1ximo, en nuestro pa\u00eds el lapso va de 8 a 15 a\u00f1os. Los juicios son muy largos y costosos, lo que provoca que muchas de las v\u00edctimas abandonen los casos, contribuyendo esto a la revictimizaci\u00f3nde los afectados. Sin una justicia de calidad, los delitos quedan impunes<\/p>\n<p>En la Asociaci\u00f3n Alto al Secuestro estamos convencidos de que el secuestro es un delito que se puede combatir, pero con esfuerzos reales, coordinados y efectivos, no con simulaciones.<\/p>\n<p>Asociaci\u00f3n Alto al Secuestro.<\/p>\n<p>Isabel Miranda de Wallace.<\/p>\n<p><a href=\"http:\/\/www.eloriente.net\/home\/wp-content\/uploads\/2014\/08\/Captura-de-pantalla-2014-08-18-a-las-19.48.48.png\"><img loading=\"lazy\" decoding=\"async\" class=\"alignnone size-medium wp-image-31180\" title=\"isabel Miranda. captura youtube presidencia\" src=\"http:\/\/www.eloriente.net\/home\/wp-content\/uploads\/2014\/08\/Captura-de-pantalla-2014-08-18-a-las-19.48.48-300x169.png\" alt=\"\" width=\"300\" height=\"169\" srcset=\"http:\/\/www.eloriente.net\/home\/wp-content\/uploads\/2014\/08\/Captura-de-pantalla-2014-08-18-a-las-19.48.48-300x169.png 300w, http:\/\/www.eloriente.net\/home\/wp-content\/uploads\/2014\/08\/Captura-de-pantalla-2014-08-18-a-las-19.48.48.png 484w\" sizes=\"(max-width: 300px) 100vw, 300px\" \/><\/a><br \/>\n<iframe loading=\"lazy\" src=\"\/\/www.youtube.com\/embed\/GYvl7JdCMPU\" frameborder=\"0\" width=\"420\" height=\"315\"><\/iframe><\/p>\n<address><strong>OTRAS ENTRADAS:<\/strong><\/address>\n<div id=\"post-29463\">\n<p><a title=\"Permalink to Alcanza 92.3% cifra negra en seguridad en Oaxaca\" href=\"http:\/\/www.eloriente.net\/home\/2014\/07\/14\/alcanza-92-3-cifra-negra-en-seguridad-en-oaxaca\/\" rel=\"bookmark\">Alcanza 92.3% cifra negra en seguridad en Oaxaca<\/a><\/p>\n<p><a href=\"http:\/\/www.eloriente.net\/home\/2014\/07\/14\/alcanza-92-3-cifra-negra-en-seguridad-en-oaxaca\/\" rel=\"bookmark\"><img decoding=\"async\" title=\"Alcanza 92.3% cifra negra en seguridad en Oaxaca\" src=\"http:\/\/www.eloriente.net\/home\/wp-content\/themes\/city-desk\/timthumb.php?src=http%3A%2F%2Fwww.eloriente.net%2Fhome%2Fwp-content%2Fuploads%2F2014%2F07%2FC%C3%A1rcel-Por-Rock-Rejas-Sonidos-desde-la-C%C3%A1rcel-Gira-2003.jpg&amp;q=90&amp;w=160&amp;h=106&amp;zc=1\" alt=\"Alcanza 92.3% cifra negra en seguridad en Oaxaca\" \/><\/a>eloriente.net 14\/julio\/2014 De acuerdo con la Encuesta Nacional de Victimizaci\u00f3n y Percepci\u00f3n sobre Seguridad P\u00fablica (Envipe) 2013, del Instituto Nacional de Estad\u00edstica y Geograf\u00eda (INEGI), publicado en septiembre de 2013, la cifra negra en el estado de Oaxaca alcanz\u00f3 una tasa de 92.3% durante el a\u00f1o 2012. \u00a0 \u00a0 La organizaci\u00f3n M\u00e9xico Eval\u00faa define como [&#8230;]<\/p>\n<address>July 14, 2014<\/address>\n<\/div>\n<p><a title=\"Permalink to Video: Las cifras negras en seguridad, M\u00e9xico Eval\u00faa\" href=\"http:\/\/www.eloriente.net\/home\/2014\/07\/14\/video-las-cifras-negras-en-seguridad-mexico-evalua\/\" rel=\"bookmark\">Video: Las cifras negras en seguridad, M\u00e9xico Eval\u00faa<\/a><\/p>\n<p><a href=\"http:\/\/www.eloriente.net\/home\/2014\/07\/14\/video-las-cifras-negras-en-seguridad-mexico-evalua\/\" rel=\"bookmark\"><img decoding=\"async\" title=\"Video: Las cifras negras en seguridad, M\u00e9xico Eval\u00faa\" src=\"http:\/\/www.eloriente.net\/home\/wp-content\/themes\/city-desk\/timthumb.php?src=http%3A%2F%2Fwww.eloriente.net%2Fhome%2Fwp-content%2Fuploads%2F2014%2F07%2FEdna-Jaime-Youtube.png&amp;q=90&amp;w=160&amp;h=106&amp;zc=1\" alt=\"Video: Las cifras negras en seguridad, M\u00e9xico Eval\u00faa\" \/><\/a><\/p>\n<p>eloriente.net 14\/junio\/2014 En entrevista para la organizaci\u00f3n Red por la Rendici\u00f3n de Cuentas, Edna Jaime, directora de M\u00e9xico Eval\u00faa, instituci\u00f3n que se enfoca en la\u00a0evaluaci\u00f3n y monitoreo de la operaci\u00f3n gubernamental, habl\u00f3 sobre la transparencia entorno a la seguridad p\u00fablica y a los recursos que se ejercen en el pa\u00eds. Edna Jaime se\u00f1al\u00f3 que la [&#8230;]<\/p>\n<p>July 14, 2014<\/p>\n<p><a title=\"Permalink to Ocurre un secuestro cada 8.3 d\u00edas en Oaxaca #Infograf\u00eda\" href=\"http:\/\/www.eloriente.net\/home\/2014\/06\/30\/ocurre-un-secuestro-cada-8-3-dias-en-oaxaca\/\" rel=\"bookmark\">Ocurre un secuestro cada 8.3 d\u00edas en Oaxaca #Infograf\u00eda<\/a><\/p>\n<p><a href=\"http:\/\/www.eloriente.net\/home\/2014\/06\/30\/ocurre-un-secuestro-cada-8-3-dias-en-oaxaca\/\" rel=\"bookmark\"><img decoding=\"async\" title=\"Ocurre un secuestro cada 8.3 d\u00edas en Oaxaca #Infograf\u00eda\" src=\"http:\/\/www.eloriente.net\/home\/wp-content\/themes\/city-desk\/timthumb.php?src=http%3A%2F%2Fwww.eloriente.net%2Fhome%2Fwp-content%2Fuploads%2F2014%2F06%2FPolic%C3%ADa-Por-GobOax.jpg&amp;q=90&amp;w=160&amp;h=106&amp;zc=1\" alt=\"Ocurre un secuestro cada 8.3 d\u00edas en Oaxaca #Infograf\u00eda\" \/><\/a><\/p>\n<p>eloriente.net 30\/junio\/2013 El Ministerio P\u00fablico en el estado de Oaxaca recibi\u00f3 siete denuncias por privaci\u00f3n de la libertad durante mayo de 2014, cifra superior en 250% en comparaci\u00f3n con el mes anterior, es decir, en abril se registraron dos secuestros, as\u00ed lo dio a conocer\u00a0el informe \u201cIncidencia delictiva del Fuero Com\u00fan 2014\u2033 del Secretariado Ejecutivo [&#8230;]<\/p>\n<p>June 30, 2014<\/p>\n<p>&nbsp;<\/p>\n<p>&nbsp;<\/p>\n\n\t\t\t  <div \n\t\t\t  \tclass = \"fb-comments\" \n\t\t\t  \tdata-href = \"http:\/\/www.eloriente.net\/home\/2014\/08\/18\/en-mexico-ocurren-8-secuestros-diarios-isabel-miranda\/\"\n\t\t\t  \tdata-numposts = \"10\"\n\t\t\t\tdata-colorscheme = \"dark\"\n\t\t\t\tdata-order-by = \"social\"\n\t\t\t\tdata-mobile=true>\n\t\t\t  <\/div>\n\t\t  <style>\n\t\t\t.fb_iframe_widget_fluid_desktop iframe {\n\t\t\t    width: 100% !important;\n\t\t\t}\n\t\t  <\/style>\n\t\t  ","protected":false},"excerpt":{"rendered":"<p>eloriente.net\/Alto al Secuestro 18 de agosto de 2014 M\u00e9xico, Distrito Federal.- A pesar de la gran difusi\u00f3n de logros que ha hecho el gobierno federal en materia de secuestro, la realidad es que se ven todav\u00eda esfuerzos aislados y resultados no satisfactorios, as\u00ed lo demuestran las cifras. Para la Asociaci\u00f3n Alto al Secuestro, la estrategia [&hellip;]<\/p>\n","protected":false},"author":1,"featured_media":0,"comment_status":"open","ping_status":"open","sticky":false,"template":"","format":"standard","meta":{"_jetpack_memberships_contains_paid_content":false,"footnotes":""},"categories":[1588,22,32,13,63,24],"tags":[],"class_list":["post-31179","post","type-post","status-publish","format-standard","hentry","category-comunicados-y-boletines","category-derechos-humanos","category-entradas","category-especiales","category-estados","category-mexico-y-el-mundo"],"jetpack_featured_media_url":"","jetpack_sharing_enabled":true,"_links":{"self":[{"href":"http:\/\/www.eloriente.net\/home\/wp-json\/wp\/v2\/posts\/31179"}],"collection":[{"href":"http:\/\/www.eloriente.net\/home\/wp-json\/wp\/v2\/posts"}],"about":[{"href":"http:\/\/www.eloriente.net\/home\/wp-json\/wp\/v2\/types\/post"}],"author":[{"embeddable":true,"href":"http:\/\/www.eloriente.net\/home\/wp-json\/wp\/v2\/users\/1"}],"replies":[{"embeddable":true,"href":"http:\/\/www.eloriente.net\/home\/wp-json\/wp\/v2\/comments?post=31179"}],"version-history":[{"count":3,"href":"http:\/\/www.eloriente.net\/home\/wp-json\/wp\/v2\/posts\/31179\/revisions"}],"predecessor-version":[{"id":31204,"href":"http:\/\/www.eloriente.net\/home\/wp-json\/wp\/v2\/posts\/31179\/revisions\/31204"}],"wp:attachment":[{"href":"http:\/\/www.eloriente.net\/home\/wp-json\/wp\/v2\/media?parent=31179"}],"wp:term":[{"taxonomy":"category","embeddable":true,"href":"http:\/\/www.eloriente.net\/home\/wp-json\/wp\/v2\/categories?post=31179"},{"taxonomy":"post_tag","embeddable":true,"href":"http:\/\/www.eloriente.net\/home\/wp-json\/wp\/v2\/tags?post=31179"}],"curies":[{"name":"wp","href":"https:\/\/api.w.org\/{rel}","templated":true}]}}