{"id":31228,"date":"2014-08-20T09:00:10","date_gmt":"2014-08-20T15:00:10","guid":{"rendered":"http:\/\/www.eloriente.net\/home\/?p=31228"},"modified":"2014-08-21T09:34:35","modified_gmt":"2014-08-21T15:34:35","slug":"en-vivo-sesion-extraordinaria-del-consejo-general-del-instituto-nacional-electoral","status":"publish","type":"post","link":"http:\/\/www.eloriente.net\/home\/2014\/08\/20\/en-vivo-sesion-extraordinaria-del-consejo-general-del-instituto-nacional-electoral\/","title":{"rendered":"20\/Ago\/ 2014 10:00 horas EN VIVO: Sesi\u00f3n extraordinaria del Consejo General del Instituto Nacional Electoral"},"content":{"rendered":"<p>eloriente.net<\/p>\n<p>20\/agosto\/2014<\/p>\n<p>Nos enlazamos en vivo al Consejo General del Instituto Nacional Electoral, para la sesi\u00f3n extraordinaria del jueves 20 de agosto de 2014 a las 10:00 am:<\/p>\n<p><iframe loading=\"lazy\" src=\"\/\/www.youtube.com\/embed\/pECQ-8Suauo\" frameborder=\"0\" width=\"560\" height=\"315\"><\/iframe><\/p>\n<p><a href=\"http:\/\/www.eloriente.net\/home\/wp-content\/uploads\/2014\/08\/INE-Archivo-eloriente.net_.jpg\"><img loading=\"lazy\" decoding=\"async\" class=\"alignnone size-medium wp-image-31184\" title=\"INE - Archivo eloriente.net\" src=\"http:\/\/www.eloriente.net\/home\/wp-content\/uploads\/2014\/08\/INE-Archivo-eloriente.net_-300x202.jpg\" alt=\"\" width=\"300\" height=\"202\" srcset=\"http:\/\/www.eloriente.net\/home\/wp-content\/uploads\/2014\/08\/INE-Archivo-eloriente.net_-300x202.jpg 300w, http:\/\/www.eloriente.net\/home\/wp-content\/uploads\/2014\/08\/INE-Archivo-eloriente.net_-1024x689.jpg 1024w\" sizes=\"(max-width: 300px) 100vw, 300px\" \/><\/a><\/p>\n<p>Foto: Archivo eloriente.net<\/p>\n<p><strong>Entradas relacionadas:<\/strong><\/p>\n<p><a title=\"Permalink to En Vivo: Tercera Sesi\u00f3n del Ciclo de Talleres para Periodistas INE\" href=\"http:\/\/www.eloriente.net\/home\/2014\/08\/19\/en-vivo-tercera-sesion-del-ciclo-de-talleres-para-periodistas-ine\/\" rel=\"bookmark\">En Vivo: Tercera Sesi\u00f3n del Ciclo de Talleres para Periodistas INE<\/a><\/p>\n<p><a href=\"http:\/\/www.eloriente.net\/home\/2014\/08\/19\/en-vivo-tercera-sesion-del-ciclo-de-talleres-para-periodistas-ine\/\" rel=\"bookmark\"><img decoding=\"async\" title=\"En Vivo: Tercera Sesi\u00f3n del Ciclo de Talleres para Periodistas INE\" src=\"http:\/\/www.eloriente.net\/home\/wp-content\/themes\/city-desk\/timthumb.php?src=http%3A%2F%2Fwww.eloriente.net%2Fhome%2Fwp-content%2Fuploads%2F2014%2F08%2FINE-Archivo-eloriente.net_.jpg&amp;q=90&amp;w=160&amp;h=106&amp;zc=1\" alt=\"En Vivo: Tercera Sesi\u00f3n del Ciclo de Talleres para Periodistas INE\" \/><\/a><\/p>\n<p>eloriente.net 19\/agosto\/2014 Hoy martes 19 de agosto, de 10:00 a 12:00 horas, se lleva a cabo\u00a0la TERCERA SESI\u00d3N DEL PRIMER CICLO DE TALLERES PARA PERIODISTAS, sobre\u00a0la Reforma Pol\u00edtica Electoral: Nuevas atribuciones del \u00d3rgano\u00a0Electoral Nacional. El tema ser\u00e1 \u201cORGANIZACI\u00d3N Y CAPACITACI\u00d3N ELECTORAL\u201d, el cual imparten\u00a0los CONSEJEROS ELECTORALES: \u00b7 ENRIQUE ANDRADE, Presidente de la Comisi\u00f3n de Capacitaci\u00f3n\u00a0Electoral [&#8230;]<\/p>\n<p>August 19, 2014<\/p>\n<div id=\"post-31146\">\n<p><a title=\"Permalink to Tercera Convocatoria del Concurso P\u00fablico 2013-2014 del INE\" href=\"http:\/\/www.eloriente.net\/home\/2014\/08\/19\/tercera-convocatoria-del-concurso-publico-2013-2014-del-ine\/\" rel=\"bookmark\">Tercera Convocatoria del Concurso P\u00fablico 2013-2014 del INE<\/a><\/p>\n<p><a href=\"http:\/\/www.eloriente.net\/home\/2014\/08\/19\/tercera-convocatoria-del-concurso-publico-2013-2014-del-ine\/\" rel=\"bookmark\"><img decoding=\"async\" title=\"Tercera Convocatoria del Concurso P\u00fablico 2013-2014 del INE\" src=\"http:\/\/www.eloriente.net\/home\/wp-content\/themes\/city-desk\/timthumb.php?src=http%3A%2F%2Fwww.eloriente.net%2Fhome%2Fwp-content%2Fuploads%2F2014%2F07%2FConvenio-Por-INE.jpg&amp;q=90&amp;w=160&amp;h=106&amp;zc=1\" alt=\"Tercera Convocatoria del Concurso P\u00fablico 2013-2014 del INE\" \/><\/a><\/p>\n<p>eloriente.net 18\/agosto\/2014 El Instituto Nacional Electoral a trav\u00e9s de la Direcci\u00f3n Ejecutiva del Servicio Profesional Electoral pone a disposici\u00f3n de las ciudadanas interesadas en postularse por un cargo del Servicio Profesional Electoral, el presente espacio para dar a conocer la informaci\u00f3n sobre la Tercera Convocatoria del Concurso P\u00fablico 2013-2014 exclusivo para mujeres. En la p\u00e1gina [&#8230;]<\/p>\n<p>August 19, 2014<\/p>\n<\/div>\n<div id=\"post-31171\">\n<p><a title=\"Permalink to Investigadores de la UABJO presentan \u201cLa UABJO y sus leyes fundamentales 1827 \u2013 1988\u201d\" href=\"http:\/\/www.eloriente.net\/home\/2014\/08\/18\/investigadores-de-la-uabjo-presentan-la-uabjo-y-sus-leyes-fundamentales-1827-1988\/\" rel=\"bookmark\">Investigadores de la UABJO presentan \u201cLa UABJO y sus leyes fundamentales 1827 \u2013 1988\u201d<\/a><\/p>\n<p><a href=\"http:\/\/www.eloriente.net\/home\/2014\/08\/18\/investigadores-de-la-uabjo-presentan-la-uabjo-y-sus-leyes-fundamentales-1827-1988\/\" rel=\"bookmark\"><img decoding=\"async\" title=\"Investigadores de la UABJO presentan \u201cLa UABJO y sus leyes fundamentales 1827 \u2013 1988\u201d\" src=\"http:\/\/www.eloriente.net\/home\/wp-content\/themes\/city-desk\/timthumb.php?src=http%3A%2F%2Fwww.eloriente.net%2Fhome%2Fwp-content%2Fuploads%2F2014%2F08%2F182.jpg&amp;q=90&amp;w=160&amp;h=106&amp;zc=1\" alt=\"Investigadores de la UABJO presentan \u201cLa UABJO y sus leyes fundamentales 1827 \u2013 1988\u201d\" \/><\/a><\/p>\n<p>eloriente.net 18\/agosto\/2014 Con el objetivo de fomentar el conocimiento y difusi\u00f3n de la memoria normativa de la Universidad Aut\u00f3noma \u201cBenito Ju\u00e1rez\u201d de Oaxaca (UABJO), en el marco del proyecto denominado \u201cDocumentos Fundamentales del Instituto de Ciencias y Artes del estado de Oaxaca y la Universidad Aut\u00f3noma \u201cBenito Ju\u00e1rez de Oaxaca, investigadores de la M\u00e1xima Casa [&#8230;]<\/p>\n<p>August 18, 2014<\/p>\n<\/div>\n\n\t\t\t  <div \n\t\t\t  \tclass = \"fb-comments\" \n\t\t\t  \tdata-href = \"http:\/\/www.eloriente.net\/home\/2014\/08\/20\/en-vivo-sesion-extraordinaria-del-consejo-general-del-instituto-nacional-electoral\/\"\n\t\t\t  \tdata-numposts = \"10\"\n\t\t\t\tdata-colorscheme = \"dark\"\n\t\t\t\tdata-order-by = \"social\"\n\t\t\t\tdata-mobile=true>\n\t\t\t  <\/div>\n\t\t  <style>\n\t\t\t.fb_iframe_widget_fluid_desktop iframe {\n\t\t\t    width: 100% !important;\n\t\t\t}\n\t\t  <\/style>\n\t\t  ","protected":false},"excerpt":{"rendered":"<p>eloriente.net 20\/agosto\/2014 Nos enlazamos en vivo al Consejo General del Instituto Nacional Electoral, para la sesi\u00f3n extraordinaria del jueves 20 de agosto de 2014 a las 10:00 am: Foto: Archivo eloriente.net Entradas relacionadas: En Vivo: Tercera Sesi\u00f3n del Ciclo de Talleres para Periodistas INE eloriente.net 19\/agosto\/2014 Hoy martes 19 de agosto, de 10:00 a 12:00 [&hellip;]<\/p>\n","protected":false},"author":1,"featured_media":31184,"comment_status":"open","ping_status":"open","sticky":false,"template":"","format":"standard","meta":{"_jetpack_memberships_contains_paid_content":false,"footnotes":""},"categories":[4,71,32,10],"tags":[279,2270,2365],"class_list":["post-31228","post","type-post","status-publish","format-standard","has-post-thumbnail","hentry","category-canal-2-en-vivo","category-elecciones","category-entradas","category-lo-mas-reciente","tag-ine","tag-instituto-nacional-electoral","tag-sesion-extraordinaria"],"jetpack_featured_media_url":"http:\/\/www.eloriente.net\/home\/wp-content\/uploads\/2014\/08\/INE-Archivo-eloriente.net_.jpg","jetpack_sharing_enabled":true,"_links":{"self":[{"href":"http:\/\/www.eloriente.net\/home\/wp-json\/wp\/v2\/posts\/31228"}],"collection":[{"href":"http:\/\/www.eloriente.net\/home\/wp-json\/wp\/v2\/posts"}],"about":[{"href":"http:\/\/www.eloriente.net\/home\/wp-json\/wp\/v2\/types\/post"}],"author":[{"embeddable":true,"href":"http:\/\/www.eloriente.net\/home\/wp-json\/wp\/v2\/users\/1"}],"replies":[{"embeddable":true,"href":"http:\/\/www.eloriente.net\/home\/wp-json\/wp\/v2\/comments?post=31228"}],"version-history":[{"count":4,"href":"http:\/\/www.eloriente.net\/home\/wp-json\/wp\/v2\/posts\/31228\/revisions"}],"predecessor-version":[{"id":31231,"href":"http:\/\/www.eloriente.net\/home\/wp-json\/wp\/v2\/posts\/31228\/revisions\/31231"}],"wp:featuredmedia":[{"embeddable":true,"href":"http:\/\/www.eloriente.net\/home\/wp-json\/wp\/v2\/media\/31184"}],"wp:attachment":[{"href":"http:\/\/www.eloriente.net\/home\/wp-json\/wp\/v2\/media?parent=31228"}],"wp:term":[{"taxonomy":"category","embeddable":true,"href":"http:\/\/www.eloriente.net\/home\/wp-json\/wp\/v2\/categories?post=31228"},{"taxonomy":"post_tag","embeddable":true,"href":"http:\/\/www.eloriente.net\/home\/wp-json\/wp\/v2\/tags?post=31228"}],"curies":[{"name":"wp","href":"https:\/\/api.w.org\/{rel}","templated":true}]}}