{"id":31242,"date":"2014-08-20T11:11:26","date_gmt":"2014-08-20T17:11:26","guid":{"rendered":"http:\/\/www.eloriente.net\/home\/?p=31242"},"modified":"2014-08-22T11:50:12","modified_gmt":"2014-08-22T17:50:12","slug":"sostener-a-esteva-salinas-es-un-costoso-capricho","status":"publish","type":"post","link":"http:\/\/www.eloriente.net\/home\/2014\/08\/20\/sostener-a-esteva-salinas-es-un-costoso-capricho\/","title":{"rendered":"Sostener a Esteva Salinas es un costoso capricho"},"content":{"rendered":"<p>eloriente.net<\/p>\n<p>20\/agosto\/2014<\/p>\n<p style=\"text-align: right\">Por:\u00a0<a href=\"http:\/\/www.eloriente.net\/home\/category\/colaboradores\/adrian-ortiz-romero\/\" target=\"_blank\">Adri\u00e1n Ort\u00edz Romero<\/a><\/p>\n<div>\n<p>Titular SSP no es experto, ni pol\u00edtico. \u00bfEntonces?<\/p>\n<p>En ese nivel de transparencia que qui\u00e9n sabe si alg\u00fan d\u00eda lleguemos a ver los mexicanos que hoy vivimos, el Gobierno del Estado deb\u00eda explicar con claridad cu\u00e1l es la raz\u00f3n por la que sostiene en el cargo a un funcionario como Alberto Esteva Salinas. Hasta hoy, el titular de la Secretar\u00eda de Seguridad P\u00fablica no ha demostrado cualidades profesionales, acad\u00e9micas o pol\u00edticas como para ser un personaje id\u00f3neo para el cargo que ocupa. Los oaxaque\u00f1os nos preguntamos por qu\u00e9 sigue en el cargo. Pero el problema es que nadie responde.<br \/>\nEn efecto, Alberto Esteva Salinas lleg\u00f3 a la Secretar\u00eda de Seguridad P\u00fablica con un cuestionamiento de origen. Su antecesor, un polic\u00eda puro como Marco Tulio L\u00f3pez Escamilla, dej\u00f3 el cargo plagado de minas que explotaron desde que Esteva puso un pie en la SSP, y \u00e9sta le emiti\u00f3 una carta de antecedentes penales exhibiendo que ten\u00eda al menos dos \u00f3rdenes de aprehensi\u00f3n pendientes de ser cumplimentadas en su contra. Desde ese momento, quiz\u00e1 por una raz\u00f3n de purismos o incluso de evitar que un individuo no calificado llegara a ese cargo, a Esteva le brotaron los impedimentos que hoy en d\u00eda no ha podido revertir con \u00e9xitos como titular de esa dependencia.<br \/>\n\u00bfCu\u00e1l era el principal problema que ten\u00eda Marco Tulio L\u00f3pez Escamilla? Que \u00e9l no es un pol\u00edtico, sino un polic\u00eda, y que por ende frente a ciertas situaciones no ten\u00eda la capacidad para actuar con el tacto necesario como para controlar una situaci\u00f3n que no necesariamente deb\u00eda derivar en la fuerza verbal, o en la fuerza p\u00fablica. L\u00f3pez Escamilla actuaba al margen de cualquier tipo de razonamiento relacionado con una raz\u00f3n pol\u00edtica que pudiera impedir la acci\u00f3n de la dependencia que encabezaba.<br \/>\nQuiz\u00e1 eso fue lo que busc\u00f3 eliminar el Jefe del Ejecutivo del Estado cuando decidi\u00f3 optar por un pol\u00edtico y no por un cuadro especializado en seguridad p\u00fablica. Pues entre L\u00f3pez Escamilla y Alberto Esteva se barajaron otros nombres de personajes que estaban menos contrapuestos entre s\u00ed. L\u00f3pez Escamilla era el polic\u00eda puro que llegaba al cargo m\u00e1s importante de ese estrato en una entidad federativa. Y Esteva es un personaje que si bien forj\u00f3 buenas relaciones con el gobierno de la Ciudad de M\u00e9xico \u2014que luego se convirti\u00f3 en referente para el nuevo modelo federal en la segunda era presidencial priista\u2014, en realidad no contaba con ninguna experiencia t\u00e9cnica y operativa para el cargo que hoy desempe\u00f1a.<br \/>\nPor eso el primer escollo que debi\u00f3 Esteva como titular de la SSPE fue justamente el de legitimar su nombramiento. No lo hizo: en lugar de ello decidi\u00f3 re\u00f1ir desde el primer momento con la Legislatura del Estado, que finalmente decidi\u00f3 ratificarlo en el cargo no porque \u00e9l hubiera tenido la capacidad de conseguir un consenso \u2014incluso entre los propios partidos aliados del Gobernador\u2014 sino porque finalmente siguieron la l\u00f3gica de que si el Ejecutivo como parte de sus responsabilidades lo propon\u00eda, entonces tambi\u00e9n ser\u00eda corresponsable de lo bueno o malo que \u00e9ste hiciera.<\/p>\n<p>PELEAR CON TODOS<br \/>\nLuego, Esteva gener\u00f3 sus propios cuestionamientos cuando reci\u00e9n llegado a la SSPE anunci\u00f3 que disolver\u00eda los grupos de elementos antimotines, bajo la l\u00f3gica de que el gobierno actual es democr\u00e1tico y no est\u00e1 hecho ni debe servir para reprimir al pueblo. Pero apenas semanas despu\u00e9s de eso, se tuvo que tragar sus palabras cuando se vio obligado a utilizar a la fuerza p\u00fablica para contener una manifestaci\u00f3n violenta de normalistas que ocurr\u00eda a las afueras de las instalaciones del IEEPO.<br \/>\nLuego, Esteva decidi\u00f3 emprender falsas campa\u00f1as de proximidad social, ridiculizando a los elementos policiacos, distray\u00e9ndolos de sus actividades, y oblig\u00e1ndolos a cumplir con funciones que no son propias de un elemento de seguridad p\u00fablica. \u00bfCu\u00e1les? Ir a regalar caf\u00e9 y pan a los familiares de las personas internadas en hospitales p\u00fablicos, fungir como payasos, paseadores o nanas de ni\u00f1os en las calles; obligarlos a ser parte de actividades como el cuidado de ardillas en la plaza principal de Oaxaca, o presentarlos como \u201camiguitos\u201d de la gente cuando lo \u00fanico cierto es que el polic\u00eda debe infundir una sola imagen, que es la de autoridad.<br \/>\nSi ello no fuera suficiente, Esteva Salinas pronto demostr\u00f3 su incapacidad para tolerar la frustraci\u00f3n y su poco entendimiento de la actividad pol\u00edtica que se supone que lo mandaron a hacer a Seguridad P\u00fablica. Y es que a Esteva, quiz\u00e1, no lo mandaron a que hiciera una precampa\u00f1a pol\u00edtica o a que diera rienda suelta a sus sue\u00f1os de ganar por fin una elecci\u00f3n en la entidad, sino a que fuera la mano tersa que aliviara algunas tensiones que hab\u00eda generado su antecesor en el cargo.<br \/>\nNo lo hizo. Y no s\u00f3lo eso, sino que hoy en d\u00eda Esteva est\u00e1 m\u00e1s enfrentado con la ciudadan\u00eda que ning\u00fan otro Secretario de Seguridad P\u00fablica en el pasado reciente de la entidad, y a\u00fan as\u00ed \u00e9l contin\u00faa alimentando esa idea de que es un inepto como operador del sistema de seguridad p\u00fablica estatal, y a su vez un p\u00e9simo pol\u00edtico que lejos de consensar posiciones distintas que pueden derivar en el uso de la fuerza, siempre termina desmentido por la realidad, pero adem\u00e1s ri\u00f1endo con todos los que se cruzan en su camino.<br \/>\nPor eso hoy ser\u00eda importante saber cu\u00e1l es la raz\u00f3n que lo mantiene en su cargo como titular de la SSPE. Esto porque no es un pol\u00edtico que sea la mano suave frente a la respuesta contundente que s\u00f3lo puede dar la fuerza p\u00fablica. No es un operador t\u00e9cnico ni t\u00e1ctico que pueda demostrar reducci\u00f3n en la tasa de los delitos de mayor incidencia (Al contrario). Y tampoco es un elemento que contribuya a generar concordia entre el grupo gobernante y los sectores radicales que siempre han existido en Oaxaca.<br \/>\nAs\u00ed, al haber fracasado como conciliador, como operador, como pol\u00edtico y hasta como simple sostenedor de las estrategias que ya exist\u00edan, lo que Esteva deber\u00eda hacer es irse. Sin embargo, no sabemos \u2014y quiz\u00e1 no lo sepamos nunca\u2014 si es por testarudez, por un compromiso pol\u00edtico que nosotros desconocemos, o simplemente por indolencia, se permita que contin\u00fae en el cargo que ostenta.<\/p>\n<p>REINCIDIR<br \/>\nEs lo que hace la Secci\u00f3n 22, que no entiende razones. \u00bfQu\u00e9 les molest\u00f3 tanto que quitaran de la iniciativa de ley educativa que envi\u00f3 el Gobernador al Congreso? En esencia, les caus\u00f3 escozor que eliminaran el Transitorio 16, que establec\u00eda la contrataci\u00f3n autom\u00e1tica de los normalistas, cuesti\u00f3n que s\u00ed es claramente inconstitucional. As\u00ed, su \u00e1nimo por insistir los pone como necios y como congruentes, que es lo que seg\u00fan intentan parecer.<\/p>\n<p><a href=\"http:\/\/www.eloriente.net\/home\/wp-content\/uploads\/2013\/01\/SSP.jpg\"><img loading=\"lazy\" decoding=\"async\" class=\"alignnone size-medium wp-image-6710\" src=\"http:\/\/www.eloriente.net\/home\/wp-content\/uploads\/2013\/01\/SSP-300x175.jpg\" alt=\"\" width=\"300\" height=\"175\" srcset=\"http:\/\/www.eloriente.net\/home\/wp-content\/uploads\/2013\/01\/SSP-300x175.jpg 300w, http:\/\/www.eloriente.net\/home\/wp-content\/uploads\/2013\/01\/SSP.jpg 650w\" sizes=\"(max-width: 300px) 100vw, 300px\" \/><\/a><\/p>\n<p>Foto: Archivo eloriente.net<\/p>\n<p><strong>Entradas relacionadas:<\/strong><\/p>\n<p><a title=\"Permalink to M\u00e9xico-EEUU: del clasismo al racismo\" href=\"http:\/\/www.eloriente.net\/home\/2014\/08\/18\/mexico-eeuu-del-clasismo-al-racismo\/\" rel=\"bookmark\">M\u00e9xico-EEUU: del clasismo al racismo<\/a><\/p>\n<p><a href=\"http:\/\/www.eloriente.net\/home\/2014\/08\/18\/mexico-eeuu-del-clasismo-al-racismo\/\" rel=\"bookmark\"><img decoding=\"async\" src=\"http:\/\/www.eloriente.net\/home\/wp-content\/themes\/city-desk\/timthumb.php?src=http%3A%2F%2Fwww.eloriente.net%2Fhome%2Fwp-content%2Fuploads%2F2014%2F08%2F3270527356_6e47c37846_o.jpg&amp;q=90&amp;w=160&amp;h=106&amp;zc=1\" alt=\"M\u00e9xico-EEUU: del clasismo al racismo\" \/><\/a><\/p>\n<p>eloriente.net 18\/agosto\/2014 Por:\u00a0Adri\u00e1n Ort\u00edz Romero Aqu\u00ed, la causa es econ\u00f3mica, all\u00e1, la raza Cuando casi cualquier extranjero visita regularmente o viene a vivir a nuestro pa\u00eds, entiende que en M\u00e9xico el racismo no es un problema grave, tanto como el clasismo. Eso, que para ellos no es menor, para nosotros es algo casi natural. El [&#8230;]<\/p>\n<p>August 18, 2014<\/p>\n<div>\n<p><a title=\"Permalink to La ley educativa est\u00e1 enga\u00f1ando a todos\" href=\"http:\/\/www.eloriente.net\/home\/2014\/08\/15\/la-ley-educativa-esta-enganando-a-todos\/\" rel=\"bookmark\">La ley educativa est\u00e1 enga\u00f1ando a todos<\/a><\/p>\n<p><a href=\"http:\/\/www.eloriente.net\/home\/2014\/08\/15\/la-ley-educativa-esta-enganando-a-todos\/\" rel=\"bookmark\"><img decoding=\"async\" src=\"http:\/\/www.eloriente.net\/home\/wp-content\/themes\/city-desk\/timthumb.php?src=http%3A%2F%2Fwww.eloriente.net%2Fhome%2Fwp-content%2Fuploads%2F2014%2F06%2FGobernador-Por-Gabino-Cu%C3%A9-Monteagudo.jpg&amp;q=90&amp;w=160&amp;h=106&amp;zc=1\" alt=\"La ley educativa est\u00e1 enga\u00f1ando a todos\" \/><\/a>eloriente.net 15\/agosto\/2014 + Gobierno y S-22 simulan no ver realidad No miente el titular del Poder Ejecutivo de Oaxaca cuando dice que el anteproyecto de la Ley Estatal de Educaci\u00f3n no se contrapone a los lineamientos establecidos en la Constituci\u00f3n de la rep\u00fablica. Dice la verdad, porque lo cierto es que el tema m\u00e1s sensible [&#8230;]<\/p>\n<p>August 15, 2014<\/p>\n<\/div>\n<div>\n<p><a title=\"Permalink to Reformas estructurales: juntas, desmovilizan\" href=\"http:\/\/www.eloriente.net\/home\/2014\/08\/13\/reformas-estructurales-juntas-desmovilizan\/\" rel=\"bookmark\">Reformas estructurales: juntas, desmovilizan<\/a><\/p>\n<p><a href=\"http:\/\/www.eloriente.net\/home\/2014\/08\/13\/reformas-estructurales-juntas-desmovilizan\/\" rel=\"bookmark\"><img decoding=\"async\" src=\"http:\/\/www.eloriente.net\/home\/wp-content\/themes\/city-desk\/timthumb.php?src=http%3A%2F%2Fwww.eloriente.net%2Fhome%2Fwp-content%2Fuploads%2F2014%2F01%2Ftelecomunicaciones.jpg&amp;q=90&amp;w=160&amp;h=106&amp;zc=1\" alt=\"Reformas estructurales: juntas, desmovilizan\" \/><\/a>eloriente.net 13\/agosto\/2014 Por:\u00a0Adri\u00e1n Ort\u00edz Romero Energ\u00eda, educaci\u00f3n, telecom: junto, ya qued\u00f3 Dejando de lado la perspectiva local, ayer se concret\u00f3 el conjunto de cambios que eran pavorosos para ciertos n\u00facleos de la poblaci\u00f3n y que en otras circunstancias habr\u00edan sido motivo suficiente para incendiar al pa\u00eds. Al iniciar la semana, el presidente Enrique Pe\u00f1a Nieto [&#8230;]<\/p>\n<p>August 13, 2014<\/p>\n<\/div>\n<\/div>\n\n\t\t\t  <div \n\t\t\t  \tclass = \"fb-comments\" \n\t\t\t  \tdata-href = \"http:\/\/www.eloriente.net\/home\/2014\/08\/20\/sostener-a-esteva-salinas-es-un-costoso-capricho\/\"\n\t\t\t  \tdata-numposts = \"10\"\n\t\t\t\tdata-colorscheme = \"dark\"\n\t\t\t\tdata-order-by = \"social\"\n\t\t\t\tdata-mobile=true>\n\t\t\t  <\/div>\n\t\t  <style>\n\t\t\t.fb_iframe_widget_fluid_desktop iframe {\n\t\t\t    width: 100% !important;\n\t\t\t}\n\t\t  <\/style>\n\t\t  ","protected":false},"excerpt":{"rendered":"<p>eloriente.net 20\/agosto\/2014 Por:\u00a0Adri\u00e1n Ort\u00edz Romero Titular SSP no es experto, ni pol\u00edtico. \u00bfEntonces? En ese nivel de transparencia que qui\u00e9n sabe si alg\u00fan d\u00eda lleguemos a ver los mexicanos que hoy vivimos, el Gobierno del Estado deb\u00eda explicar con claridad cu\u00e1l es la raz\u00f3n por la que sostiene en el cargo a un funcionario como [&hellip;]<\/p>\n","protected":false},"author":2,"featured_media":6710,"comment_status":"open","ping_status":"open","sticky":false,"template":"","format":"standard","meta":{"_jetpack_memberships_contains_paid_content":false,"footnotes":""},"categories":[38,11,32,10,464,21],"tags":[2368,2367,166],"class_list":["post-31242","post","type-post","status-publish","format-standard","has-post-thumbnail","hentry","category-adrian-ortiz-romero","category-colaboradores","category-entradas","category-lo-mas-reciente","category-oaxaca-estados","category-politica-y-gobierno","tag-alberto-esteva","tag-seguridad-publica","tag-ssp"],"jetpack_featured_media_url":"http:\/\/www.eloriente.net\/home\/wp-content\/uploads\/2013\/01\/SSP.jpg","jetpack_sharing_enabled":true,"_links":{"self":[{"href":"http:\/\/www.eloriente.net\/home\/wp-json\/wp\/v2\/posts\/31242"}],"collection":[{"href":"http:\/\/www.eloriente.net\/home\/wp-json\/wp\/v2\/posts"}],"about":[{"href":"http:\/\/www.eloriente.net\/home\/wp-json\/wp\/v2\/types\/post"}],"author":[{"embeddable":true,"href":"http:\/\/www.eloriente.net\/home\/wp-json\/wp\/v2\/users\/2"}],"replies":[{"embeddable":true,"href":"http:\/\/www.eloriente.net\/home\/wp-json\/wp\/v2\/comments?post=31242"}],"version-history":[{"count":3,"href":"http:\/\/www.eloriente.net\/home\/wp-json\/wp\/v2\/posts\/31242\/revisions"}],"predecessor-version":[{"id":31330,"href":"http:\/\/www.eloriente.net\/home\/wp-json\/wp\/v2\/posts\/31242\/revisions\/31330"}],"wp:featuredmedia":[{"embeddable":true,"href":"http:\/\/www.eloriente.net\/home\/wp-json\/wp\/v2\/media\/6710"}],"wp:attachment":[{"href":"http:\/\/www.eloriente.net\/home\/wp-json\/wp\/v2\/media?parent=31242"}],"wp:term":[{"taxonomy":"category","embeddable":true,"href":"http:\/\/www.eloriente.net\/home\/wp-json\/wp\/v2\/categories?post=31242"},{"taxonomy":"post_tag","embeddable":true,"href":"http:\/\/www.eloriente.net\/home\/wp-json\/wp\/v2\/tags?post=31242"}],"curies":[{"name":"wp","href":"https:\/\/api.w.org\/{rel}","templated":true}]}}