{"id":31277,"date":"2014-08-21T07:53:43","date_gmt":"2014-08-21T13:53:43","guid":{"rendered":"http:\/\/www.eloriente.net\/home\/?p=31277"},"modified":"2014-08-21T07:53:43","modified_gmt":"2014-08-21T13:53:43","slug":"sesiona-el-honorable-consejo-universitario-de-la-uabjo","status":"publish","type":"post","link":"http:\/\/www.eloriente.net\/home\/2014\/08\/21\/sesiona-el-honorable-consejo-universitario-de-la-uabjo\/","title":{"rendered":"Sesiona el Honorable Consejo Universitario de la UABJO"},"content":{"rendered":"<p>eloriente.net<\/p>\n<p>21\/agosto\/2014<\/p>\n<ul>\n<li><strong>Se propone un nuevo modelo educativo para la instituci\u00f3n en relaci\u00f3n al aprendizaje basado en competencias<\/strong><strong>\u00a0<\/strong><\/li>\n<li><strong>Se trabaja para reconocimiento de nuevas DES<\/strong><\/li>\n<\/ul>\n<p>Directivos, estudiantes y trabajadores que integran el Honorable Consejo Universitario, precedido por el rector de la Universidad Aut\u00f3noma \u201cBenito Ju\u00e1rez\u201d de Oaxaca (UABJO) Eduardo Mart\u00ednez Helmes, efectuaron la sesi\u00f3n ordinaria, con base a los estatutos contenidos en la Ley Org\u00e1nica vigente en la Universidad.<\/p>\n<p>En la sesi\u00f3n efectuada en el Paraninfo de la Facultad de Derecho y Ciencias Sociales, el Rector entreg\u00f3 los nombramientos de los integrantes de las Comisiones Dictaminadoras, cuya funci\u00f3n principal consiste en la evaluaci\u00f3n al desempe\u00f1o docente y que fueron propuestas en una sesi\u00f3n previa celebrada en noviembre del 2013.<\/p>\n<p>El funcionario tambi\u00e9n hizo entrega a la Secretaria General, Leticia Eugenia Mendoza Toro del proyecto que propone el reconocimiento de nuevas Dependencias de Educaci\u00f3n Superior (DES), donde se integran las Escuelas de Enfermer\u00eda, ubicadas en Tehuantepec y Huajuapan, as\u00ed como las de Bellas Artes, Econom\u00eda y Deportes.<\/p>\n<p>Lo anterior ante el inter\u00e9s de la administraci\u00f3n por el desarrollo institucional de las unidades acad\u00e9micas, en relaci\u00f3n a su fomento educativo en general, as\u00ed como en su participaci\u00f3n para concursos dependientes de PIFI, as\u00ed como en las convocatorias para el programa de Profesores de Tiempo Completo.<\/p>\n<p>Dentro de este acto, el Rector entreg\u00f3 la propuesta del nuevo modelo educativo para la Universidad, el cual se caracteriza por fomentar el aprendizaje basado en competencias de acuerdo a las exigencias actuales.<\/p>\n<p>Con base en lo establecido en el Plan de Desarrollo Institucional 2012-2016, la propuesta presentada se fundamenta en la necesidad de un modelo educativo asequible a la vida cotidiana, situado al estudiante como el centro del aprendizaje.<\/p>\n<p>En asuntos generales se tom\u00f3 protesta a los nuevos integrantes de la Comisi\u00f3n Evaluadora Universitaria, conforme a lo dispuesto en los art\u00edculos 92 del Estatuto del Personal Acad\u00e9mico y 42 fracciones XII de la Ley org\u00e1nica de la Universidad. Ellos son: Gabriel Mayoral Andrade y Heriberto Antonio Garc\u00eda, quienes ocupar\u00e1n los lugares que dejan los maestros Avelino V\u00e1squez Luis e Ingeniero V\u00edctor Manuel M\u00e1rquez Coronado, por jubilaci\u00f3n.<\/p>\n<div id='gallery-1' class='gallery galleryid-31277 gallery-columns-3 gallery-size-thumbnail'><figure class='gallery-item'>\n\t\t\t<div class='gallery-icon landscape'>\n\t\t\t\t<a href='http:\/\/www.eloriente.net\/home\/wp-content\/uploads\/2014\/08\/201.jpg'><img loading=\"lazy\" decoding=\"async\" width=\"150\" height=\"150\" src=\"http:\/\/www.eloriente.net\/home\/wp-content\/uploads\/2014\/08\/201-150x150.jpg\" class=\"attachment-thumbnail size-thumbnail\" alt=\"\" srcset=\"http:\/\/www.eloriente.net\/home\/wp-content\/uploads\/2014\/08\/201-150x150.jpg 150w, http:\/\/www.eloriente.net\/home\/wp-content\/uploads\/2014\/08\/201-50x50.jpg 50w\" sizes=\"(max-width: 150px) 100vw, 150px\" \/><\/a>\n\t\t\t<\/div><\/figure><figure class='gallery-item'>\n\t\t\t<div class='gallery-icon landscape'>\n\t\t\t\t<a href='http:\/\/www.eloriente.net\/home\/wp-content\/uploads\/2014\/08\/202.jpg'><img loading=\"lazy\" decoding=\"async\" width=\"150\" height=\"150\" src=\"http:\/\/www.eloriente.net\/home\/wp-content\/uploads\/2014\/08\/202-150x150.jpg\" class=\"attachment-thumbnail size-thumbnail\" alt=\"\" srcset=\"http:\/\/www.eloriente.net\/home\/wp-content\/uploads\/2014\/08\/202-150x150.jpg 150w, http:\/\/www.eloriente.net\/home\/wp-content\/uploads\/2014\/08\/202-50x50.jpg 50w\" sizes=\"(max-width: 150px) 100vw, 150px\" \/><\/a>\n\t\t\t<\/div><\/figure><figure class='gallery-item'>\n\t\t\t<div class='gallery-icon landscape'>\n\t\t\t\t<a href='http:\/\/www.eloriente.net\/home\/wp-content\/uploads\/2014\/08\/203.jpg'><img loading=\"lazy\" decoding=\"async\" width=\"150\" height=\"150\" src=\"http:\/\/www.eloriente.net\/home\/wp-content\/uploads\/2014\/08\/203-150x150.jpg\" class=\"attachment-thumbnail size-thumbnail\" alt=\"\" srcset=\"http:\/\/www.eloriente.net\/home\/wp-content\/uploads\/2014\/08\/203-150x150.jpg 150w, http:\/\/www.eloriente.net\/home\/wp-content\/uploads\/2014\/08\/203-50x50.jpg 50w\" sizes=\"(max-width: 150px) 100vw, 150px\" \/><\/a>\n\t\t\t<\/div><\/figure><figure class='gallery-item'>\n\t\t\t<div class='gallery-icon landscape'>\n\t\t\t\t<a href='http:\/\/www.eloriente.net\/home\/wp-content\/uploads\/2014\/08\/20.jpg'><img loading=\"lazy\" decoding=\"async\" width=\"150\" height=\"150\" src=\"http:\/\/www.eloriente.net\/home\/wp-content\/uploads\/2014\/08\/20-150x150.jpg\" class=\"attachment-thumbnail size-thumbnail\" alt=\"\" srcset=\"http:\/\/www.eloriente.net\/home\/wp-content\/uploads\/2014\/08\/20-150x150.jpg 150w, http:\/\/www.eloriente.net\/home\/wp-content\/uploads\/2014\/08\/20-50x50.jpg 50w\" sizes=\"(max-width: 150px) 100vw, 150px\" \/><\/a>\n\t\t\t<\/div><\/figure>\n\t\t<\/div>\n\n<p>Fotos: UABJO<\/p>\n<p><strong>Entradas relacionadas:<\/strong><\/p>\n<p><a title=\"Permalink to Inicia ciclo escolar en la Facultad de Derecho de la UABJO\" href=\"http:\/\/www.eloriente.net\/home\/2014\/08\/14\/inicia-ciclo-escolar-en-la-facultad-de-derecho-de-la-uabjo\/\" rel=\"bookmark\">Inicia ciclo escolar en la Facultad de Derecho de la UABJO<\/a><\/p>\n<p><a href=\"http:\/\/www.eloriente.net\/home\/2014\/08\/14\/inicia-ciclo-escolar-en-la-facultad-de-derecho-de-la-uabjo\/\" rel=\"bookmark\"><img decoding=\"async\" title=\"Inicia ciclo escolar en la Facultad de Derecho de la UABJO\" src=\"http:\/\/www.eloriente.net\/home\/wp-content\/themes\/city-desk\/timthumb.php?src=http%3A%2F%2Fwww.eloriente.net%2Fhome%2Fwp-content%2Fuploads%2F2014%2F08%2F131.jpg&amp;q=90&amp;w=160&amp;h=106&amp;zc=1\" alt=\"Inicia ciclo escolar en la Facultad de Derecho de la UABJO\" \/><\/a><\/p>\n<p>eloriente.net 14\/agosto\/2014 Cientos de estudiantes de la Licenciatura en Derecho y Ciencias Sociales de la Universidad Aut\u00f3noma \u201cBenito Ju\u00e1rez (UABJO), iniciaron sus clases correspondientes al\u00a0 presente ciclo escolar 2014-2015. En un acto protocolario celebrado en las instalaciones de la Facultad en Ciudad Universitaria, el director de la instituci\u00f3n, Reynel V\u00e1squez Z\u00e1rate dio la bienvenida a [&#8230;]<\/p>\n<p>August 14, 2014<\/p>\n<div id=\"post-30874\">\n<p><a title=\"Permalink to Resumen de la actividad econ\u00f3mica en la Zona Metropolitana de Oaxaca\" href=\"http:\/\/www.eloriente.net\/home\/2014\/08\/13\/30874\/\" rel=\"bookmark\">Resumen de la actividad econ\u00f3mica en la Zona Metropolitana de Oaxaca<\/a><\/p>\n<p><a href=\"http:\/\/www.eloriente.net\/home\/2014\/08\/13\/30874\/\" rel=\"bookmark\"><img decoding=\"async\" title=\"Resumen de la actividad econ\u00f3mica en la Zona Metropolitana de Oaxaca\" src=\"http:\/\/www.eloriente.net\/home\/wp-content\/themes\/city-desk\/timthumb.php?src=http%3A%2F%2Fwww.eloriente.net%2Fhome%2Fwp-content%2Fuploads%2F2014%2F08%2FSanto-Domingo.jpg&amp;q=90&amp;w=160&amp;h=106&amp;zc=1\" alt=\"Resumen de la actividad econ\u00f3mica en la Zona Metropolitana de Oaxaca\" \/><\/a>eloriente.net 13\/agosto\/2014 La semana pasada, te presentamos los Indicadores Regionales de Actividad Econ\u00f3mica 2014, presentado por el Departamento de Estudios Econ\u00f3micos de Banamex en marzo de este a\u00f1o.\u00a0El documento recopila datos y estad\u00edsticas de la actividad econ\u00f3mica de todo el pa\u00eds y permite observar y comparar el desarrollo entre las diversas entidades federativas que conforman [&#8230;]<\/p>\n<p>August 13, 2014<\/p>\n<\/div>\n<div id=\"post-30863\">\n<p><a title=\"Permalink to Firman acuerdo de colaboraci\u00f3n UABJO y Universidad del Distrito de Columbia\" href=\"http:\/\/www.eloriente.net\/home\/2014\/08\/12\/firman-acuerdo-de-colaboracion-uabjo-y-universidad-del-distrito-de-columbia\/\" rel=\"bookmark\">Firman acuerdo de colaboraci\u00f3n UABJO y Universidad del Distrito de Columbia<\/a><\/p>\n<p><a href=\"http:\/\/www.eloriente.net\/home\/2014\/08\/12\/firman-acuerdo-de-colaboracion-uabjo-y-universidad-del-distrito-de-columbia\/\" rel=\"bookmark\"><img decoding=\"async\" title=\"Firman acuerdo de colaboraci\u00f3n UABJO y Universidad del Distrito de Columbia\" src=\"http:\/\/www.eloriente.net\/home\/wp-content\/themes\/city-desk\/timthumb.php?src=http%3A%2F%2Fwww.eloriente.net%2Fhome%2Fwp-content%2Fuploads%2F2014%2F08%2F11.jpg&amp;q=90&amp;w=160&amp;h=106&amp;zc=1\" alt=\"Firman acuerdo de colaboraci\u00f3n UABJO y Universidad del Distrito de Columbia\" \/><\/a>eloriente.net 12\/agosto\/2014 Como parte de los compromisos establecidos por la presente administraci\u00f3n, encabezada por el Rector Eduardo Mart\u00ednez Helmes, la Universidad Aut\u00f3noma \u201cBenito Ju\u00e1rez\u201d de Oaxaca (UABJO) firm\u00f3 un convenio de colaboraci\u00f3n con la Universidad del Distrito de Columbia (UDC) a fin de promover la cooperaci\u00f3n y colaboraci\u00f3n de ambas instituciones en beneficio de sus [&#8230;]<\/p>\n<p>August 12, 2014<\/p>\n<\/div>\n\n\t\t\t  <div \n\t\t\t  \tclass = \"fb-comments\" \n\t\t\t  \tdata-href = \"http:\/\/www.eloriente.net\/home\/2014\/08\/21\/sesiona-el-honorable-consejo-universitario-de-la-uabjo\/\"\n\t\t\t  \tdata-numposts = \"10\"\n\t\t\t\tdata-colorscheme = \"dark\"\n\t\t\t\tdata-order-by = \"social\"\n\t\t\t\tdata-mobile=true>\n\t\t\t  <\/div>\n\t\t  <style>\n\t\t\t.fb_iframe_widget_fluid_desktop iframe {\n\t\t\t    width: 100% !important;\n\t\t\t}\n\t\t  <\/style>\n\t\t  ","protected":false},"excerpt":{"rendered":"<p>eloriente.net 21\/agosto\/2014 Se propone un nuevo modelo educativo para la instituci\u00f3n en relaci\u00f3n al aprendizaje basado en competencias\u00a0 Se trabaja para reconocimiento de nuevas DES Directivos, estudiantes y trabajadores que integran el Honorable Consejo Universitario, precedido por el rector de la Universidad Aut\u00f3noma \u201cBenito Ju\u00e1rez\u201d de Oaxaca (UABJO) Eduardo Mart\u00ednez Helmes, efectuaron la sesi\u00f3n ordinaria, [&hellip;]<\/p>\n","protected":false},"author":1,"featured_media":31281,"comment_status":"open","ping_status":"open","sticky":false,"template":"","format":"standard","meta":{"_jetpack_memberships_contains_paid_content":false,"footnotes":""},"categories":[32,10,464,84],"tags":[1500,182,522],"class_list":["post-31277","post","type-post","status-publish","format-standard","has-post-thumbnail","hentry","category-entradas","category-lo-mas-reciente","category-oaxaca-estados","category-universidades","tag-consejo","tag-uabjo","tag-universidad"],"jetpack_featured_media_url":"http:\/\/www.eloriente.net\/home\/wp-content\/uploads\/2014\/08\/20.jpg","jetpack_sharing_enabled":true,"_links":{"self":[{"href":"http:\/\/www.eloriente.net\/home\/wp-json\/wp\/v2\/posts\/31277"}],"collection":[{"href":"http:\/\/www.eloriente.net\/home\/wp-json\/wp\/v2\/posts"}],"about":[{"href":"http:\/\/www.eloriente.net\/home\/wp-json\/wp\/v2\/types\/post"}],"author":[{"embeddable":true,"href":"http:\/\/www.eloriente.net\/home\/wp-json\/wp\/v2\/users\/1"}],"replies":[{"embeddable":true,"href":"http:\/\/www.eloriente.net\/home\/wp-json\/wp\/v2\/comments?post=31277"}],"version-history":[{"count":1,"href":"http:\/\/www.eloriente.net\/home\/wp-json\/wp\/v2\/posts\/31277\/revisions"}],"predecessor-version":[{"id":31282,"href":"http:\/\/www.eloriente.net\/home\/wp-json\/wp\/v2\/posts\/31277\/revisions\/31282"}],"wp:featuredmedia":[{"embeddable":true,"href":"http:\/\/www.eloriente.net\/home\/wp-json\/wp\/v2\/media\/31281"}],"wp:attachment":[{"href":"http:\/\/www.eloriente.net\/home\/wp-json\/wp\/v2\/media?parent=31277"}],"wp:term":[{"taxonomy":"category","embeddable":true,"href":"http:\/\/www.eloriente.net\/home\/wp-json\/wp\/v2\/categories?post=31277"},{"taxonomy":"post_tag","embeddable":true,"href":"http:\/\/www.eloriente.net\/home\/wp-json\/wp\/v2\/tags?post=31277"}],"curies":[{"name":"wp","href":"https:\/\/api.w.org\/{rel}","templated":true}]}}