{"id":31304,"date":"2014-08-22T01:01:10","date_gmt":"2014-08-22T07:01:10","guid":{"rendered":"http:\/\/www.eloriente.net\/home\/?p=31304"},"modified":"2014-08-28T13:49:08","modified_gmt":"2014-08-28T19:49:08","slug":"incremento-del-salario-minimo-elevara-poder-adquisitivo","status":"publish","type":"post","link":"http:\/\/www.eloriente.net\/home\/2014\/08\/22\/incremento-del-salario-minimo-elevara-poder-adquisitivo\/","title":{"rendered":"Incremento del salario m\u00ednimo elevar\u00e1 poder adquisitivo"},"content":{"rendered":"<p>eloriente.net<\/p>\n<p>22\/agosto\/2014<\/p>\n<p><em>Ximena Echenique Romero, catedr\u00e1tica de la Escuela de Negocios y Estrategia del Tecnol\u00f3gico de Monterrey en Puebla, afirma que la propuesta de incrementar el salario m\u00ednimo por parte de Acci\u00f3n Nacional m\u00e1s que considerarla un gasto para el estado, es una medida para otorgarle el valor que ten\u00eda hace m\u00e1s de dos d\u00e9cadas, tiempo en que su poder adquisitivo era 20 pesos por arriba del actual.<\/em><\/p>\n<p>A partir del an\u00e1lisis de la evoluci\u00f3n del salario m\u00ednimo real que publica la Comisi\u00f3n Nacional de los Salarios M\u00ednimos, la catedr\u00e1tica establece que en t\u00e9rminos reales el salario m\u00ednimo desde 1994 ha perdido su valor adquisitivo.<\/p>\n<p>Si se considera que durante la mitad de la d\u00e9cada de los 90 correspond\u00eda a 78.84 pesos, la relaci\u00f3n para 2014 es de 57.98 pesos. \u201cEsto significa que si estuvi\u00e9ramos en 1994, el poder adquisitivo del salario m\u00ednimo ser\u00eda 20.86 pesos menor\u201d, menciona Echenique Romero.<\/p>\n<p>Y es que entre 1994 y 1995 el salario m\u00ednimo cay\u00f3 en t\u00e9rminos reales 10.68 pesos, cayendo nuevamente en 1996, 7.11 pesos. A partir de estas ca\u00eddas, su poder adquisitivo fue merm\u00e1ndose cada vez m\u00e1s, ya que desde estos a\u00f1os no ha habido una recuperaci\u00f3n por arriba de los 10 pesos, los m\u00e1ximos incrementos han sido de 0.42 en 2002 y 2004, 1.21 pesos en 2008. Y en este 2014 el salario increment\u00f3 0.7 pesos.<\/p>\n<p>Para la catedr\u00e1tica el incremento del salario m\u00ednimo no s\u00f3lo repercutir\u00eda en un aumento de su poder adquisitivo, sino tambi\u00e9n dejar\u00eda de considerarse como \u00edndice de referencia para otros precios. Por ejemplo, hoy d\u00eda la fijaci\u00f3n de multas o becas escolares se realiza con base al salario m\u00ednimo, por lo que si \u00e9ste sube tambi\u00e9n lo hacen estos rubros.<\/p>\n<p>Esta nueva propuesta \u201char\u00eda un cambio en la fijaci\u00f3n de precios que existe en M\u00e9xico, lo que igualmente ser\u00eda un reto para la pol\u00edtica econ\u00f3mica, pues ser\u00eda necesario definir nuevos par\u00e1metros para establecerlos\u201d, resalta la tambi\u00e9n egresada de la Universidad de Guadalajara.<\/p>\n<p>As\u00ed mismo, \u00a0Echenique Romero enfatiza que el hecho de que Acci\u00f3n Nacional busque este incremento es una respuesta a la pol\u00edtica econ\u00f3mica que M\u00e9xico ha seguido en cuanto a evitar la inflaci\u00f3n. \u201cDurante a\u00f1os se ha tratado de evitar que exista un proceso inflacional que se detecta por el aumento de la cantidad de dinero en circulaci\u00f3n; sin embargo, esto no ha beneficiado a incrementar la competitividad del pa\u00eds\u201d.<\/p>\n<p>Por esta raz\u00f3n, el incremento del salario m\u00ednimo permitir\u00eda a M\u00e9xico a enfocarse en su mercado interno, elevar la producci\u00f3n y la inversi\u00f3n en infraestructura. Tambi\u00e9n los empresarios se ver\u00edan beneficiados debido a que existir\u00edan mayores incentivos en cuanto a los impuestos y fondos.<\/p>\n<p>De esta forma, Echenique Romero comenta que esta resoluci\u00f3n tambi\u00e9n responder\u00eda al contexto actual del pa\u00eds, el cual est\u00e1 viviendo un \u00a0r\u00e1pido desarrollo tecnol\u00f3gico, altas tasas de desempleo y rezago en el poder adquisitivo. M\u00e1s si se toma en cuenta que en M\u00e9xico, el salario m\u00ednimo es inferior a su Producto Interno Bruto (PIB) \u00a0per c\u00e1pita e inferior al de pa\u00edses como Honduras, por poner un ejemplo.<\/p>\n<p>Lourdes Mateos Espejel<\/p>\n<p>Jefe de Prensa<\/p>\n<p>Direcci\u00f3n de Comunicaci\u00f3n e Imagen<\/p>\n<p>Tecnol\u00f3gico de Monterrey, Campus Puebla<\/p>\n<p>Tel. (222) 3 03 21 19<\/p>\n<p>mmateos@itesm.mx<\/p>\n<p><a href=\"http:\/\/www.eloriente.net\/home\/wp-content\/uploads\/2014\/08\/XIMENA-ECHENIQUE_ECONOMIA-Y-FINANZAS_ITESM.jpg\"><img loading=\"lazy\" decoding=\"async\" class=\"alignnone size-medium wp-image-31305\" src=\"http:\/\/www.eloriente.net\/home\/wp-content\/uploads\/2014\/08\/XIMENA-ECHENIQUE_ECONOMIA-Y-FINANZAS_ITESM-300x200.jpg\" alt=\"\" width=\"300\" height=\"200\" srcset=\"http:\/\/www.eloriente.net\/home\/wp-content\/uploads\/2014\/08\/XIMENA-ECHENIQUE_ECONOMIA-Y-FINANZAS_ITESM-300x200.jpg 300w, http:\/\/www.eloriente.net\/home\/wp-content\/uploads\/2014\/08\/XIMENA-ECHENIQUE_ECONOMIA-Y-FINANZAS_ITESM-1024x682.jpg 1024w\" sizes=\"(max-width: 300px) 100vw, 300px\" \/><\/a><\/p>\n<p>Foto: ITESM<\/p>\n<p><strong>Entradas relacionadas:<\/strong><\/p>\n<p><a title=\"Permalink to Lo que debes saber de la reforma fiscal\" href=\"http:\/\/www.eloriente.net\/home\/2014\/05\/30\/lo-que-debes-saber-de-la-reforma-fiscal\/\" rel=\"bookmark\">Lo que debes saber de la reforma fiscal<\/a><\/p>\n<p><a href=\"http:\/\/www.eloriente.net\/home\/2014\/05\/30\/lo-que-debes-saber-de-la-reforma-fiscal\/\" rel=\"bookmark\"><img decoding=\"async\" src=\"http:\/\/www.eloriente.net\/home\/wp-content\/themes\/city-desk\/timthumb.php?src=http%3A%2F%2Fwww.eloriente.net%2Fhome%2Fwp-content%2Fuploads%2F2014%2F05%2FMtra.-Adriana-de-la-Rosa-Mart%C3%ADnez-Catedr%C3%A1tica-de-la-Escuela-de-Negocios-y-Estrategia-del-Departamento-de-Economia-y-Finanzas-del-Tecnol%C3%B3gico-de-Monterrey-Campus-Puebla.jpg&amp;q=90&amp;w=160&amp;h=106&amp;zc=1\" alt=\"Lo que debes saber de la reforma fiscal\" \/><\/a><\/p>\n<p>eloriente.net 30\/mayo\/2014 Por: Evelyn Zamora Ram\u00edrez* Despu\u00e9s del ya comenzado r\u00e9gimen de incorporaci\u00f3n de la reforma fiscal el 1 de enero del 2014 \u00a0ya es necesario que las personas f\u00edsicas que tengan actividad empresarial con un ingreso menor a los 2 millones de pesos anuales declaren bimestralmente sus movimientos financieros, con impuestos que van m\u00e1s [&#8230;]<\/p>\n<p>May 30, 2014<\/p>\n<div>\n<p><a title=\"Permalink to Marketing digital una nueva experiencia\" href=\"http:\/\/www.eloriente.net\/home\/2014\/05\/26\/marketing-digital-una-nueva-experiencia\/\" rel=\"bookmark\">Marketing digital una nueva experiencia<\/a><\/p>\n<p><a href=\"http:\/\/www.eloriente.net\/home\/2014\/05\/26\/marketing-digital-una-nueva-experiencia\/\" rel=\"bookmark\"><img decoding=\"async\" src=\"http:\/\/www.eloriente.net\/home\/wp-content\/themes\/city-desk\/timthumb.php?src=http%3A%2F%2Fwww.eloriente.net%2Fhome%2Fwp-content%2Fuploads%2F2014%2F05%2FInternet-Alejandro-Pinto.jpg&amp;q=90&amp;w=160&amp;h=106&amp;zc=1\" alt=\"Marketing digital una nueva experiencia\" \/><\/a>eloriente.net 26 de mayo de 2014 Por: Helga Lissette Ochoa C\u00e1ceres* \u00a0 Marketing digital una nueva experiencia Philip Kotler dice \u201cSer digital es m\u00e1s que ser una empresa en internet, es aprovechar los medios digitales para posicionar una marca\u201d, \u00faltimamente he escuchado que las marcas morir\u00e1n si no hacen marketing digital, empezar\u00e9 por decir que [&#8230;]<\/p>\n<p>May 26, 2014<\/p>\n<\/div>\n<div>\n<p><a title=\"Permalink to Participa en la 1\u00aa carrera atl\u00e9tica \u2018Borregos Tec\u2019\" href=\"http:\/\/www.eloriente.net\/home\/2014\/04\/07\/participa-en-la-primera-carrera-atletica-borregos-tec\/\" rel=\"bookmark\">Participa en la 1\u00aa carrera atl\u00e9tica \u2018Borregos Tec\u2019<\/a><\/p>\n<p><a href=\"http:\/\/www.eloriente.net\/home\/2014\/04\/07\/participa-en-la-primera-carrera-atletica-borregos-tec\/\" rel=\"bookmark\"><img decoding=\"async\" src=\"http:\/\/www.eloriente.net\/home\/wp-content\/themes\/city-desk\/timthumb.php?src=http%3A%2F%2Fwww.eloriente.net%2Fhome%2Fwp-content%2Fuploads%2F2014%2F04%2FCarrera-atl%C3%A9tica-Borregos-Tec-Por-El-Oriente.jpg&amp;q=90&amp;w=160&amp;h=106&amp;zc=1\" alt=\"Participa en la 1\u00aa carrera atl\u00e9tica \u2018Borregos Tec\u2019\" \/><\/a>eloriente.net 7 de abril de 2014 El Tecnol\u00f3gico de Monterrey Sede Oaxaca, en coordinaci\u00f3n con el Ayuntamiento de Oaxaca de Ju\u00e1rez, invita a la comunidad oaxaque\u00f1a en general a participar en la primera carrera atl\u00e9tica \u2018Borregos Tec\u2019, la cual se llevar\u00e1 a cabo en la capital oaxaque\u00f1a el d\u00eda domingo 27 de abril de 2014. [&#8230;]<\/p>\n<p>April 7, 2014<\/p>\n<\/div>\n\n\t\t\t  <div \n\t\t\t  \tclass = \"fb-comments\" \n\t\t\t  \tdata-href = \"http:\/\/www.eloriente.net\/home\/2014\/08\/22\/incremento-del-salario-minimo-elevara-poder-adquisitivo\/\"\n\t\t\t  \tdata-numposts = \"10\"\n\t\t\t\tdata-colorscheme = \"dark\"\n\t\t\t\tdata-order-by = \"social\"\n\t\t\t\tdata-mobile=true>\n\t\t\t  <\/div>\n\t\t  <style>\n\t\t\t.fb_iframe_widget_fluid_desktop iframe {\n\t\t\t    width: 100% !important;\n\t\t\t}\n\t\t  <\/style>\n\t\t  ","protected":false},"excerpt":{"rendered":"<p>eloriente.net 22\/agosto\/2014 Ximena Echenique Romero, catedr\u00e1tica de la Escuela de Negocios y Estrategia del Tecnol\u00f3gico de Monterrey en Puebla, afirma que la propuesta de incrementar el salario m\u00ednimo por parte de Acci\u00f3n Nacional m\u00e1s que considerarla un gasto para el estado, es una medida para otorgarle el valor que ten\u00eda hace m\u00e1s de dos d\u00e9cadas, [&hellip;]<\/p>\n","protected":false},"author":28,"featured_media":31305,"comment_status":"open","ping_status":"open","sticky":false,"template":"","format":"standard","meta":{"_jetpack_memberships_contains_paid_content":false,"footnotes":""},"categories":[11,18,32,10,530,84],"tags":[826,2380,2381],"class_list":["post-31304","post","type-post","status-publish","format-standard","has-post-thumbnail","hentry","category-colaboradores","category-educacion-y-cultura","category-entradas","category-lo-mas-reciente","category-tecnologico-de-monterrey","category-universidades","tag-competitividad","tag-itesm","tag-salario"],"jetpack_featured_media_url":"http:\/\/www.eloriente.net\/home\/wp-content\/uploads\/2014\/08\/XIMENA-ECHENIQUE_ECONOMIA-Y-FINANZAS_ITESM.jpg","jetpack_sharing_enabled":true,"_links":{"self":[{"href":"http:\/\/www.eloriente.net\/home\/wp-json\/wp\/v2\/posts\/31304"}],"collection":[{"href":"http:\/\/www.eloriente.net\/home\/wp-json\/wp\/v2\/posts"}],"about":[{"href":"http:\/\/www.eloriente.net\/home\/wp-json\/wp\/v2\/types\/post"}],"author":[{"embeddable":true,"href":"http:\/\/www.eloriente.net\/home\/wp-json\/wp\/v2\/users\/28"}],"replies":[{"embeddable":true,"href":"http:\/\/www.eloriente.net\/home\/wp-json\/wp\/v2\/comments?post=31304"}],"version-history":[{"count":3,"href":"http:\/\/www.eloriente.net\/home\/wp-json\/wp\/v2\/posts\/31304\/revisions"}],"predecessor-version":[{"id":31307,"href":"http:\/\/www.eloriente.net\/home\/wp-json\/wp\/v2\/posts\/31304\/revisions\/31307"}],"wp:featuredmedia":[{"embeddable":true,"href":"http:\/\/www.eloriente.net\/home\/wp-json\/wp\/v2\/media\/31305"}],"wp:attachment":[{"href":"http:\/\/www.eloriente.net\/home\/wp-json\/wp\/v2\/media?parent=31304"}],"wp:term":[{"taxonomy":"category","embeddable":true,"href":"http:\/\/www.eloriente.net\/home\/wp-json\/wp\/v2\/categories?post=31304"},{"taxonomy":"post_tag","embeddable":true,"href":"http:\/\/www.eloriente.net\/home\/wp-json\/wp\/v2\/tags?post=31304"}],"curies":[{"name":"wp","href":"https:\/\/api.w.org\/{rel}","templated":true}]}}