{"id":31310,"date":"2014-08-24T01:01:27","date_gmt":"2014-08-24T07:01:27","guid":{"rendered":"http:\/\/www.eloriente.net\/home\/?p=31310"},"modified":"2014-08-21T09:57:04","modified_gmt":"2014-08-21T15:57:04","slug":"lee-aqui-un-fragmento-de-hasta-aqui-de-hernan-bravo-varela","status":"publish","type":"post","link":"http:\/\/www.eloriente.net\/home\/2014\/08\/24\/lee-aqui-un-fragmento-de-hasta-aqui-de-hernan-bravo-varela\/","title":{"rendered":"Lee aqu\u00ed un fragmento de \u00abHasta aqu\u00ed\u00bb, de Hern\u00e1n Bravo Varela"},"content":{"rendered":"<p>eloriente.net<\/p>\n<p>24\/agosto\/2014<\/p>\n<p>Editorial Almad\u00eda, ha publicado la obra \u00abHasta aqu\u00ed\u00bb del poeta zacatecano Hern\u00e1n Bravo Varela:<\/p>\n<p>Poemas que son cuadros en una galer\u00eda desierta. Retrato urgentes de vidas. Hasta aqu\u00ed, dice el poeta. Y se refiere al lugar a donde llegamos, de donde partimos, donde quisi\u00e9ramos estar.<\/p>\n<p>En los escenarios de la extranjer\u00eda y lo dom\u00e9stico, las ciudadan\u00edas se borran para dejar al descubierto los dramas humanos; las conversaciones dan lugar a entendimientos que provienen de los que todav\u00eda no decimos: los muertos amados regresan para volverse a morir, como corresponde.<\/p>\n<p>Este poemario representa un giro en las indagaciones po\u00e9ticas de Bravo Varela. Como un \u00e1lbum de recuerdos con fotos intrusas, nos orilla a reordenar la memoria, a sorprendernos con \u00e9se que de pronto somos y a abrirle espacios de asombro y nostalgia a ese otro que no somos pero aparece para decirnos, de cuerpo entero, sobre nosotros mismos.<\/p>\n<p>Sobre el autor\u00a0Hern\u00e1n Bravo Varela (M\u00e9xico, 1979) es un poeta, ensayista y traductor. Autor de cuatro poemarios: Oficios de ciega pertenencia (1999 y 2004), Comuni\u00f3n (2002), Sobrenaturaleza (2010) y Realidad &amp; Deseo Producciones (2012); una antolog\u00eda personal: Prueba de sonido (2013), y dos vol\u00famenes ensay\u00edsticos: Los orillados (2008) e Historia de mi h\u00edgado y otros ensayos (2011). Becario en cuetro ocasiones del Fonca y de la flm. Premio Nacional de Poes\u00eda Joven El\u00edas Nandino 1999 y el Certamen Internacional de Literatura Sor Juana In\u00e9s de la Cruz \u2013 Letras del Bicentenario 2010, en el \u00e1rea de ensayo literario.<\/p>\n<p>Dentro de las opiniones de la cr\u00edtica especializada, tenemos a Tedi L\u00f3pez Mills: \u201cEntrel\u00edneas se vislumbran varias reglas que parece haberse impuesto Hern\u00e1n Bravo Varela en estos poemas: no hacer ex\u00e9gesis, no fabricar met\u00e1foras a partir del hoyo negro de la inspiraci\u00f3n, no sucumbir a las florituras de un o\u00eddo hipersensible y no ocupar el centro, sino un lugar en la esquina, como testigo o, m\u00e1s distante a\u00fan, como espectador. Por v\u00eda de esta contenci\u00f3n, de este ascetismo po\u00e9tico, Bravo Varela desemboca en la percepci\u00f3n simult\u00e1nea de la vida y del cuento que se cuenta la vida.\u201d<\/p>\n<p>Mientras que Eduardo Hurtado expone: \u201cEl poema como sobrenaturaleza, la cultura como un bosque abundante, con sus sotos y bestias y regatos, es el \u00e1mbito en el que germina la escritura singular y fulgurante de Hern\u00e1n Bravo Varela. [\u2026] En sus poemas cada imagen se expande hasta formar, lava en el tiempo, una materia resistente y porosa. \u201cAbrapalabra\u201d, dice, y el verbo se desencadena en pos de un infinito.\u201d<\/p>\n<p>Lee aqu\u00ed un fragmento de la obra:<\/p>\n<p><iframe loading=\"lazy\" src=\"\/\/e.issuu.com\/embed.html#5422719\/9017417\" frameborder=\"0\" width=\"525\" height=\"429\"><\/iframe><\/p>\n<p><a href=\"http:\/\/www.eloriente.net\/home\/wp-content\/uploads\/2014\/08\/Hern\u00e1n-Bravo-Varela.jpg\"><img loading=\"lazy\" decoding=\"async\" class=\"alignnone size-medium wp-image-31311\" title=\"Hern\u00e1n Bravo Varela - Foto: Alberto Tavira\" src=\"http:\/\/www.eloriente.net\/home\/wp-content\/uploads\/2014\/08\/Hern\u00e1n-Bravo-Varela-220x300.jpg\" alt=\"\" width=\"220\" height=\"300\" srcset=\"http:\/\/www.eloriente.net\/home\/wp-content\/uploads\/2014\/08\/Hern\u00e1n-Bravo-Varela-220x300.jpg 220w, http:\/\/www.eloriente.net\/home\/wp-content\/uploads\/2014\/08\/Hern\u00e1n-Bravo-Varela.jpg 620w\" sizes=\"(max-width: 220px) 100vw, 220px\" \/><\/a><\/p>\n<p>Foto: Alberto Tavira<\/p>\n<p><strong>Entradas relacionadas:<\/strong><\/p>\n<p><a title=\"Permalink to Video: Presentaci\u00f3n del libro \u201cEl can\u00f3nigo Florencio Castillo\u201d\" href=\"http:\/\/www.eloriente.net\/home\/2014\/06\/03\/video-presentacion-del-libro-el-canonigo-florencio-castillo\/\" rel=\"bookmark\">Video: Presentaci\u00f3n del libro \u201cEl can\u00f3nigo Florencio Castillo\u201d<\/a><\/p>\n<p><a href=\"http:\/\/www.eloriente.net\/home\/2014\/06\/03\/video-presentacion-del-libro-el-canonigo-florencio-castillo\/\" rel=\"bookmark\"><img decoding=\"async\" title=\"Video: Presentaci\u00f3n del libro \u201cEl can\u00f3nigo Florencio Castillo\u201d\" src=\"http:\/\/www.eloriente.net\/home\/wp-content\/themes\/city-desk\/timthumb.php?src=http%3A%2F%2Fwww.eloriente.net%2Fhome%2Fwp-content%2Fuploads%2F2014%2F06%2FDSC_3445.jpg&amp;q=90&amp;w=160&amp;h=106&amp;zc=1\" alt=\"Video: Presentaci\u00f3n del libro \u201cEl can\u00f3nigo Florencio Castillo\u201d\" \/><\/a><\/p>\n<p>eloriente.net 3\/junio\/2014 El pasado 27 de mayo de 2014 se llev\u00f3 a cabo en el recinto del H. Congreso del Estado la presentaci\u00f3n del libro \u201cEl\u00a0can\u00f3nigo Florencio Castillo\u201d, Primer Presidente del Congreso de\u00a0Oaxaca, de la autor\u00eda del historiador y presb\u00edtero costarricense Manuel Benavides Barquero. A trav\u00e9s de este evento, los diputados oaxaque\u00f1os realizaron un homenaje [&#8230;]<\/p>\n<p>June 3, 2014<\/p>\n<div id=\"post-26705\">\n<p><a title=\"Permalink to Se inaugura exposici\u00f3n \u201cEl espejo de las causas\u201d de Ivonne Kennedy\" href=\"http:\/\/www.eloriente.net\/home\/2014\/05\/28\/se-inaugura-exposicion-el-espejo-de-las-causas-de-ivonne-kennedy\/\" rel=\"bookmark\">Se inaugura exposici\u00f3n \u201cEl espejo de las causas\u201d de Ivonne Kennedy<\/a><\/p>\n<p><a href=\"http:\/\/www.eloriente.net\/home\/2014\/05\/28\/se-inaugura-exposicion-el-espejo-de-las-causas-de-ivonne-kennedy\/\" rel=\"bookmark\"><img decoding=\"async\" title=\"Se inaugura exposici\u00f3n \u201cEl espejo de las causas\u201d de Ivonne Kennedy\" src=\"http:\/\/www.eloriente.net\/home\/wp-content\/themes\/city-desk\/timthumb.php?src=http%3A%2F%2Fwww.eloriente.net%2Fhome%2Fwp-content%2Fuploads%2F2014%2F05%2FArs-Combinatoria-Oleo-Tela-180x180-2013.jpg&amp;q=90&amp;w=160&amp;h=106&amp;zc=1\" alt=\"Se inaugura exposici\u00f3n \u201cEl espejo de las causas\u201d de Ivonne Kennedy\" \/><\/a><\/p>\n<p>eloriente.net 28 de mayo de 2014 El senador por el PRI, Eviel P\u00e9rez Maga\u00f1a, inaugur\u00f3 el pasado 26 de mayo la exposici\u00f3n pict\u00f3rica pl\u00e1stica \u201cEl espejo de las causas\u201d de la artista oaxaque\u00f1a Ivonne Kennedy. Con la finalidad de brindar apoyo para la difusi\u00f3n y promoci\u00f3n de productos art\u00edsticos y culturales de Oaxaca, \u201cEl espejo [&#8230;]<\/p>\n<p>May 28, 2014<\/p>\n<\/div>\n<div id=\"post-26640\">\n<p><a title=\"Permalink to Martes 27\/May\/14 11:30 Presentaci\u00f3n del libro \u201cEl can\u00f3nigo Florencio Castillo\u201d\" href=\"http:\/\/www.eloriente.net\/home\/2014\/05\/26\/martes-27may14-1130-presentacion-del-libro-el-canonigo-florencio-castillo\/\" rel=\"bookmark\">Martes 27\/May\/14 11:30 Presentaci\u00f3n del libro \u201cEl can\u00f3nigo Florencio Castillo\u201d<\/a><\/p>\n<p><a href=\"http:\/\/www.eloriente.net\/home\/2014\/05\/26\/martes-27may14-1130-presentacion-del-libro-el-canonigo-florencio-castillo\/\" rel=\"bookmark\"><img decoding=\"async\" title=\"Martes 27\/May\/14 11:30 Presentaci\u00f3n del libro \u201cEl can\u00f3nigo Florencio Castillo\u201d\" src=\"http:\/\/www.eloriente.net\/home\/wp-content\/themes\/city-desk\/timthumb.php?src=http%3A%2F%2Fwww.eloriente.net%2Fhome%2Fwp-content%2Fuploads%2F2014%2F05%2FAgenda-libro-canonigo.jpg&amp;q=90&amp;w=160&amp;h=106&amp;zc=1\" alt=\"Martes 27\/May\/14 11:30 Presentaci\u00f3n del libro \u201cEl can\u00f3nigo Florencio Castillo\u201d\" \/><\/a><\/p>\n<p>eloriente.net 26 de mayo de 2014 La LXII Legislatura del H. Congreso del Estado invita a la ciudadan\u00eda a asistir a la presentaci\u00f3n del libro \u201cEl\u00a0can\u00f3nigo Florencio Castillo\u201d, Primer Presidente del Congreso de\u00a0Oaxaca, del autor P. Manuel Benavides Barquero, que se llevar\u00e1 a cabo\u00a0en la sala de juntas de la sede del Poder Legislativo, el [&#8230;]<\/p>\n<p>May 26, 2014<\/p>\n<\/div>\n\n\t\t\t  <div \n\t\t\t  \tclass = \"fb-comments\" \n\t\t\t  \tdata-href = \"http:\/\/www.eloriente.net\/home\/2014\/08\/24\/lee-aqui-un-fragmento-de-hasta-aqui-de-hernan-bravo-varela\/\"\n\t\t\t  \tdata-numposts = \"10\"\n\t\t\t\tdata-colorscheme = \"dark\"\n\t\t\t\tdata-order-by = \"social\"\n\t\t\t\tdata-mobile=true>\n\t\t\t  <\/div>\n\t\t  <style>\n\t\t\t.fb_iframe_widget_fluid_desktop iframe {\n\t\t\t    width: 100% !important;\n\t\t\t}\n\t\t  <\/style>\n\t\t  ","protected":false},"excerpt":{"rendered":"<p>eloriente.net 24\/agosto\/2014 Editorial Almad\u00eda, ha publicado la obra \u00abHasta aqu\u00ed\u00bb del poeta zacatecano Hern\u00e1n Bravo Varela: Poemas que son cuadros en una galer\u00eda desierta. Retrato urgentes de vidas. Hasta aqu\u00ed, dice el poeta. Y se refiere al lugar a donde llegamos, de donde partimos, donde quisi\u00e9ramos estar. En los escenarios de la extranjer\u00eda y lo [&hellip;]<\/p>\n","protected":false},"author":1,"featured_media":31311,"comment_status":"open","ping_status":"open","sticky":false,"template":"","format":"standard","meta":{"_jetpack_memberships_contains_paid_content":false,"footnotes":""},"categories":[18,32,13],"tags":[2382,2383,383],"class_list":["post-31310","post","type-post","status-publish","format-standard","has-post-thumbnail","hentry","category-educacion-y-cultura","category-entradas","category-especiales","tag-hasta-aqui","tag-hernan-bravo-varela","tag-poesia"],"jetpack_featured_media_url":"http:\/\/www.eloriente.net\/home\/wp-content\/uploads\/2014\/08\/Hern\u00e1n-Bravo-Varela.jpg","jetpack_sharing_enabled":true,"_links":{"self":[{"href":"http:\/\/www.eloriente.net\/home\/wp-json\/wp\/v2\/posts\/31310"}],"collection":[{"href":"http:\/\/www.eloriente.net\/home\/wp-json\/wp\/v2\/posts"}],"about":[{"href":"http:\/\/www.eloriente.net\/home\/wp-json\/wp\/v2\/types\/post"}],"author":[{"embeddable":true,"href":"http:\/\/www.eloriente.net\/home\/wp-json\/wp\/v2\/users\/1"}],"replies":[{"embeddable":true,"href":"http:\/\/www.eloriente.net\/home\/wp-json\/wp\/v2\/comments?post=31310"}],"version-history":[{"count":2,"href":"http:\/\/www.eloriente.net\/home\/wp-json\/wp\/v2\/posts\/31310\/revisions"}],"predecessor-version":[{"id":31313,"href":"http:\/\/www.eloriente.net\/home\/wp-json\/wp\/v2\/posts\/31310\/revisions\/31313"}],"wp:featuredmedia":[{"embeddable":true,"href":"http:\/\/www.eloriente.net\/home\/wp-json\/wp\/v2\/media\/31311"}],"wp:attachment":[{"href":"http:\/\/www.eloriente.net\/home\/wp-json\/wp\/v2\/media?parent=31310"}],"wp:term":[{"taxonomy":"category","embeddable":true,"href":"http:\/\/www.eloriente.net\/home\/wp-json\/wp\/v2\/categories?post=31310"},{"taxonomy":"post_tag","embeddable":true,"href":"http:\/\/www.eloriente.net\/home\/wp-json\/wp\/v2\/tags?post=31310"}],"curies":[{"name":"wp","href":"https:\/\/api.w.org\/{rel}","templated":true}]}}