{"id":31354,"date":"2014-08-23T08:20:47","date_gmt":"2014-08-23T14:20:47","guid":{"rendered":"http:\/\/www.eloriente.net\/home\/?p=31354"},"modified":"2014-08-23T08:53:00","modified_gmt":"2014-08-23T14:53:00","slug":"seminario-de-economia-y-politica-de-la-educacion-superior-impartido-por-el-ice-uabjo","status":"publish","type":"post","link":"http:\/\/www.eloriente.net\/home\/2014\/08\/23\/seminario-de-economia-y-politica-de-la-educacion-superior-impartido-por-el-ice-uabjo\/","title":{"rendered":"Seminario de Econom\u00eda y Pol\u00edtica de la Educaci\u00f3n Superior impartido por el ICE UABJO"},"content":{"rendered":"<p>eloriente.net<\/p>\n<p>23\/agosto\/2014<strong>\u00a0<\/strong><\/p>\n<ul>\n<li>Dirigido a profesionales en Pedagog\u00eda, Psicolog\u00eda y Estudios Latinoamericanos<\/li>\n<\/ul>\n<p>Con el prop\u00f3sito de abonar a la formaci\u00f3n integral de sus estudiantes, el Director del Instituto de Ciencias de la Educaci\u00f3n de la Universidad Aut\u00f3noma \u201cBenito Ju\u00e1rez\u201d de Oaxaca (ICEUABJO), Carlos Alberto Mart\u00ednez Ram\u00edrez inform\u00f3 que se encuentran impartiendo a la comunidad universitaria, el VIII curso interinstitucional del Seminario de Educaci\u00f3n Superior denominado \u201cEconom\u00eda y Pol\u00edtica de la Educaci\u00f3n Superior\u201d, el cual se realiza desde el 8 de agosto al 28 de noviembre.<\/p>\n<p>El curso est\u00e1 dirigido a los posgrados de Estudios Latinoamericanos, Estudios Pol\u00edticos y Sociales de Pedagog\u00eda y Psicolog\u00eda, estudiantes, acad\u00e9micos y p\u00fablico en general interesado.<\/p>\n<p>Los principales temas programados de agosto a septiembre son: Econom\u00eda de la Educaci\u00f3n Superior, Educaci\u00f3n P\u00fablica \u00bfbien p\u00fablico o privado?, Financiamiento P\u00fablico la Educaci\u00f3n Superior, Distribuci\u00f3n del gasto en Universidades P\u00fablicas, Educaci\u00f3n Superior y Desigualdades Sociales, Mercado de Trabajo y Movilidad Ocupacional de los Profesionistas, as\u00ed como Rasgos y Condiciones del Trabajo Acad\u00e9mico, entre otros.<\/p>\n<p>Al respecto, Mart\u00ednez Ram\u00edrez se mostr\u00f3 satisfecho con la respuesta a la convocatoria por parte de los interesados, ya que con estas actividades se contribuye a la formaci\u00f3n de profesionales calificados en la investigaci\u00f3n, docencia, planeaci\u00f3n, administraci\u00f3n, evaluaci\u00f3n y dise\u00f1o educativo, con un sentido \u00e9tico, reflexivo, cr\u00edtico y humano, a trav\u00e9s de un modelo semiflexible y din\u00e1mico que les permitir\u00e1 dar respuesta a los requerimientos sociales.<\/p>\n<div id='gallery-1' class='gallery galleryid-31354 gallery-columns-3 gallery-size-thumbnail'><figure class='gallery-item'>\n\t\t\t<div class='gallery-icon landscape'>\n\t\t\t\t<a href='http:\/\/www.eloriente.net\/home\/wp-content\/uploads\/2014\/08\/221.jpg'><img loading=\"lazy\" decoding=\"async\" width=\"150\" height=\"150\" src=\"http:\/\/www.eloriente.net\/home\/wp-content\/uploads\/2014\/08\/221-150x150.jpg\" class=\"attachment-thumbnail size-thumbnail\" alt=\"\" srcset=\"http:\/\/www.eloriente.net\/home\/wp-content\/uploads\/2014\/08\/221-150x150.jpg 150w, http:\/\/www.eloriente.net\/home\/wp-content\/uploads\/2014\/08\/221-50x50.jpg 50w\" sizes=\"(max-width: 150px) 100vw, 150px\" \/><\/a>\n\t\t\t<\/div><\/figure><figure class='gallery-item'>\n\t\t\t<div class='gallery-icon landscape'>\n\t\t\t\t<a href='http:\/\/www.eloriente.net\/home\/wp-content\/uploads\/2014\/08\/222.jpg'><img loading=\"lazy\" decoding=\"async\" width=\"150\" height=\"150\" src=\"http:\/\/www.eloriente.net\/home\/wp-content\/uploads\/2014\/08\/222-150x150.jpg\" class=\"attachment-thumbnail size-thumbnail\" alt=\"\" srcset=\"http:\/\/www.eloriente.net\/home\/wp-content\/uploads\/2014\/08\/222-150x150.jpg 150w, http:\/\/www.eloriente.net\/home\/wp-content\/uploads\/2014\/08\/222-50x50.jpg 50w\" sizes=\"(max-width: 150px) 100vw, 150px\" \/><\/a>\n\t\t\t<\/div><\/figure><figure class='gallery-item'>\n\t\t\t<div class='gallery-icon portrait'>\n\t\t\t\t<a href='http:\/\/www.eloriente.net\/home\/wp-content\/uploads\/2014\/08\/22.jpg'><img loading=\"lazy\" decoding=\"async\" width=\"150\" height=\"150\" src=\"http:\/\/www.eloriente.net\/home\/wp-content\/uploads\/2014\/08\/22-150x150.jpg\" class=\"attachment-thumbnail size-thumbnail\" alt=\"\" srcset=\"http:\/\/www.eloriente.net\/home\/wp-content\/uploads\/2014\/08\/22-150x150.jpg 150w, http:\/\/www.eloriente.net\/home\/wp-content\/uploads\/2014\/08\/22-50x50.jpg 50w\" sizes=\"(max-width: 150px) 100vw, 150px\" \/><\/a>\n\t\t\t<\/div><\/figure>\n\t\t<\/div>\n\n<p>Fotos: UABJO<\/p>\n<p><strong>M\u00e1s entradas:<\/strong><\/p>\n<p><a title=\"Permalink to Sesiona el Honorable Consejo Universitario de la UABJO\" href=\"http:\/\/www.eloriente.net\/home\/2014\/08\/21\/sesiona-el-honorable-consejo-universitario-de-la-uabjo\/\" rel=\"bookmark\">Sesiona el Honorable Consejo Universitario de la UABJO<\/a><\/p>\n<p><a href=\"http:\/\/www.eloriente.net\/home\/2014\/08\/21\/sesiona-el-honorable-consejo-universitario-de-la-uabjo\/\" rel=\"bookmark\"><img decoding=\"async\" title=\"Sesiona el Honorable Consejo Universitario de la UABJO\" src=\"http:\/\/www.eloriente.net\/home\/wp-content\/themes\/city-desk\/timthumb.php?src=http%3A%2F%2Fwww.eloriente.net%2Fhome%2Fwp-content%2Fuploads%2F2014%2F08%2F20.jpg&amp;q=90&amp;w=160&amp;h=106&amp;zc=1\" alt=\"Sesiona el Honorable Consejo Universitario de la UABJO\" \/><\/a><\/p>\n<p>eloriente.net 21\/agosto\/2014 Se propone un nuevo modelo educativo para la instituci\u00f3n en relaci\u00f3n al aprendizaje basado en competencias\u00a0 Se trabaja para reconocimiento de nuevas DES Directivos, estudiantes y trabajadores que integran el Honorable Consejo Universitario, precedido por el rector de la Universidad Aut\u00f3noma \u201cBenito Ju\u00e1rez\u201d de Oaxaca (UABJO) Eduardo Mart\u00ednez Helmes, efectuaron la sesi\u00f3n ordinaria, [&#8230;]<\/p>\n<p>August 21, 2014<\/p>\n<div id=\"post-31228\">\n<p><a title=\"Permalink to 20\/Ago\/ 2014 10:00 horas EN VIVO: Sesi\u00f3n extraordinaria del Consejo General del Instituto Nacional Electoral\" href=\"http:\/\/www.eloriente.net\/home\/2014\/08\/20\/en-vivo-sesion-extraordinaria-del-consejo-general-del-instituto-nacional-electoral\/\" rel=\"bookmark\">20\/Ago\/ 2014 10:00 horas EN VIVO: Sesi\u00f3n extraordinaria del Consejo General del Instituto Nacional Electoral<\/a><\/p>\n<p><a href=\"http:\/\/www.eloriente.net\/home\/2014\/08\/20\/en-vivo-sesion-extraordinaria-del-consejo-general-del-instituto-nacional-electoral\/\" rel=\"bookmark\"><img decoding=\"async\" title=\"20\/Ago\/ 2014 10:00 horas EN VIVO: Sesi\u00f3n extraordinaria del Consejo General del Instituto Nacional Electoral\" src=\"http:\/\/www.eloriente.net\/home\/wp-content\/themes\/city-desk\/timthumb.php?src=http%3A%2F%2Fwww.eloriente.net%2Fhome%2Fwp-content%2Fuploads%2F2014%2F08%2FINE-Archivo-eloriente.net_.jpg&amp;q=90&amp;w=160&amp;h=106&amp;zc=1\" alt=\"20\/Ago\/ 2014 10:00 horas EN VIVO: Sesi\u00f3n extraordinaria del Consejo General del Instituto Nacional Electoral\" \/><\/a><\/p>\n<p>eloriente.net 20\/agosto\/2014 Nos enlazamos en vivo al Consejo General del Instituto Nacional Electoral, para la sesi\u00f3n extraordinaria del jueves 20 de agosto de 2014 a las 10:00 am: Foto: Archivo eloriente.net Entradas relacionadas: En Vivo: Tercera Sesi\u00f3n del Ciclo de Talleres para Periodistas INE eloriente.net 19\/agosto\/2014 Hoy martes 19 de agosto, de 10:00 a 12:00 [&#8230;]<\/p>\n<p>August 20, 2014<\/p>\n<\/div>\n<div id=\"post-31205\">\n<p><a title=\"Permalink to Resultados del Concurso de Oposici\u00f3n para el Ingreso a la Educaci\u00f3n B\u00e1sica y Media Superior (2014-2015)\" href=\"http:\/\/www.eloriente.net\/home\/2014\/08\/20\/resultados-del-concurso-de-oposicion-para-el-ingreso-a-la-educacion-basica-y-media-superior-2014-2015\/\" rel=\"bookmark\">Resultados del Concurso de Oposici\u00f3n para el Ingreso a la Educaci\u00f3n B\u00e1sica y Media Superior (2014-2015)<\/a><\/p>\n<p><a href=\"http:\/\/www.eloriente.net\/home\/2014\/08\/20\/resultados-del-concurso-de-oposicion-para-el-ingreso-a-la-educacion-basica-y-media-superior-2014-2015\/\" rel=\"bookmark\"><img decoding=\"async\" title=\"Resultados del Concurso de Oposici\u00f3n para el Ingreso a la Educaci\u00f3n B\u00e1sica y Media Superior (2014-2015)\" src=\"http:\/\/www.eloriente.net\/home\/wp-content\/themes\/city-desk\/timthumb.php?src=http%3A%2F%2Fwww.eloriente.net%2Fhome%2Fwp-content%2Fuploads%2F2014%2F08%2FPorcentajes_de_Sustentantes_por_tipoDeConvocatoria.jpg&amp;q=90&amp;w=160&amp;h=106&amp;zc=1\" alt=\"Resultados del Concurso de Oposici\u00f3n para el Ingreso a la Educaci\u00f3n B\u00e1sica y Media Superior (2014-2015)\" \/><\/a><\/p>\n<p>eloriente.net 20\/agosto\/2014 El Sistema Nacional de Registro del Servicio Profesional Docente, hizo p\u00fablicos los resultados del Concurso de Oposici\u00f3n para el Ingreso a la Educaci\u00f3n B\u00e1sica y Media Superior para el ciclo escolar 2014-2015. En el examen, existieron dos objetos de evaluaci\u00f3n: 1.\u00a0Conocimientos y Habilidades para la pr\u00e1ctica docente 2.\u00a0Habilidades intelectuales y responsabilidades \u00e9tico-profesionales. Dentro [&#8230;]<\/p>\n<p>August 20, 2014<\/p>\n<\/div>\n\n\t\t\t  <div \n\t\t\t  \tclass = \"fb-comments\" \n\t\t\t  \tdata-href = \"http:\/\/www.eloriente.net\/home\/2014\/08\/23\/seminario-de-economia-y-politica-de-la-educacion-superior-impartido-por-el-ice-uabjo\/\"\n\t\t\t  \tdata-numposts = \"10\"\n\t\t\t\tdata-colorscheme = \"dark\"\n\t\t\t\tdata-order-by = \"social\"\n\t\t\t\tdata-mobile=true>\n\t\t\t  <\/div>\n\t\t  <style>\n\t\t\t.fb_iframe_widget_fluid_desktop iframe {\n\t\t\t    width: 100% !important;\n\t\t\t}\n\t\t  <\/style>\n\t\t  ","protected":false},"excerpt":{"rendered":"<p>eloriente.net 23\/agosto\/2014\u00a0 Dirigido a profesionales en Pedagog\u00eda, Psicolog\u00eda y Estudios Latinoamericanos Con el prop\u00f3sito de abonar a la formaci\u00f3n integral de sus estudiantes, el Director del Instituto de Ciencias de la Educaci\u00f3n de la Universidad Aut\u00f3noma \u201cBenito Ju\u00e1rez\u201d de Oaxaca (ICEUABJO), Carlos Alberto Mart\u00ednez Ram\u00edrez inform\u00f3 que se encuentran impartiendo a la comunidad universitaria, el [&hellip;]<\/p>\n","protected":false},"author":1,"featured_media":31356,"comment_status":"open","ping_status":"open","sticky":false,"template":"","format":"standard","meta":{"_jetpack_memberships_contains_paid_content":false,"footnotes":""},"categories":[1588,32,10,84],"tags":[252,2394,2395,805,182],"class_list":["post-31354","post","type-post","status-publish","format-standard","has-post-thumbnail","hentry","category-comunicados-y-boletines","category-entradas","category-lo-mas-reciente","category-universidades","tag-economia","tag-ice","tag-politica-de-la-educacion-superior","tag-seminario","tag-uabjo"],"jetpack_featured_media_url":"http:\/\/www.eloriente.net\/home\/wp-content\/uploads\/2014\/08\/222.jpg","jetpack_sharing_enabled":true,"_links":{"self":[{"href":"http:\/\/www.eloriente.net\/home\/wp-json\/wp\/v2\/posts\/31354"}],"collection":[{"href":"http:\/\/www.eloriente.net\/home\/wp-json\/wp\/v2\/posts"}],"about":[{"href":"http:\/\/www.eloriente.net\/home\/wp-json\/wp\/v2\/types\/post"}],"author":[{"embeddable":true,"href":"http:\/\/www.eloriente.net\/home\/wp-json\/wp\/v2\/users\/1"}],"replies":[{"embeddable":true,"href":"http:\/\/www.eloriente.net\/home\/wp-json\/wp\/v2\/comments?post=31354"}],"version-history":[{"count":3,"href":"http:\/\/www.eloriente.net\/home\/wp-json\/wp\/v2\/posts\/31354\/revisions"}],"predecessor-version":[{"id":31371,"href":"http:\/\/www.eloriente.net\/home\/wp-json\/wp\/v2\/posts\/31354\/revisions\/31371"}],"wp:featuredmedia":[{"embeddable":true,"href":"http:\/\/www.eloriente.net\/home\/wp-json\/wp\/v2\/media\/31356"}],"wp:attachment":[{"href":"http:\/\/www.eloriente.net\/home\/wp-json\/wp\/v2\/media?parent=31354"}],"wp:term":[{"taxonomy":"category","embeddable":true,"href":"http:\/\/www.eloriente.net\/home\/wp-json\/wp\/v2\/categories?post=31354"},{"taxonomy":"post_tag","embeddable":true,"href":"http:\/\/www.eloriente.net\/home\/wp-json\/wp\/v2\/tags?post=31354"}],"curies":[{"name":"wp","href":"https:\/\/api.w.org\/{rel}","templated":true}]}}