{"id":31359,"date":"2014-08-23T08:43:12","date_gmt":"2014-08-23T14:43:12","guid":{"rendered":"http:\/\/www.eloriente.net\/home\/?p=31359"},"modified":"2014-08-23T08:44:08","modified_gmt":"2014-08-23T14:44:08","slug":"los-dorsales-reservados-para-la-historia","status":"publish","type":"post","link":"http:\/\/www.eloriente.net\/home\/2014\/08\/23\/los-dorsales-reservados-para-la-historia\/","title":{"rendered":"Los dorsales reservados para la historia"},"content":{"rendered":"<p>eloriente.net<\/p>\n<p>23\/agosto\/2014<\/p>\n<p>Nunca podremos ver otro\u00a0<strong>23<\/strong>\u00a0en los\u00a0<strong>Toros de Chicago<\/strong>\u00a0ni otro\u00a0<strong>99<\/strong>\u00a0en los\u00a0<strong>Edmonton Oilers\u00a0<\/strong>de la NHL.\u00a0<strong>Michael Jordan y Wayne Gretzky<\/strong>\u00a0son referentes absolutos de sus escuadras y uno de los homenajes m\u00e1s merecidos fue el retiro de los n\u00fameros con los que alcanzaron la gloria.<\/p>\n<p>Esta pr\u00e1ctica com\u00fan en los deportes de Estados Unidos y Canad\u00e1, permea cada vez m\u00e1s en el f\u00fatbol mundial. Una de las principales limitantes radica en que algunas competiciones oficiales exigen una numeraci\u00f3n corrida del 1 al 23 o hasta el dorsal del n\u00famero m\u00e1ximo de jugadores permitidos.\u00a0<a href=\"http:\/\/es.fifa.com\/newscentre\/features\/news\/newsid=1973869\/index.html?intcmp=newsreader_news_caption\" target=\"_blank\">Algunos clubes a partir de la d\u00e9cada de 1990<\/a>, fecha en que muchos campeonatos nacionales alrededor del mundo empezaron a asignar un n\u00famero por temporada a cada jugador, este tipo de homenajes se hizo m\u00e1s recurrente.<\/p>\n<p>En Italia dos ejemplos de fidelidad al club fueron enaltecidos.\u00a0<strong>Franco Baresi y Paolo Maldini<\/strong>. El primero, legendario defensor italiano y su\u00a0<strong>dorsal 6<\/strong>, que desde 1977 hasta su retiro solamente visti\u00f3 los colores rossoneros del\u00a0<strong>AC Milan<\/strong>, mientras que Paolo, hijo de otra leyenda del club (Cesare), forj\u00f3 su propia historia ganando todos los campeonatos con la entidad y dej\u00f3 su\u00a0<strong>tradicional n\u00famero 3<\/strong>\u00a0para la posteridad. Solo en caso de que alguno de los hijos de\u00a0<em>El Eterno<\/em>\u00a0llegue al primer equipo del Mil\u00e1n se reactivar\u00e1 el dorsal.<\/p>\n<p>Tambi\u00e9n en Mil\u00e1n, pero del otro lado de la acera, el\u00a0<strong>Inter<\/strong>\u00a0ha decidido colgar el\u00a0<strong>m\u00edtico 3 de Giacinto Facchetti<\/strong>. Lateral izquierdo ganador de 4 ligas y 2 Copas de Europa, visti\u00f3 toda su carrera profesional los colores azul y negro en 634 ocasiones de 1690 a 1978.<\/p>\n<p>A pesar de haber jugado solamente 4 a\u00f1os con el\u00a0<strong>Brescia<\/strong>, el ex internacional\u00a0<strong>Roberto Baggio y su 10 a espaldas<\/strong>, se ganaron la posteridad con los biancoazzurri. Con ascensos y descensos constantes previos a la llegada del Bal\u00f3n de Oro en 1993, se logr\u00f3 la permanencia durante la estad\u00eda del delantero as\u00ed como la clasificaci\u00f3n a la Copa UEFA 2001\/02. El\u00a0<em>Divino Codino<\/em>\u00a0colg\u00f3 las botas en 2004 y al a\u00f1o siguiente el Brescia cay\u00f3 a la Serie B.<\/p>\n<p><strong>Otro 10 que fue inmortalizado y no es para menos fue el que perteneciera a Diego Armando Maradona en el N\u00e1poles.<\/strong>\u00a0El Pelusa puso en el mapa al f\u00fatbol del sur de Italia conquistando 2 Ligas, 1 Copa y 1 Copa de la UEFA. Completan la lista de homenajeados en Italia el\u00a0<strong>6 de Aldair, defensa brasile\u00f1o de la Roma y el 11 de Gigi Riva con el Cagliari.<\/strong><\/p>\n<p>Aunque el m\u00edtico\u00a0<strong>10 de Pel\u00e9<\/strong>\u00a0sigue siendo utilizado en el Santos club de sus amores, el\u00a0<strong>New York Cosmos<\/strong>\u00a0equipo con el que O Rei decidi\u00f3 ponerle fin a su trayectoria, reconoci\u00f3 la grandeza del brasile\u00f1o y retir\u00f3 su el\u00e1stica.<\/p>\n<p>As\u00ed como la fidelidad, el palmar\u00e9s o la grandeza de un futbolista es motivo de retirar su playera, muchos clubes han decidido homenajear p\u00f3stumamente a sus jugadores. El primero en figurar es el camerun\u00e9s\u00a0<strong>Marc-Vivien Fo\u00e9<\/strong>, fallecido tras el partido de Copa Confederaciones 2003 contra Colombia.\u00a0<strong>Sus clubes Lens y Lyon no volver\u00e1n a asignar el 17, as\u00ed como el Manchester City se ha reservado el 23.<\/strong><\/p>\n<p>Chievo Verona no olvida al congole\u00f1o Jason Mayel\u00e9 y su dorsal 30, as\u00ed como Brescia, Sevilla y Espa\u00f1ol mostraron su respeto a\u00a0<strong>Vittorio Mero, Antonio Puerta y Dani Jarque retirando el 13, 16 y 21 respectivamente<\/strong>. Mismo caso que Benfica y el 29 de Miklos Feher, el h\u00fangaro sufri\u00f3 un ataque cardiaco el 25 de enero de 2004 en pleno partido.<\/p>\n<p>El\u00a0<strong>tradicional jugador n\u00famero 12<\/strong>, la fiel afici\u00f3n, ha recibido muestras de afecto por parte de las directivas del\u00a0<strong>Bayern M\u00fcnchen, Celtic, Fenerbahce, Lens, Feyenoord, Portsmouth, Norwich City, Malmoe y Zenit de San Petersburgo<\/strong>\u00a0reservando el citado n\u00famero, mientras que el\u00a0<strong>Panathinaikos de Grecia<\/strong>\u00a0retir\u00f3 un n\u00famero para su grey, pero fue el\u00a0<strong>13<\/strong>\u00a0en relaci\u00f3n a la Puerta 13 por la cu\u00e1l entraban sus hinchas.<\/p>\n<p>El listado es largo e incluye por igual el\u00a0<strong>10<\/strong>\u00a0de\u00a0<strong>Lukas Podolski<\/strong>\u00a0en el\u00a0<strong>Colonia<\/strong>\u00a0o el\u00a0<strong>14<\/strong>\u00a0de\u00a0<strong>Johan Cruyff<\/strong>\u00a0en el\u00a0<strong>Ajax<\/strong>\u00a0as\u00ed como el\u00a0<strong>12<\/strong>\u00a0del portero\u00a0<strong>Marcos<\/strong>\u00a0del\u00a0<strong>Palmeiras<\/strong>. En\u00a0<strong>M\u00e9xico<\/strong>,<strong>Ger\u00f3nimo Barbadillo<\/strong>\u00a0recibi\u00f3 ese honor de los\u00a0<strong>Tigres de la UANL<\/strong>\u00a0con su dorsal\u00a0<strong>7<\/strong>\u00a0o las\u00a0<strong>Chivas<\/strong>\u00a0con el\u00a0<strong>22<\/strong>\u00a0de\u00a0<strong>Jos\u00e9 \u201cPepe\u201d Mart\u00ednez<\/strong>\u00a0fallecido en un accidente automovil\u00edstico y el <strong>8<\/strong> de <strong>Salvador Reyes<\/strong>, el m\u00e1s grande en vestir la playera rojiblanca.<\/p>\n<p>Un n\u00famero de camiseta representa m\u00e1s que una formalidad, es la amalgama entre el club y su jugador o la afici\u00f3n, es signo de reconocimiento y oportunidad para hacer del dorsal legendario bajo unos colores. Habr\u00e1 quien guste y quien no de este tipo de homenajes, pero todos los mencionados as\u00ed como algunos omitidos como\u00a0<strong>Ra\u00fal<\/strong>\u00a0(<strong>7<\/strong>) del\u00a0<strong>Schalke<\/strong>\u00a0o\u00a0<strong>Larsson\u00a0<\/strong>(<strong>17<\/strong>) del\u00a0<strong>Helsinborg<\/strong>, han realizado los m\u00e9ritos y se han quedado en la memoria colectiva de sus clubes para hacerse eternos.<\/p>\n<p><a href=\"http:\/\/www.eloriente.net\/home\/wp-content\/uploads\/2014\/08\/Cruyff-Calcio-Streaming.jpg\"><img loading=\"lazy\" decoding=\"async\" class=\"alignnone size-medium wp-image-31360\" title=\"Cruyff - Calcio Streaming\" src=\"http:\/\/www.eloriente.net\/home\/wp-content\/uploads\/2014\/08\/Cruyff-Calcio-Streaming-300x187.jpg\" alt=\"\" width=\"300\" height=\"187\" srcset=\"http:\/\/www.eloriente.net\/home\/wp-content\/uploads\/2014\/08\/Cruyff-Calcio-Streaming-300x187.jpg 300w, http:\/\/www.eloriente.net\/home\/wp-content\/uploads\/2014\/08\/Cruyff-Calcio-Streaming.jpg 640w\" sizes=\"(max-width: 300px) 100vw, 300px\" \/><\/a><\/p>\n<p>Foto:\u00a0<a title=\"Ir a la galer\u00eda de Calcio Streaming\" href=\"https:\/\/www.flickr.com\/photos\/calciostreaming\/\" data-track=\"attributionNameClick\" data-rapid_p=\"21\">Calcio Streaming<\/a>\u00a0&#8211;\u00a0<a href=\"https:\/\/creativecommons.org\/licenses\/by-sa\/2.0\/\">Algunos derechos reservados<\/a><\/p>\n<p><strong>Entradas relacionadas:\u00a0<\/strong><\/p>\n<div><\/div>\n<div><a href=\"http:\/\/www.eloriente.net\/home\/2014\/08\/16\/la-mexicana-paola-longoria-rompe-record-mundial-en-raquetbol\/\" rel=\"bookmark\"><img decoding=\"async\" title=\"La mexicana Paola Longoria, rompe r\u00e9cord mundial en raquetbol\" src=\"http:\/\/www.eloriente.net\/home\/wp-content\/themes\/city-desk\/timthumb.php?src=http%3A%2F%2Fwww.eloriente.net%2Fhome%2Fwp-content%2Fuploads%2F2014%2F08%2Fpremios-7.jpg&amp;q=90&amp;w=305&amp;h=150&amp;zc=1\" alt=\"La mexicana Paola Longoria, rompe r\u00e9cord mundial en raquetbol\" \/><\/a><\/div>\n<div><\/div>\n<div><a title=\"Permalink to La mexicana Paola Longoria, rompe r\u00e9cord mundial en raquetbol\" href=\"http:\/\/www.eloriente.net\/home\/2014\/08\/16\/la-mexicana-paola-longoria-rompe-record-mundial-en-raquetbol\/\" rel=\"bookmark\">La mexicana Paola Longoria, rompe r\u00e9cord mundial en raquetbol<\/a><\/div>\n<div>\n<p>eloriente.net 16\/agosto\/2014 En M\u00e9xico siempre estamos \u00e1vidos de \u00eddolos en el deporte, pero siendo sinceros estos se nos brindan a cuentagotas y muchas veces catalogamos\u2026<\/p>\n<p>August 16, 2014<\/p>\n<\/div>\n<div><a href=\"http:\/\/www.eloriente.net\/home\/2014\/08\/11\/cronicas-beisboleras-finales-a-la-vista\/\" rel=\"bookmark\"><img decoding=\"async\" title=\"Cr\u00f3nicas beisboleras: Finales a la vista\" src=\"http:\/\/www.eloriente.net\/home\/wp-content\/themes\/city-desk\/timthumb.php?src=http%3A%2F%2Fwww.eloriente.net%2Fhome%2Fwp-content%2Fuploads%2F2013%2F07%2Fguerreros-de-oaxaca-luis-david-cuevas.jpg&amp;q=90&amp;w=305&amp;h=150&amp;zc=1\" alt=\"Cr\u00f3nicas beisboleras: Finales a la vista\" \/><\/a><\/div>\n<div><\/div>\n<div><a title=\"Permalink to Cr\u00f3nicas beisboleras: Finales a la vista\" href=\"http:\/\/www.eloriente.net\/home\/2014\/08\/11\/cronicas-beisboleras-finales-a-la-vista\/\" rel=\"bookmark\">Cr\u00f3nicas beisboleras: Finales a la vista<\/a><\/div>\n<div>\n<p>eloriente.net 11\/agosto\/2014 Por:\u00a0Jaime Palau Ranz La Pregunta. \u00bfSabe usted que pelotero tiene el r\u00e9cord de mayor cantidad de carreras producidas en un solo juego de\u2026<\/p>\n<p>August 11, 2014<\/p>\n<\/div>\n<div><\/div>\n<div><a href=\"http:\/\/www.eloriente.net\/home\/2014\/08\/09\/unete-a-la-revolucion-kronum-el-deporte-del-siglo-xxi\/\" rel=\"bookmark\"><img decoding=\"async\" title=\"\u00danete a la revoluci\u00f3n: \u201cKronum\u201d, el deporte del siglo XXI\" src=\"http:\/\/www.eloriente.net\/home\/wp-content\/themes\/city-desk\/timthumb.php?src=http%3A%2F%2Fwww.eloriente.net%2Fhome%2Fwp-content%2Fuploads%2F2014%2F08%2F31.jpg&amp;q=90&amp;w=305&amp;h=150&amp;zc=1\" alt=\"\u00danete a la revoluci\u00f3n: \u201cKronum\u201d, el deporte del siglo XXI\" \/><\/a><\/div>\n<div><\/div>\n<div><a title=\"Permalink to \u00danete a la revoluci\u00f3n: \u201cKronum\u201d, el deporte del siglo XXI\" href=\"http:\/\/www.eloriente.net\/home\/2014\/08\/09\/unete-a-la-revolucion-kronum-el-deporte-del-siglo-xxi\/\" rel=\"bookmark\">\u00danete a la revoluci\u00f3n: \u201cKronum\u201d, el deporte del siglo XXI<\/a><\/div>\n<div>\n<p>eloriente.net 9\/agosto\/2014 Eventos deportivos de la talla del Mundial de Futbol, el Superbowl o la Serie Mundial, son la m\u00e1xima evoluci\u00f3n de lo que un\u2026<\/p>\n<p>August 9, 2014<\/p>\n<\/div>\n\n\t\t\t  <div \n\t\t\t  \tclass = \"fb-comments\" \n\t\t\t  \tdata-href = \"http:\/\/www.eloriente.net\/home\/2014\/08\/23\/los-dorsales-reservados-para-la-historia\/\"\n\t\t\t  \tdata-numposts = \"10\"\n\t\t\t\tdata-colorscheme = \"dark\"\n\t\t\t\tdata-order-by = \"social\"\n\t\t\t\tdata-mobile=true>\n\t\t\t  <\/div>\n\t\t  <style>\n\t\t\t.fb_iframe_widget_fluid_desktop iframe {\n\t\t\t    width: 100% !important;\n\t\t\t}\n\t\t  <\/style>\n\t\t  ","protected":false},"excerpt":{"rendered":"<p>eloriente.net 23\/agosto\/2014 Nunca podremos ver otro\u00a023\u00a0en los\u00a0Toros de Chicago\u00a0ni otro\u00a099\u00a0en los\u00a0Edmonton Oilers\u00a0de la NHL.\u00a0Michael Jordan y Wayne Gretzky\u00a0son referentes absolutos de sus escuadras y uno de los homenajes m\u00e1s merecidos fue el retiro de los n\u00fameros con los que alcanzaron la gloria. Esta pr\u00e1ctica com\u00fan en los deportes de Estados Unidos y Canad\u00e1, permea cada [&hellip;]<\/p>\n","protected":false},"author":1,"featured_media":31360,"comment_status":"open","ping_status":"open","sticky":false,"template":"","format":"standard","meta":{"_jetpack_memberships_contains_paid_content":false,"footnotes":""},"categories":[15,32,10],"tags":[2401,2397,2398,2400,2396,2399],"class_list":["post-31359","post","type-post","status-publish","format-standard","has-post-thumbnail","hentry","category-deportes","category-entradas","category-lo-mas-reciente","tag-cruyff","tag-dorsales","tag-maldini","tag-maradona","tag-numeros","tag-pele"],"jetpack_featured_media_url":"http:\/\/www.eloriente.net\/home\/wp-content\/uploads\/2014\/08\/Cruyff-Calcio-Streaming.jpg","jetpack_sharing_enabled":true,"_links":{"self":[{"href":"http:\/\/www.eloriente.net\/home\/wp-json\/wp\/v2\/posts\/31359"}],"collection":[{"href":"http:\/\/www.eloriente.net\/home\/wp-json\/wp\/v2\/posts"}],"about":[{"href":"http:\/\/www.eloriente.net\/home\/wp-json\/wp\/v2\/types\/post"}],"author":[{"embeddable":true,"href":"http:\/\/www.eloriente.net\/home\/wp-json\/wp\/v2\/users\/1"}],"replies":[{"embeddable":true,"href":"http:\/\/www.eloriente.net\/home\/wp-json\/wp\/v2\/comments?post=31359"}],"version-history":[{"count":3,"href":"http:\/\/www.eloriente.net\/home\/wp-json\/wp\/v2\/posts\/31359\/revisions"}],"predecessor-version":[{"id":31363,"href":"http:\/\/www.eloriente.net\/home\/wp-json\/wp\/v2\/posts\/31359\/revisions\/31363"}],"wp:featuredmedia":[{"embeddable":true,"href":"http:\/\/www.eloriente.net\/home\/wp-json\/wp\/v2\/media\/31360"}],"wp:attachment":[{"href":"http:\/\/www.eloriente.net\/home\/wp-json\/wp\/v2\/media?parent=31359"}],"wp:term":[{"taxonomy":"category","embeddable":true,"href":"http:\/\/www.eloriente.net\/home\/wp-json\/wp\/v2\/categories?post=31359"},{"taxonomy":"post_tag","embeddable":true,"href":"http:\/\/www.eloriente.net\/home\/wp-json\/wp\/v2\/tags?post=31359"}],"curies":[{"name":"wp","href":"https:\/\/api.w.org\/{rel}","templated":true}]}}