{"id":31407,"date":"2014-08-25T01:00:34","date_gmt":"2014-08-25T07:00:34","guid":{"rendered":"http:\/\/www.eloriente.net\/home\/?p=31407"},"modified":"2014-08-25T10:32:44","modified_gmt":"2014-08-25T16:32:44","slug":"el-campo-mexicano-y-su-presupuesto","status":"publish","type":"post","link":"http:\/\/www.eloriente.net\/home\/2014\/08\/25\/el-campo-mexicano-y-su-presupuesto\/","title":{"rendered":"El campo mexicano y su presupuesto"},"content":{"rendered":"<p>eloriente.net<\/p>\n<p>25\/agosto\/2014<\/p>\n<p>La Secretar\u00eda de Agricultura, Ganader\u00eda, Desarrollo Rural, Pesca y Alimentaci\u00f3n (SAGARPA) es la entidad federal encargada de distribuir el presupuesto para que sea aplicado en programas de apoyo a los sectores que integran la dependencia.<\/p>\n<p>Dentro del presupuesto total de SAGARPA, el \u00a0recurso\u00a0 federalizado \u00a0es \u00a0muy \u00a0limitado. En el per\u00edodo de 2002 a 2013, este solamente represent\u00f3 el 9.1% y con tendencia a la baja en los \u00faltimos a\u00f1os. En 2013 apenas alcanz\u00f3 el 5.0%, aunque se observa claramente en la siguiente tabla, que el presupuesto anual aumenta a\u00f1o con a\u00f1o, no as\u00ed el gasto federalizado:<\/p>\n<p><a href=\"http:\/\/www.eloriente.net\/home\/wp-content\/uploads\/2014\/08\/Captura-de-pantalla-2014-08-24-a-las-18.35.50.png\"><img loading=\"lazy\" decoding=\"async\" class=\"alignnone size-full wp-image-31408\" title=\"Captura de pantalla 2014-08-24 a la(s) 18.35.50\" src=\"http:\/\/www.eloriente.net\/home\/wp-content\/uploads\/2014\/08\/Captura-de-pantalla-2014-08-24-a-las-18.35.50.png\" alt=\"\" width=\"449\" height=\"263\" srcset=\"http:\/\/www.eloriente.net\/home\/wp-content\/uploads\/2014\/08\/Captura-de-pantalla-2014-08-24-a-las-18.35.50.png 449w, http:\/\/www.eloriente.net\/home\/wp-content\/uploads\/2014\/08\/Captura-de-pantalla-2014-08-24-a-las-18.35.50-300x175.png 300w\" sizes=\"(max-width: 449px) 100vw, 449px\" \/><\/a><\/p>\n<p>De acuerdo con H\u00e9ctor Robles Berlanga y su an\u00e1lisis en \u00abDiez razones para conocer el Ejercicio de los Recursos Federalizados de SAGARPA\u00bb, el \u00a0 Presupuesto \u00a0 federalizado\u00a0 no \u00a0 tiene\u00a0 una\u00a0 tendencia\u00a0 y \u00a0 var\u00eda \u00a0 a\u00f1o \u00a0 con \u00a0 a\u00f1o. \u00a0 Los \u00a0 recursos comprometidos \u00a0durante \u00a0el \u00a0periodo que va desde \u00a02002 hasta 2013 \u00a0variaron \u00a0significativamente. En 2002, apenas llegaron a los 3,666 millones de pesos, mientras que el m\u00e1ximo hist\u00f3rico se registr\u00f3 en 2009 con 10,648; apenas el a\u00f1o pasado, el decremento fue dr\u00e1stico superando por poco la cifra de once a\u00f1os atr\u00e1s con 3,755 millones de pesos. Berlanga enfatiza que: \u00abEsta \u00a0falta \u00a0de \u00a0certidumbre \u00a0sobre \u00a0los \u00a0recursos \u00a0que ejercen \u00a0 las \u00a0 entidades \u00a0 federativas \u00a0 no \u00a0 permite \u00a0 planear \u00a0 a \u00a0 largo \u00a0 plazo \u00a0 pues \u00a0 no \u00a0 saben \u00a0 de \u00a0 cuantos recursos \u00a0dispondr\u00e1n \u00a0en \u00a0los \u00a0siguientes \u00a0a\u00f1os\u00bb.<\/p>\n<p><a href=\"http:\/\/www.eloriente.net\/home\/wp-content\/uploads\/2014\/08\/Captura-de-pantalla-2014-08-24-a-las-18.35.59.png\"><img loading=\"lazy\" decoding=\"async\" class=\"alignnone size-full wp-image-31409\" title=\"Captura de pantalla 2014-08-24 a la(s) 18.35.59\" src=\"http:\/\/www.eloriente.net\/home\/wp-content\/uploads\/2014\/08\/Captura-de-pantalla-2014-08-24-a-las-18.35.59.png\" alt=\"\" width=\"823\" height=\"558\" srcset=\"http:\/\/www.eloriente.net\/home\/wp-content\/uploads\/2014\/08\/Captura-de-pantalla-2014-08-24-a-las-18.35.59.png 823w, http:\/\/www.eloriente.net\/home\/wp-content\/uploads\/2014\/08\/Captura-de-pantalla-2014-08-24-a-las-18.35.59-300x203.png 300w\" sizes=\"(max-width: 823px) 100vw, 823px\" \/><\/a><\/p>\n<p>Los \u00a0recursos \u00a0federalizados \u00a0de \u00a0SAGARPA no est\u00e1n concentrados geogr\u00e1ficamente.\u00a0De los 840.2 mil millones de pesos \u00a0presupuestados \u00a0a \u00a0SAGARPA en los \u00faltimos 12 \u00a0a\u00f1os, la mitad\u00a0de ellos se \u00a0 distribuyen en 10 entidades federativas: Veracruz, Coahuila, Oaxaca, Jalisco, Puebla,\u00a0Michoac\u00e1n, Sonora, Guanajuato, Sinaloa y M\u00e9xico.<\/p>\n<p>De hecho, Oaxaca es el tercer estado en la rep\u00fablica m\u00e1s beneficiado por el recurso federalizado desde 2012, solo detr\u00e1s de Veracruz y Coahuila:<\/p>\n<p><a href=\"http:\/\/www.eloriente.net\/home\/wp-content\/uploads\/2014\/08\/Captura-de-pantalla-2014-08-24-a-las-18.36.04.png\"><img loading=\"lazy\" decoding=\"async\" class=\"alignnone size-full wp-image-31410\" title=\"Captura de pantalla 2014-08-24 a la(s) 18.36.04\" src=\"http:\/\/www.eloriente.net\/home\/wp-content\/uploads\/2014\/08\/Captura-de-pantalla-2014-08-24-a-las-18.36.04.png\" alt=\"\" width=\"417\" height=\"527\" srcset=\"http:\/\/www.eloriente.net\/home\/wp-content\/uploads\/2014\/08\/Captura-de-pantalla-2014-08-24-a-las-18.36.04.png 417w, http:\/\/www.eloriente.net\/home\/wp-content\/uploads\/2014\/08\/Captura-de-pantalla-2014-08-24-a-las-18.36.04-237x300.png 237w\" sizes=\"(max-width: 417px) 100vw, 417px\" \/><\/a><\/p>\n<p>Siguiendo con la tendencia nacional, el gasto federalizado que registran nuestra entidad, aumenta y disminuye sin seguir un patr\u00f3n. El m\u00e1ximo hist\u00f3rico, super\u00f3 los 600 millones de pesos en 2009, y la cifra del \u00faltimo a\u00f1o (2013) fue incluso m\u00e1s baja que en 2002, al apenas rebasar los 200 millones de pesos:<\/p>\n<p><a href=\"http:\/\/www.eloriente.net\/home\/wp-content\/uploads\/2014\/08\/Captura-de-pantalla-2014-08-24-a-las-18.48.47.png\"><img loading=\"lazy\" decoding=\"async\" class=\"alignnone size-full wp-image-31411\" title=\"Captura de pantalla 2014-08-24 a la(s) 18.48.47\" src=\"http:\/\/www.eloriente.net\/home\/wp-content\/uploads\/2014\/08\/Captura-de-pantalla-2014-08-24-a-las-18.48.47.png\" alt=\"\" width=\"553\" height=\"422\" srcset=\"http:\/\/www.eloriente.net\/home\/wp-content\/uploads\/2014\/08\/Captura-de-pantalla-2014-08-24-a-las-18.48.47.png 553w, http:\/\/www.eloriente.net\/home\/wp-content\/uploads\/2014\/08\/Captura-de-pantalla-2014-08-24-a-las-18.48.47-300x228.png 300w\" sizes=\"(max-width: 553px) 100vw, 553px\" \/><\/a><\/p>\n<p>*Las gr\u00e1ficas fueron elaboradas con informaci\u00f3n de SAGARPA y \u00a0el Presupuesto de Egresos de la Federaci\u00f3n (PEF)<\/p>\n<p><a href=\"http:\/\/www.eloriente.net\/home\/wp-content\/uploads\/2014\/08\/10795657324_5ed612383f_o.jpg\"><img loading=\"lazy\" decoding=\"async\" class=\"alignnone size-medium wp-image-31414\" title=\"Ma\u00edz - juantiagues\" src=\"http:\/\/www.eloriente.net\/home\/wp-content\/uploads\/2014\/08\/10795657324_5ed612383f_o-300x214.jpg\" alt=\"\" width=\"300\" height=\"214\" srcset=\"http:\/\/www.eloriente.net\/home\/wp-content\/uploads\/2014\/08\/10795657324_5ed612383f_o-300x214.jpg 300w, http:\/\/www.eloriente.net\/home\/wp-content\/uploads\/2014\/08\/10795657324_5ed612383f_o-1024x732.jpg 1024w\" sizes=\"(max-width: 300px) 100vw, 300px\" \/><\/a><\/p>\n<p>Foto:\u00a0<a title=\"Ir a la galer\u00eda de juantiagues\" href=\"https:\/\/www.flickr.com\/photos\/juantiagues\/\" data-track=\"attributionNameClick\" data-rapid_p=\"21\">juantiagues<\/a>\u00a0&#8211;\u00a0<a href=\"https:\/\/creativecommons.org\/licenses\/by-sa\/2.0\/\" rel=\"license cc:license\" target=\"_newtab\" data-rapid_p=\"25\">Algunos derechos reservados<\/a><\/p>\n<p><strong>Entradas relacionadas:<\/strong><\/p>\n<p><a title=\"Permalink to Consulta aqu\u00ed: Recursos P\u00fablicos Federales destinados a Oaxaca #Infograf\u00eda\" href=\"http:\/\/www.eloriente.net\/home\/2014\/06\/04\/consulta-aqui-total-de-recursos-publicos-federales-destinados-a-oaxaca\/\" rel=\"bookmark\">Consulta aqu\u00ed: Recursos P\u00fablicos Federales destinados a Oaxaca #Infograf\u00eda<\/a><\/p>\n<p><a href=\"http:\/\/www.eloriente.net\/home\/2014\/06\/04\/consulta-aqui-total-de-recursos-publicos-federales-destinados-a-oaxaca\/\" rel=\"bookmark\"><img decoding=\"async\" title=\"Consulta aqu\u00ed: Recursos P\u00fablicos Federales destinados a Oaxaca #Infograf\u00eda\" src=\"http:\/\/www.eloriente.net\/home\/wp-content\/themes\/city-desk\/timthumb.php?src=http%3A%2F%2Fwww.eloriente.net%2Fhome%2Fwp-content%2Fuploads%2F2014%2F06%2FLuis-Videgaray-Por-SHCP.jpg&amp;q=90&amp;w=160&amp;h=106&amp;zc=1\" alt=\"Consulta aqu\u00ed: Recursos P\u00fablicos Federales destinados a Oaxaca #Infograf\u00eda\" \/><\/a><\/p>\n<p>eloriente.net 4\/junio\/2014 El estado de Oaxaca recibi\u00f3 durante el primer cuatrimestre del a\u00f1o un total de 11 mil 397.7 millones de pesos por parte de la Federaci\u00f3n, as\u00ed lo dio a conocer la Secretar\u00eda de Hacienda y Cr\u00e9dito P\u00fablico a trav\u00e9s de su reporte \u201cInformaci\u00f3n de Finanzas P\u00fablicas y Deuda P\u00fablica, enero-abril 2014\u2033, enviado por [&#8230;]<\/p>\n<p>June 4, 2014<\/p>\n<div id=\"post-27079\">\n<p><a title=\"Permalink to 5 vacantes en Gobierno Federal #MartesdeVacantes\" href=\"http:\/\/www.eloriente.net\/home\/2014\/06\/03\/5-vacantes-en-gobierno-federal-martesdevacantes\/\" rel=\"bookmark\">5 vacantes en Gobierno Federal #MartesdeVacantes<\/a><\/p>\n<p><a href=\"http:\/\/www.eloriente.net\/home\/2014\/06\/03\/5-vacantes-en-gobierno-federal-martesdevacantes\/\" rel=\"bookmark\"><img decoding=\"async\" title=\"5 vacantes en Gobierno Federal #MartesdeVacantes\" src=\"http:\/\/www.eloriente.net\/home\/wp-content\/themes\/city-desk\/timthumb.php?src=http%3A%2F%2Fwww.eloriente.net%2Fhome%2Fwp-content%2Fuploads%2F2014%2F06%2FAgronom%C3%ADa-Por-SAGARPA.jpg&amp;q=90&amp;w=160&amp;h=106&amp;zc=1\" alt=\"5 vacantes en Gobierno Federal #MartesdeVacantes\" \/><\/a><\/p>\n<p>eloriente.net 3\/junio\/2014 Conscientes de la importancia para la ciudadan\u00eda en general de la b\u00fasqueda de nuevas oportunidades de crecimiento profesional, ponemos a tu disposici\u00f3n semanalmente ofertas de empleo disponibles en la ciudad de Oaxaca de Ju\u00e1rez, municipios conurbados y en regiones al interior del estado. En esta ocasi\u00f3n, ELORIENTE.NET comparte cinco vacantes en carrera de [&#8230;]<\/p>\n<p>June 3, 2014<\/p>\n<\/div>\n<div id=\"post-18469\">\n<p><a title=\"Permalink to Aumenta Oaxaca un 23.4% actividades agropecuarias: SEDAFPA\" href=\"http:\/\/www.eloriente.net\/home\/2013\/12\/13\/culmina-oaxaca-ano-2013-con-gran-crecimiento-en-sector-agropecuario-sedafpa\/\" rel=\"bookmark\">Aumenta Oaxaca un 23.4% actividades agropecuarias: SEDAFPA<\/a><\/p>\n<p><a href=\"http:\/\/www.eloriente.net\/home\/2013\/12\/13\/culmina-oaxaca-ano-2013-con-gran-crecimiento-en-sector-agropecuario-sedafpa\/\" rel=\"bookmark\"><img decoding=\"async\" title=\"Aumenta Oaxaca un 23.4% actividades agropecuarias: SEDAFPA\" src=\"http:\/\/www.eloriente.net\/home\/wp-content\/themes\/city-desk\/timthumb.php?src=http%3A%2F%2Fwww.eloriente.net%2Fhome%2Fwp-content%2Fuploads%2F2013%2F12%2Ffrutos.jpg&amp;q=90&amp;w=160&amp;h=106&amp;zc=1\" alt=\"Aumenta Oaxaca un 23.4% actividades agropecuarias: SEDAFPA\" \/><\/a><\/p>\n<p>eloriente.net\/Gobierno del Estado de Oaxaca 13 de diciembre de 2013 Aumenta Oaxaca un 23.4 % en actividades agropecuarias y se posiciona como la segunda entidad con mayor crecimiento en el pa\u00eds en dicho sector. Ca\u00f1a de az\u00facar, jitomate y papaya, principales cultivos de Oaxaca que representan un crecimiento competitivo en el pa\u00eds. Al cierre del [&#8230;]<\/p>\n<p>December 13, 2013<\/p>\n<\/div>\n<p>&nbsp;<\/p>\n\n\t\t\t  <div \n\t\t\t  \tclass = \"fb-comments\" \n\t\t\t  \tdata-href = \"http:\/\/www.eloriente.net\/home\/2014\/08\/25\/el-campo-mexicano-y-su-presupuesto\/\"\n\t\t\t  \tdata-numposts = \"10\"\n\t\t\t\tdata-colorscheme = \"dark\"\n\t\t\t\tdata-order-by = \"social\"\n\t\t\t\tdata-mobile=true>\n\t\t\t  <\/div>\n\t\t  <style>\n\t\t\t.fb_iframe_widget_fluid_desktop iframe {\n\t\t\t    width: 100% !important;\n\t\t\t}\n\t\t  <\/style>\n\t\t  ","protected":false},"excerpt":{"rendered":"<p>eloriente.net 25\/agosto\/2014 La Secretar\u00eda de Agricultura, Ganader\u00eda, Desarrollo Rural, Pesca y Alimentaci\u00f3n (SAGARPA) es la entidad federal encargada de distribuir el presupuesto para que sea aplicado en programas de apoyo a los sectores que integran la dependencia. Dentro del presupuesto total de SAGARPA, el \u00a0recurso\u00a0 federalizado \u00a0es \u00a0muy \u00a0limitado. En el per\u00edodo de 2002 a [&hellip;]<\/p>\n","protected":false},"author":1,"featured_media":31414,"comment_status":"open","ping_status":"open","sticky":false,"template":"","format":"standard","meta":{"_jetpack_memberships_contains_paid_content":false,"footnotes":""},"categories":[32,63,35,10,24,464],"tags":[1068,2411,2412,2413,1524],"class_list":["post-31407","post","type-post","status-publish","format-standard","has-post-thumbnail","hentry","category-entradas","category-estados","category-secciones-oriente","category-lo-mas-reciente","category-mexico-y-el-mundo","category-oaxaca-estados","tag-agricultura","tag-campo-mexicano","tag-ganaderia","tag-pesca","tag-sagarpa"],"jetpack_featured_media_url":"http:\/\/www.eloriente.net\/home\/wp-content\/uploads\/2014\/08\/10795657324_5ed612383f_o.jpg","jetpack_sharing_enabled":true,"_links":{"self":[{"href":"http:\/\/www.eloriente.net\/home\/wp-json\/wp\/v2\/posts\/31407"}],"collection":[{"href":"http:\/\/www.eloriente.net\/home\/wp-json\/wp\/v2\/posts"}],"about":[{"href":"http:\/\/www.eloriente.net\/home\/wp-json\/wp\/v2\/types\/post"}],"author":[{"embeddable":true,"href":"http:\/\/www.eloriente.net\/home\/wp-json\/wp\/v2\/users\/1"}],"replies":[{"embeddable":true,"href":"http:\/\/www.eloriente.net\/home\/wp-json\/wp\/v2\/comments?post=31407"}],"version-history":[{"count":6,"href":"http:\/\/www.eloriente.net\/home\/wp-json\/wp\/v2\/posts\/31407\/revisions"}],"predecessor-version":[{"id":31459,"href":"http:\/\/www.eloriente.net\/home\/wp-json\/wp\/v2\/posts\/31407\/revisions\/31459"}],"wp:featuredmedia":[{"embeddable":true,"href":"http:\/\/www.eloriente.net\/home\/wp-json\/wp\/v2\/media\/31414"}],"wp:attachment":[{"href":"http:\/\/www.eloriente.net\/home\/wp-json\/wp\/v2\/media?parent=31407"}],"wp:term":[{"taxonomy":"category","embeddable":true,"href":"http:\/\/www.eloriente.net\/home\/wp-json\/wp\/v2\/categories?post=31407"},{"taxonomy":"post_tag","embeddable":true,"href":"http:\/\/www.eloriente.net\/home\/wp-json\/wp\/v2\/tags?post=31407"}],"curies":[{"name":"wp","href":"https:\/\/api.w.org\/{rel}","templated":true}]}}