{"id":31419,"date":"2014-08-25T07:47:28","date_gmt":"2014-08-25T13:47:28","guid":{"rendered":"http:\/\/www.eloriente.net\/home\/?p=31419"},"modified":"2014-08-25T10:33:54","modified_gmt":"2014-08-25T16:33:54","slug":"la-orden-de-proteccion-como-garantia-para-las-mujeres-victimas-de-violencia","status":"publish","type":"post","link":"http:\/\/www.eloriente.net\/home\/2014\/08\/25\/la-orden-de-proteccion-como-garantia-para-las-mujeres-victimas-de-violencia\/","title":{"rendered":"La orden de protecci\u00f3n como garant\u00eda para las mujeres v\u00edctimas de violencia"},"content":{"rendered":"<p>eloriente.net<\/p>\n<p>25\/agosto\/2014<\/p>\n<p>\u00b7 En el marco del D\u00eda Naranja, el Poder Judicial del Estado distribuir\u00e1 folletos informativos sobre el tema, anunci\u00f3 el magistrado Alfredo Rodrigo Lagunas Rivera<\/p>\n<p>Ante el riesgo de perder la vida o ver afectada su integridad f\u00edsica y emocional, toda mujer tiene la facultad de acudir a la autoridad jurisdiccional y solicitar una orden de protecci\u00f3n, aun cuando sus asuntos no est\u00e9n judicializados, pues hoy en d\u00eda los juzgadores tienen la obligaci\u00f3n de prevenir, interrumpir e impedir que se generen o sigan realizando actos de violencia en contra de este sector de la poblaci\u00f3n, asegur\u00f3 el titular del Poder Judicial, magistrado Alfredo Rodrigo Lagunas Rivera.<\/p>\n<p>Anunci\u00f3 que en el marco de la conmemoraci\u00f3n del D\u00eda Naranja, instituido el 25 de cada mes, a trav\u00e9s de la Direcci\u00f3n de Derechos Humanos del Consejo de la Judicatura se distribuir\u00e1n mil folletos informativos sobre ese recurso establecido en el art\u00edculo 27 de la Ley General de Acceso de las Mujeres a una Vida Libre de Violencia y 24 de su similar en el estado, al interior de la instituci\u00f3n, juzgados y tribunales especializados.<\/p>\n<p>Las \u00f3rdenes de protecci\u00f3n constituyen una herramienta efectiva ante situaciones de riesgo, de urgente aplicaci\u00f3n en funci\u00f3n del inter\u00e9s superior de la v\u00edctima y de car\u00e1cter precautorio y cautelar; adem\u00e1s de que deben ser otorgadas en lapsos no mayores a ocho horas a partir de su solicitud, cuando se conoce de hechos que constituyen delitos de violencia hacia las mujeres, explic\u00f3.<\/p>\n<p>Indic\u00f3 que distintas convenciones, leyes y reglamentos de corte local, nacional e internacional que buscan eliminar, sancionar y erradicar la violencia de g\u00e9nero, otorgan fundamentos legales para que los \u00f3rganos de impartici\u00f3n de justicia garanticen la seguridad f\u00edsica y emocional de quienes han padecido agresiones, y protejan jur\u00eddicamente el patrimonio de las mujeres v\u00edctimas y de sus hijos e hijas.<\/p>\n<p>El magistrado Lagunas Rivera indic\u00f3 que en el caso de las ni\u00f1as, las \u00f3rdenes de protecci\u00f3n se consideran particularmente cr\u00edticas, pues al ser menores de edad se encuentran expuestas a un mayor riesgo de violaci\u00f3n de sus derechos y garant\u00edas fundamentales.<\/p>\n<p>Agreg\u00f3 que tambi\u00e9n existen \u00f3rdenes de protecci\u00f3n de emergencia que proh\u00edben el acercamiento del agresor al entorno cercano a la v\u00edctima, con el objetivo evitar la consumaci\u00f3n del acto violento; medidas preventivas, destinadas a impedir acciones que en un futuro pudieran generar mayor violencia, como la retenci\u00f3n de armas de fuego y el auxilio policiaco inmediato; y por \u00faltimo, actos de naturaleza civil, cuya funci\u00f3n es salvaguardar los bienes materiales que pudieran negarse a la v\u00edctima.<\/p>\n<p>El titular del Poder Judicial coment\u00f3 que los actos de protecci\u00f3n responden a seis estatutos b\u00e1sicos, entre los que destaca el Principio de Protecci\u00f3n de la V\u00edctima y de la Familia, cuyo fin es otorgar a la afectada y a la familia, la sensaci\u00f3n de seguridad frente a posibles amenazas; el Principio de Aplicaci\u00f3n General que establece que la autoridad judicial podr\u00e1 ordenar actos de protecci\u00f3n siempre que sea necesario y el Principio de Urgencia que motiva la celeridad en la ejecuci\u00f3n de dicha medida.<\/p>\n<p>Por otra parte, el Principio de Accesibilidad promueve criterios sencillos para que las mujeres en riesgo puedan llegar a la autoridad y soliciten una orden a su favor; el Principio de Integralidad garantiza una protecci\u00f3n completa a la v\u00edctima en materia penal, civil y social; y por \u00faltimo, el Principio de Utilidad Procesal facilita la acci\u00f3n de la polic\u00eda y el proceso de instrucci\u00f3n criminal, en lo referente a la recolecci\u00f3n, tratamiento y conservaci\u00f3n de pruebas, concluy\u00f3.<\/p>\n<div id='gallery-1' class='gallery galleryid-31419 gallery-columns-3 gallery-size-thumbnail'><figure class='gallery-item'>\n\t\t\t<div class='gallery-icon landscape'>\n\t\t\t\t<a href='http:\/\/www.eloriente.net\/home\/wp-content\/uploads\/2014\/08\/Hombres-y-mujeres-se-informan-sobre-las-\u00f3rdenes-de-protecci\u00f3n.jpg'><img loading=\"lazy\" decoding=\"async\" width=\"150\" height=\"150\" src=\"http:\/\/www.eloriente.net\/home\/wp-content\/uploads\/2014\/08\/Hombres-y-mujeres-se-informan-sobre-las-\u00f3rdenes-de-protecci\u00f3n-150x150.jpg\" class=\"attachment-thumbnail size-thumbnail\" alt=\"\" srcset=\"http:\/\/www.eloriente.net\/home\/wp-content\/uploads\/2014\/08\/Hombres-y-mujeres-se-informan-sobre-las-\u00f3rdenes-de-protecci\u00f3n-150x150.jpg 150w, http:\/\/www.eloriente.net\/home\/wp-content\/uploads\/2014\/08\/Hombres-y-mujeres-se-informan-sobre-las-\u00f3rdenes-de-protecci\u00f3n-50x50.jpg 50w\" sizes=\"(max-width: 150px) 100vw, 150px\" \/><\/a>\n\t\t\t<\/div><\/figure><figure class='gallery-item'>\n\t\t\t<div class='gallery-icon landscape'>\n\t\t\t\t<a href='http:\/\/www.eloriente.net\/home\/wp-content\/uploads\/2014\/08\/\u00d3rdenes-de-protecci\u00f3n-garantizan-seguridad-de-mujeres-en-riesgo.jpg'><img loading=\"lazy\" decoding=\"async\" width=\"150\" height=\"150\" src=\"http:\/\/www.eloriente.net\/home\/wp-content\/uploads\/2014\/08\/\u00d3rdenes-de-protecci\u00f3n-garantizan-seguridad-de-mujeres-en-riesgo-150x150.jpg\" class=\"attachment-thumbnail size-thumbnail\" alt=\"\" srcset=\"http:\/\/www.eloriente.net\/home\/wp-content\/uploads\/2014\/08\/\u00d3rdenes-de-protecci\u00f3n-garantizan-seguridad-de-mujeres-en-riesgo-150x150.jpg 150w, http:\/\/www.eloriente.net\/home\/wp-content\/uploads\/2014\/08\/\u00d3rdenes-de-protecci\u00f3n-garantizan-seguridad-de-mujeres-en-riesgo-50x50.jpg 50w\" sizes=\"(max-width: 150px) 100vw, 150px\" \/><\/a>\n\t\t\t<\/div><\/figure>\n\t\t<\/div>\n\n<p>Fotos: H. Tribunal de Justicia<\/p>\n<p><strong>Entradas relacionadas:<\/strong><\/p>\n<p><a title=\"Permalink to Son explicadas facultades y atribuciones del Tribunal de Fiscalizaci\u00f3n a municipios\" href=\"http:\/\/www.eloriente.net\/home\/2014\/08\/22\/son-explicadas-facultades-y-atribuciones-del-tribunal-de-fiscalizacion-a-municipios\/\" rel=\"bookmark\">Son explicadas facultades y atribuciones del Tribunal de Fiscalizaci\u00f3n a municipios<\/a><\/p>\n<p><a href=\"http:\/\/www.eloriente.net\/home\/2014\/08\/22\/son-explicadas-facultades-y-atribuciones-del-tribunal-de-fiscalizacion-a-municipios\/\" rel=\"bookmark\"><img decoding=\"async\" title=\"Son explicadas facultades y atribuciones del Tribunal de Fiscalizaci\u00f3n a municipios\" src=\"http:\/\/www.eloriente.net\/home\/wp-content\/themes\/city-desk\/timthumb.php?src=http%3A%2F%2Fwww.eloriente.net%2Fhome%2Fwp-content%2Fuploads%2F2014%2F08%2FMagistrados-del-Tribunal-de-Fiscalizaci%C3%B3n-con-autoridades-municipales-T-.jpg&amp;q=90&amp;w=160&amp;h=106&amp;zc=1\" alt=\"Son explicadas facultades y atribuciones del Tribunal de Fiscalizaci\u00f3n a municipios\" \/><\/a><\/p>\n<p>eloriente.net 22\/agosto\/2014 \u2022 Magistrados del Tribunal de Fiscalizaci\u00f3n llevaron a cabo actividades de difusi\u00f3n de la labor que realizan entre autoridades de municipios de la Cuenca, Mixteca y Sierra Sur Al sostener diferentes encuentros con presidentes municipales, secretarios y regidores de siete ayuntamientos de las regiones de la Cuenca, Sierra Norte y la Mixteca para [&#8230;]<\/p>\n<p>August 22, 2014<\/p>\n<div id=\"post-31333\">\n<p><a title=\"Permalink to Autoriza Congreso a IEEPCO Elecciones Extraordinarias\" href=\"http:\/\/www.eloriente.net\/home\/2014\/08\/22\/autoriza-congreso-a-ieepco-elecciones-extraordinarias\/\" rel=\"bookmark\">Autoriza Congreso a IEEPCO Elecciones Extraordinarias<\/a><\/p>\n<p><a href=\"http:\/\/www.eloriente.net\/home\/2014\/08\/22\/autoriza-congreso-a-ieepco-elecciones-extraordinarias\/\" rel=\"bookmark\"><img decoding=\"async\" title=\"Autoriza Congreso a IEEPCO Elecciones Extraordinarias\" src=\"http:\/\/www.eloriente.net\/home\/wp-content\/themes\/city-desk\/timthumb.php?src=http%3A%2F%2Fwww.eloriente.net%2Fhome%2Fwp-content%2Fuploads%2F2014%2F08%2FDSC_0019.jpg&amp;q=90&amp;w=160&amp;h=106&amp;zc=1\" alt=\"Autoriza Congreso a IEEPCO Elecciones Extraordinarias\" \/><\/a><\/p>\n<p>eloriente.net 22\/agosto\/2014 \u00a0 \u2022 Entre los municipios que elegir\u00e1n autoridades se encuentra San Dionisio del Mar \u2022 Los manifestantes sostuvieron una mesa de di\u00e1logo con legisladores y liberaron los accesos a la C\u00e1mara \u00a0 El pleno de la LXII Legislatura del Estado autoriz\u00f3 al Instituto Estatal Electoral y de Participaci\u00f3n Ciudadana de Oaxaca (IEEPCO) convocar [&#8230;]<\/p>\n<p>August 22, 2014<\/p>\n<\/div>\n<div id=\"post-31376\">\n<p><a title=\"Permalink to Inaugura Lagunas Rivera Simposium sobre fiscalizaci\u00f3n\" href=\"http:\/\/www.eloriente.net\/home\/2014\/08\/22\/inaugura-lagunas-rivera-simposium-sobre-fiscalizacion\/\" rel=\"bookmark\">Inaugura Lagunas Rivera Simposium sobre fiscalizaci\u00f3n<\/a><\/p>\n<p><a href=\"http:\/\/www.eloriente.net\/home\/2014\/08\/22\/inaugura-lagunas-rivera-simposium-sobre-fiscalizacion\/\" rel=\"bookmark\"><img decoding=\"async\" title=\"Inaugura Lagunas Rivera Simposium sobre fiscalizaci\u00f3n\" src=\"http:\/\/www.eloriente.net\/home\/wp-content\/themes\/city-desk\/timthumb.php?src=http%3A%2F%2Fwww.eloriente.net%2Fhome%2Fwp-content%2Fuploads%2F2014%2F08%2FMagistrado-Alfredo-Lagunas-en-inauguraci%C3%B3n-de-Simposium-2.jpg&amp;q=90&amp;w=160&amp;h=106&amp;zc=1\" alt=\"Inaugura Lagunas Rivera Simposium sobre fiscalizaci\u00f3n\" \/><\/a><\/p>\n<p>eloriente.net 21\/agosto\/2014 El titular del Poder Judicial, magistrado Alfredo Rodrigo Lagunas Rivera inaugur\u00f3 la tarde de este jueves los trabajos del Simposium Aspectos Jur\u00eddicos de la Fiscalizaci\u00f3n Superior y la Rendici\u00f3n de Cuentas en M\u00e9xico, organizado por la Auditor\u00eda Superior del Estado de Oaxaca (ASE) y que re\u00fane a especialistas en la materia as\u00ed como [&#8230;]<\/p>\n<p>August 22, 2014<\/p>\n<\/div>\n\n\t\t\t  <div \n\t\t\t  \tclass = \"fb-comments\" \n\t\t\t  \tdata-href = \"http:\/\/www.eloriente.net\/home\/2014\/08\/25\/la-orden-de-proteccion-como-garantia-para-las-mujeres-victimas-de-violencia\/\"\n\t\t\t  \tdata-numposts = \"10\"\n\t\t\t\tdata-colorscheme = \"dark\"\n\t\t\t\tdata-order-by = \"social\"\n\t\t\t\tdata-mobile=true>\n\t\t\t  <\/div>\n\t\t  <style>\n\t\t\t.fb_iframe_widget_fluid_desktop iframe {\n\t\t\t    width: 100% !important;\n\t\t\t}\n\t\t  <\/style>\n\t\t  ","protected":false},"excerpt":{"rendered":"<p>eloriente.net 25\/agosto\/2014 \u00b7 En el marco del D\u00eda Naranja, el Poder Judicial del Estado distribuir\u00e1 folletos informativos sobre el tema, anunci\u00f3 el magistrado Alfredo Rodrigo Lagunas Rivera Ante el riesgo de perder la vida o ver afectada su integridad f\u00edsica y emocional, toda mujer tiene la facultad de acudir a la autoridad jurisdiccional y solicitar [&hellip;]<\/p>\n","protected":false},"author":1,"featured_media":31420,"comment_status":"open","ping_status":"open","sticky":false,"template":"","format":"standard","meta":{"_jetpack_memberships_contains_paid_content":false,"footnotes":""},"categories":[1588,91,22,32,464],"tags":[189,2415,2416],"class_list":["post-31419","post","type-post","status-publish","format-standard","has-post-thumbnail","hentry","category-comunicados-y-boletines","category-congreso-y-justicia","category-derechos-humanos","category-entradas","category-oaxaca-estados","tag-mujeres","tag-orden-de-proteccion","tag-victimas-de-violencia"],"jetpack_featured_media_url":"http:\/\/www.eloriente.net\/home\/wp-content\/uploads\/2014\/08\/Hombres-y-mujeres-se-informan-sobre-las-\u00f3rdenes-de-protecci\u00f3n.jpg","jetpack_sharing_enabled":true,"_links":{"self":[{"href":"http:\/\/www.eloriente.net\/home\/wp-json\/wp\/v2\/posts\/31419"}],"collection":[{"href":"http:\/\/www.eloriente.net\/home\/wp-json\/wp\/v2\/posts"}],"about":[{"href":"http:\/\/www.eloriente.net\/home\/wp-json\/wp\/v2\/types\/post"}],"author":[{"embeddable":true,"href":"http:\/\/www.eloriente.net\/home\/wp-json\/wp\/v2\/users\/1"}],"replies":[{"embeddable":true,"href":"http:\/\/www.eloriente.net\/home\/wp-json\/wp\/v2\/comments?post=31419"}],"version-history":[{"count":3,"href":"http:\/\/www.eloriente.net\/home\/wp-json\/wp\/v2\/posts\/31419\/revisions"}],"predecessor-version":[{"id":31461,"href":"http:\/\/www.eloriente.net\/home\/wp-json\/wp\/v2\/posts\/31419\/revisions\/31461"}],"wp:featuredmedia":[{"embeddable":true,"href":"http:\/\/www.eloriente.net\/home\/wp-json\/wp\/v2\/media\/31420"}],"wp:attachment":[{"href":"http:\/\/www.eloriente.net\/home\/wp-json\/wp\/v2\/media?parent=31419"}],"wp:term":[{"taxonomy":"category","embeddable":true,"href":"http:\/\/www.eloriente.net\/home\/wp-json\/wp\/v2\/categories?post=31419"},{"taxonomy":"post_tag","embeddable":true,"href":"http:\/\/www.eloriente.net\/home\/wp-json\/wp\/v2\/tags?post=31419"}],"curies":[{"name":"wp","href":"https:\/\/api.w.org\/{rel}","templated":true}]}}