{"id":31427,"date":"2014-08-25T08:04:24","date_gmt":"2014-08-25T14:04:24","guid":{"rendered":"http:\/\/www.eloriente.net\/home\/?p=31427"},"modified":"2014-08-25T08:04:24","modified_gmt":"2014-08-25T14:04:24","slug":"de-verdad-va-a-servir-la-reduccion-del-congreso","status":"publish","type":"post","link":"http:\/\/www.eloriente.net\/home\/2014\/08\/25\/de-verdad-va-a-servir-la-reduccion-del-congreso\/","title":{"rendered":"\u00bfDe verdad va a servir la reducci\u00f3n del Congreso?"},"content":{"rendered":"<p>eloriente.net<\/p>\n<p>25\/agosto\/2014<\/p>\n<p>+ Quitar legisladores resta legitimidad; \u00bfy privilegios?<\/p>\n<p>No es casual que apenas d\u00edas despu\u00e9s de la conclusi\u00f3n del proceso legislativo de las reformas estructurales, fuera el propio PRI quien pusiera en la discusi\u00f3n una vieja propuesta para reducir el n\u00famero de integrantes de las c\u00e1maras legislativas federales. Lejos de tener una intenci\u00f3n democratizadora, la propuesta priista m\u00e1s bien parece encaminada a colocar un candado a los procesos reformadores de gran calado y a socavar la posible existencia de contrapesos en el poder que hoy ostenta el Ejecutivo federal. Lejos de la demagogia vale la pena revisar con cuidado esta propuesta para entender qu\u00e9 fines persigue.<\/p>\n<p>En efecto, hace unos d\u00edas el secretario Jur\u00eddico del Comit\u00e9 Ejecutivo Nacional del PRI, Sadot S\u00e1nchez Carre\u00f1o, entreg\u00f3 en la Mesa Directiva del Senado de la Rep\u00fablica el \u201cAviso de Intenci\u00f3n\u201d para realizar una consulta popular con el prop\u00f3sito de reformar la Constituci\u00f3n para reducir 100 diputados federales y 32 senadores de representaci\u00f3n proporcional. La estrategia priista se centra en conseguir alrededor de un mill\u00f3n y medio de firmas de apoyo de ciudadanos mexicanos antes del 15 de septiembre pr\u00f3ximo \u2014s\u00f3lo median alrededor de 25 d\u00edas entre la presentaci\u00f3n de la propuesta y su formalizaci\u00f3n\u2014 para que esta consulta popular se lleve a cabo en la misma jornada electoral federal de 2015.<\/p>\n<p>Frente a todo esto surgen varias cuestiones que vale la pena analizar. Pues lo primero que salta a la vista es la prisa que parece tener el CEN del PRI por formalizar la propuesta y convertirlo en un tema de la agenda p\u00fablica. El gobierno federal y el partido gobernante, esperaron a que concluyera la fase legislativa de las reformas estructurales por un asunto de c\u00e1lculo y conveniencia. Pero una vez concluido dicho proceso lo irremediable parece ser la b\u00fasqueda de una riesgosa reducci\u00f3n del Congreso. Es riesgoso que para conseguir la aprobaci\u00f3n popular, el PRI utilice argumentos endebles y esconda los que verdaderamente importan.<\/p>\n<p>Espec\u00edficamente, nos referimos a dos cuestiones: primera, que al reducir el n\u00famero de legisladores sin variar la composici\u00f3n y los alcances de las c\u00e1maras legislativas, lo que est\u00e1 buscando en realidad es concentrar m\u00e1s un poder al que al mismo tiempo est\u00e1 socavando de distintas formas; y segundo, que una parte esencial de la discusi\u00f3n relacionada con el n\u00famero de legisladores debiera ser si es m\u00e1s viable reducir la integraci\u00f3n de las c\u00e1maras legislativas o eliminar algunos de los muchos privilegios que tienen los diputados y senadores en M\u00e9xico.<\/p>\n<p>El asunto no es menor. La ciudadan\u00eda tiene un enojo a\u00f1ejo y genuino con sus legisladores por la forma en c\u00f3mo concentran privilegios que no corresponden con la baj\u00edsima calidad del trabajo legislativo y con la insuficiencia en la atenci\u00f3n de los problemas sociales del pa\u00eds. A partir de ello se ha cuestionado, por ejemplo, la existencia de los legisladores plurinominales, pero no se ha logrado una discusi\u00f3n serena respecto a la necesidad de eliminar a los plurinominales junto con los privilegios de los diputados, pero sin reducir la integraci\u00f3n de las c\u00e1maras legislativas. Ese es un asunto m\u00e1s importante de lo que a simple vista podr\u00edamos suponer.<\/p>\n<p><a href=\"http:\/\/www.eloriente.net\/home\/wp-content\/uploads\/2013\/12\/senado1.jpg\"><img loading=\"lazy\" decoding=\"async\" class=\"alignnone size-medium wp-image-18543\" src=\"http:\/\/www.eloriente.net\/home\/wp-content\/uploads\/2013\/12\/senado1-300x174.jpg\" alt=\"\" width=\"300\" height=\"174\" srcset=\"http:\/\/www.eloriente.net\/home\/wp-content\/uploads\/2013\/12\/senado1-300x174.jpg 300w, http:\/\/www.eloriente.net\/home\/wp-content\/uploads\/2013\/12\/senado1.jpg 944w\" sizes=\"(max-width: 300px) 100vw, 300px\" \/><\/a><\/p>\n<p>Foto: Archivo eloriente.net<\/p>\n<p><strong>Entradas relacionadas:<\/strong><\/p>\n<p><a title=\"Permalink to Toma de radiodifusoras: la impunidad, consumada\" href=\"http:\/\/www.eloriente.net\/home\/2014\/08\/22\/toma-de-radiodifusoras-la-impunidad-consumada\/\" rel=\"bookmark\">Toma de radiodifusoras: la impunidad, consumada<\/a><\/p>\n<p><a href=\"http:\/\/www.eloriente.net\/home\/2014\/08\/22\/toma-de-radiodifusoras-la-impunidad-consumada\/\" rel=\"bookmark\"><img decoding=\"async\" src=\"http:\/\/www.eloriente.net\/home\/wp-content\/themes\/city-desk\/timthumb.php?src=http%3A%2F%2Fwww.eloriente.net%2Fhome%2Fwp-content%2Fuploads%2F2014%2F08%2FRadio-Alan-Levine.jpg&amp;q=90&amp;w=160&amp;h=106&amp;zc=1\" alt=\"Toma de radiodifusoras: la impunidad, consumada\" \/><\/a><\/p>\n<p>eloriente.net 22\/agosto\/2014 Por:\u00a0Adri\u00e1n Ort\u00edz Romero Oaxaca se volvi\u00f3 infierno de violencia e indolencia Ya nadie lo recuerda, pero el 21 de agosto de 2006 Oaxaca se volvi\u00f3 un infierno. La ma\u00f1ana de ese lunes, las calles de la ciudad amanecieron bloqueadas por profesores de la Secci\u00f3n 22 del SNTE e integrantes de la APPO, que [&#8230;]<\/p>\n<p>August 22, 2014<\/p>\n<div>\n<p><a title=\"Permalink to Sostener a Esteva Salinas es un costoso capricho\" href=\"http:\/\/www.eloriente.net\/home\/2014\/08\/20\/sostener-a-esteva-salinas-es-un-costoso-capricho\/\" rel=\"bookmark\">Sostener a Esteva Salinas es un costoso capricho<\/a><\/p>\n<p><a href=\"http:\/\/www.eloriente.net\/home\/2014\/08\/20\/sostener-a-esteva-salinas-es-un-costoso-capricho\/\" rel=\"bookmark\"><img decoding=\"async\" src=\"http:\/\/www.eloriente.net\/home\/wp-content\/themes\/city-desk\/timthumb.php?src=http%3A%2F%2Fwww.eloriente.net%2Fhome%2Fwp-content%2Fuploads%2F2013%2F01%2FSSP.jpg&amp;q=90&amp;w=160&amp;h=106&amp;zc=1\" alt=\"Sostener a Esteva Salinas es un costoso capricho\" \/><\/a><\/p>\n<p>eloriente.net 20\/agosto\/2014 Por:\u00a0Adri\u00e1n Ort\u00edz Romero Titular SSP no es experto, ni pol\u00edtico. \u00bfEntonces? En ese nivel de transparencia que qui\u00e9n sabe si alg\u00fan d\u00eda lleguemos a ver los mexicanos que hoy vivimos, el Gobierno del Estado deb\u00eda explicar con claridad cu\u00e1l es la raz\u00f3n por la que sostiene en el cargo a un funcionario como [&#8230;]<\/p>\n<p>August 20, 2014<\/p>\n<\/div>\n<div>\n<p><a title=\"Permalink to M\u00e9xico-EEUU: del clasismo al racismo\" href=\"http:\/\/www.eloriente.net\/home\/2014\/08\/18\/mexico-eeuu-del-clasismo-al-racismo\/\" rel=\"bookmark\">M\u00e9xico-EEUU: del clasismo al racismo<\/a><\/p>\n<p><a href=\"http:\/\/www.eloriente.net\/home\/2014\/08\/18\/mexico-eeuu-del-clasismo-al-racismo\/\" rel=\"bookmark\"><img decoding=\"async\" src=\"http:\/\/www.eloriente.net\/home\/wp-content\/themes\/city-desk\/timthumb.php?src=http%3A%2F%2Fwww.eloriente.net%2Fhome%2Fwp-content%2Fuploads%2F2014%2F08%2F3270527356_6e47c37846_o.jpg&amp;q=90&amp;w=160&amp;h=106&amp;zc=1\" alt=\"M\u00e9xico-EEUU: del clasismo al racismo\" \/><\/a><\/p>\n<p>eloriente.net 18\/agosto\/2014 Por:\u00a0Adri\u00e1n Ort\u00edz Romero Aqu\u00ed, la causa es econ\u00f3mica, all\u00e1, la raza Cuando casi cualquier extranjero visita regularmente o viene a vivir a nuestro pa\u00eds, entiende que en M\u00e9xico el racismo no es un problema grave, tanto como el clasismo. Eso, que para ellos no es menor, para nosotros es algo casi natural. El [&#8230;]<\/p>\n<p>August 18, 2014<\/p>\n<\/div>\n\n\t\t\t  <div \n\t\t\t  \tclass = \"fb-comments\" \n\t\t\t  \tdata-href = \"http:\/\/www.eloriente.net\/home\/2014\/08\/25\/de-verdad-va-a-servir-la-reduccion-del-congreso\/\"\n\t\t\t  \tdata-numposts = \"10\"\n\t\t\t\tdata-colorscheme = \"dark\"\n\t\t\t\tdata-order-by = \"social\"\n\t\t\t\tdata-mobile=true>\n\t\t\t  <\/div>\n\t\t  <style>\n\t\t\t.fb_iframe_widget_fluid_desktop iframe {\n\t\t\t    width: 100% !important;\n\t\t\t}\n\t\t  <\/style>\n\t\t  ","protected":false},"excerpt":{"rendered":"<p>eloriente.net 25\/agosto\/2014 + Quitar legisladores resta legitimidad; \u00bfy privilegios? No es casual que apenas d\u00edas despu\u00e9s de la conclusi\u00f3n del proceso legislativo de las reformas estructurales, fuera el propio PRI quien pusiera en la discusi\u00f3n una vieja propuesta para reducir el n\u00famero de integrantes de las c\u00e1maras legislativas federales. Lejos de tener una intenci\u00f3n democratizadora, [&hellip;]<\/p>\n","protected":false},"author":2,"featured_media":18543,"comment_status":"open","ping_status":"open","sticky":false,"template":"","format":"standard","meta":{"_jetpack_memberships_contains_paid_content":false,"footnotes":""},"categories":[38,11,32,10,21],"tags":[93,192,2419,1045],"class_list":["post-31427","post","type-post","status-publish","format-standard","has-post-thumbnail","hentry","category-adrian-ortiz-romero","category-colaboradores","category-entradas","category-lo-mas-reciente","category-politica-y-gobierno","tag-diputados","tag-pri","tag-reduccion","tag-senadores"],"jetpack_featured_media_url":"http:\/\/www.eloriente.net\/home\/wp-content\/uploads\/2013\/12\/senado1.jpg","jetpack_sharing_enabled":true,"_links":{"self":[{"href":"http:\/\/www.eloriente.net\/home\/wp-json\/wp\/v2\/posts\/31427"}],"collection":[{"href":"http:\/\/www.eloriente.net\/home\/wp-json\/wp\/v2\/posts"}],"about":[{"href":"http:\/\/www.eloriente.net\/home\/wp-json\/wp\/v2\/types\/post"}],"author":[{"embeddable":true,"href":"http:\/\/www.eloriente.net\/home\/wp-json\/wp\/v2\/users\/2"}],"replies":[{"embeddable":true,"href":"http:\/\/www.eloriente.net\/home\/wp-json\/wp\/v2\/comments?post=31427"}],"version-history":[{"count":1,"href":"http:\/\/www.eloriente.net\/home\/wp-json\/wp\/v2\/posts\/31427\/revisions"}],"predecessor-version":[{"id":31428,"href":"http:\/\/www.eloriente.net\/home\/wp-json\/wp\/v2\/posts\/31427\/revisions\/31428"}],"wp:featuredmedia":[{"embeddable":true,"href":"http:\/\/www.eloriente.net\/home\/wp-json\/wp\/v2\/media\/18543"}],"wp:attachment":[{"href":"http:\/\/www.eloriente.net\/home\/wp-json\/wp\/v2\/media?parent=31427"}],"wp:term":[{"taxonomy":"category","embeddable":true,"href":"http:\/\/www.eloriente.net\/home\/wp-json\/wp\/v2\/categories?post=31427"},{"taxonomy":"post_tag","embeddable":true,"href":"http:\/\/www.eloriente.net\/home\/wp-json\/wp\/v2\/tags?post=31427"}],"curies":[{"name":"wp","href":"https:\/\/api.w.org\/{rel}","templated":true}]}}