{"id":31439,"date":"2014-08-26T08:00:47","date_gmt":"2014-08-26T14:00:47","guid":{"rendered":"http:\/\/www.eloriente.net\/home\/?p=31439"},"modified":"2014-08-25T09:32:29","modified_gmt":"2014-08-25T15:32:29","slug":"en-directo-26ago2014-1000-h-ciclo-de-talleres-para-periodistas-sobre-la-reforma-politico-electoral","status":"publish","type":"post","link":"http:\/\/www.eloriente.net\/home\/2014\/08\/26\/en-directo-26ago2014-1000-h-ciclo-de-talleres-para-periodistas-sobre-la-reforma-politico-electoral\/","title":{"rendered":"EN DIRECTO 26\/Ago\/2014 10:00 h: Ciclo de talleres para periodistas sobre la Reforma Pol\u00edtico Electoral"},"content":{"rendered":"<p>eloriente.net<\/p>\n<p>26\/agosto\/2014<\/p>\n<p>La Coordinaci\u00f3n Nacional de Comunicaci\u00f3n Social del Instituto Nacional Electoral, transmite en directo el Ciclo de talleres para periodistas sobre la Reforma Pol\u00edtico Electoral: Nuevas atribuciones del \u00d3rgano Electoral Nacional.<\/p>\n<p>El tema de este lunes 26 de agosto de 2014 es Organismos P\u00fablicos Locales Electorales (OPLEs) y su Unidad T\u00e9cnica, que cuenta con la presencia de los siguientes ponentes:<\/p>\n<p>Marco Antonio Ba\u00f1os Mart\u00ednez, Consejero Electoral y Miguel \u00c1ngel Pati\u00f1o Arroyo, Director de Operaci\u00f3n Regional de la Direcci\u00f3n Ejecutiva de Organizaci\u00f3n Electoral<\/p>\n<p><iframe loading=\"lazy\" src=\"\/\/www.youtube.com\/embed\/GC1rIzAUnbo\" frameborder=\"0\" width=\"560\" height=\"315\"><\/iframe><\/p>\n<p><a href=\"http:\/\/www.eloriente.net\/home\/wp-content\/uploads\/2014\/07\/Convenio-Por-INE.jpg\"><img loading=\"lazy\" decoding=\"async\" class=\"alignnone size-medium wp-image-29799\" title=\"Convenio-Por INE\" src=\"http:\/\/www.eloriente.net\/home\/wp-content\/uploads\/2014\/07\/Convenio-Por-INE-300x200.jpg\" alt=\"\" width=\"300\" height=\"200\" srcset=\"http:\/\/www.eloriente.net\/home\/wp-content\/uploads\/2014\/07\/Convenio-Por-INE-300x200.jpg 300w, http:\/\/www.eloriente.net\/home\/wp-content\/uploads\/2014\/07\/Convenio-Por-INE.jpg 1024w\" sizes=\"(max-width: 300px) 100vw, 300px\" \/><\/a><\/p>\n<p>Foto: Archivo eloriente.net<\/p>\n<p><strong>Entradas relacionadas:<\/strong><\/p>\n<p><a title=\"Permalink to Escucha a Eduardo Pinacho, Gregoria Castellanos, Fernando M\u00e9ndez e Isabel Rojas en Todo Oaxaca Radio 19 \/Ago\/2014\" href=\"http:\/\/www.eloriente.net\/home\/2014\/08\/20\/escucha-a-eduardo-pinacho-gregoria-castellanos-fernando-mendez-e-isabel-rojas-en-todo-oaxaca-radio-19-ago2014\/\" rel=\"bookmark\">Escucha a Eduardo Pinacho, Gregoria Castellanos, Fernando M\u00e9ndez e Isabel Rojas en Todo Oaxaca Radio 19 \/Ago\/2014<\/a><\/p>\n<p><a href=\"http:\/\/www.eloriente.net\/home\/2014\/08\/20\/escucha-a-eduardo-pinacho-gregoria-castellanos-fernando-mendez-e-isabel-rojas-en-todo-oaxaca-radio-19-ago2014\/\" rel=\"bookmark\"><img decoding=\"async\" title=\"Escucha a Eduardo Pinacho, Gregoria Castellanos, Fernando M\u00e9ndez e Isabel Rojas en Todo Oaxaca Radio 19 \/Ago\/2014\" src=\"http:\/\/www.eloriente.net\/home\/wp-content\/themes\/city-desk\/timthumb.php?src=http%3A%2F%2Fwww.eloriente.net%2Fhome%2Fwp-content%2Fuploads%2F2014%2F08%2FIMG_5018.jpg&amp;q=90&amp;w=160&amp;h=106&amp;zc=1\" alt=\"Escucha a Eduardo Pinacho, Gregoria Castellanos, Fernando M\u00e9ndez e Isabel Rojas en Todo Oaxaca Radio 19 \/Ago\/2014\" \/><\/a><\/p>\n<p>todooaxacaradio.com 20\/agosto\/2014 Como cada martes, en punto de las 17:00 horas se transmiti\u00f3 el programa Todo Oaxaca Radio completamente en vivo desde la Ciudad de Oaxaca de Ju\u00e1rez, a trav\u00e9s de las frecuencias abiertas 570 AM, 94.9 FM y para todo el mundo a trav\u00e9s de www.todooaxacaradio.com. El programa es conducido por Rub\u00e9n Vasconcelos Beltr\u00e1n, [&#8230;]<\/p>\n<p>August 20, 2014<\/p>\n<div id=\"post-31228\">\n<p><a title=\"Permalink to 20\/Ago\/ 2014 10:00 horas EN VIVO: Sesi\u00f3n extraordinaria del Consejo General del Instituto Nacional Electoral\" href=\"http:\/\/www.eloriente.net\/home\/2014\/08\/20\/en-vivo-sesion-extraordinaria-del-consejo-general-del-instituto-nacional-electoral\/\" rel=\"bookmark\">20\/Ago\/ 2014 10:00 horas EN VIVO: Sesi\u00f3n extraordinaria del Consejo General del Instituto Nacional Electoral<\/a><\/p>\n<p><a href=\"http:\/\/www.eloriente.net\/home\/2014\/08\/20\/en-vivo-sesion-extraordinaria-del-consejo-general-del-instituto-nacional-electoral\/\" rel=\"bookmark\"><img decoding=\"async\" title=\"20\/Ago\/ 2014 10:00 horas EN VIVO: Sesi\u00f3n extraordinaria del Consejo General del Instituto Nacional Electoral\" src=\"http:\/\/www.eloriente.net\/home\/wp-content\/themes\/city-desk\/timthumb.php?src=http%3A%2F%2Fwww.eloriente.net%2Fhome%2Fwp-content%2Fuploads%2F2014%2F08%2FINE-Archivo-eloriente.net_.jpg&amp;q=90&amp;w=160&amp;h=106&amp;zc=1\" alt=\"20\/Ago\/ 2014 10:00 horas EN VIVO: Sesi\u00f3n extraordinaria del Consejo General del Instituto Nacional Electoral\" \/><\/a><\/p>\n<p>eloriente.net 20\/agosto\/2014 Nos enlazamos en vivo al Consejo General del Instituto Nacional Electoral, para la sesi\u00f3n extraordinaria del jueves 20 de agosto de 2014 a las 10:00 am: Foto: Archivo eloriente.net Entradas relacionadas: En Vivo: Tercera Sesi\u00f3n del Ciclo de Talleres para Periodistas INE eloriente.net 19\/agosto\/2014 Hoy martes 19 de agosto, de 10:00 a 12:00 [&#8230;]<\/p>\n<p>August 20, 2014<\/p>\n<\/div>\n<div id=\"post-31182\">\n<p><a title=\"Permalink to En Vivo: Tercera Sesi\u00f3n del Ciclo de Talleres para Periodistas INE\" href=\"http:\/\/www.eloriente.net\/home\/2014\/08\/19\/en-vivo-tercera-sesion-del-ciclo-de-talleres-para-periodistas-ine\/\" rel=\"bookmark\">En Vivo: Tercera Sesi\u00f3n del Ciclo de Talleres para Periodistas INE<\/a><\/p>\n<p><a href=\"http:\/\/www.eloriente.net\/home\/2014\/08\/19\/en-vivo-tercera-sesion-del-ciclo-de-talleres-para-periodistas-ine\/\" rel=\"bookmark\"><img decoding=\"async\" title=\"En Vivo: Tercera Sesi\u00f3n del Ciclo de Talleres para Periodistas INE\" src=\"http:\/\/www.eloriente.net\/home\/wp-content\/themes\/city-desk\/timthumb.php?src=http%3A%2F%2Fwww.eloriente.net%2Fhome%2Fwp-content%2Fuploads%2F2014%2F08%2FINE-Archivo-eloriente.net_.jpg&amp;q=90&amp;w=160&amp;h=106&amp;zc=1\" alt=\"En Vivo: Tercera Sesi\u00f3n del Ciclo de Talleres para Periodistas INE\" \/><\/a><\/p>\n<p>eloriente.net 19\/agosto\/2014 Hoy martes 19 de agosto, de 10:00 a 12:00 horas, se lleva a cabo\u00a0la TERCERA SESI\u00d3N DEL PRIMER CICLO DE TALLERES PARA PERIODISTAS, sobre\u00a0la Reforma Pol\u00edtica Electoral: Nuevas atribuciones del \u00d3rgano\u00a0Electoral Nacional. El tema ser\u00e1 \u201cORGANIZACI\u00d3N Y CAPACITACI\u00d3N ELECTORAL\u201d, el cual imparten\u00a0los CONSEJEROS ELECTORALES: \u00b7 ENRIQUE ANDRADE, Presidente de la Comisi\u00f3n de Capacitaci\u00f3n\u00a0Electoral [&#8230;]<\/p>\n<p>August 19, 2014<\/p>\n<\/div>\n\n\t\t\t  <div \n\t\t\t  \tclass = \"fb-comments\" \n\t\t\t  \tdata-href = \"http:\/\/www.eloriente.net\/home\/2014\/08\/26\/en-directo-26ago2014-1000-h-ciclo-de-talleres-para-periodistas-sobre-la-reforma-politico-electoral\/\"\n\t\t\t  \tdata-numposts = \"10\"\n\t\t\t\tdata-colorscheme = \"dark\"\n\t\t\t\tdata-order-by = \"social\"\n\t\t\t\tdata-mobile=true>\n\t\t\t  <\/div>\n\t\t  <style>\n\t\t\t.fb_iframe_widget_fluid_desktop iframe {\n\t\t\t    width: 100% !important;\n\t\t\t}\n\t\t  <\/style>\n\t\t  ","protected":false},"excerpt":{"rendered":"<p>eloriente.net 26\/agosto\/2014 La Coordinaci\u00f3n Nacional de Comunicaci\u00f3n Social del Instituto Nacional Electoral, transmite en directo el Ciclo de talleres para periodistas sobre la Reforma Pol\u00edtico Electoral: Nuevas atribuciones del \u00d3rgano Electoral Nacional. El tema de este lunes 26 de agosto de 2014 es Organismos P\u00fablicos Locales Electorales (OPLEs) y su Unidad T\u00e9cnica, que cuenta con [&hellip;]<\/p>\n","protected":false},"author":1,"featured_media":29799,"comment_status":"open","ping_status":"open","sticky":false,"template":"","format":"standard","meta":{"_jetpack_memberships_contains_paid_content":false,"footnotes":""},"categories":[4,71,32,10,21],"tags":[4076,279,2424,2423,127,1281,1035,2425],"class_list":["post-31439","post","type-post","status-publish","format-standard","has-post-thumbnail","hentry","category-canal-2-en-vivo","category-elecciones","category-entradas","category-lo-mas-reciente","category-politica-y-gobierno","tag-cine","tag-ine","tag-oples","tag-organismos-publicos-locales-electorales","tag-periodismo","tag-reforma-politico-electoral","tag-taller","tag-unidad-tecnica"],"jetpack_featured_media_url":"http:\/\/www.eloriente.net\/home\/wp-content\/uploads\/2014\/07\/Convenio-Por-INE.jpg","jetpack_sharing_enabled":true,"_links":{"self":[{"href":"http:\/\/www.eloriente.net\/home\/wp-json\/wp\/v2\/posts\/31439"}],"collection":[{"href":"http:\/\/www.eloriente.net\/home\/wp-json\/wp\/v2\/posts"}],"about":[{"href":"http:\/\/www.eloriente.net\/home\/wp-json\/wp\/v2\/types\/post"}],"author":[{"embeddable":true,"href":"http:\/\/www.eloriente.net\/home\/wp-json\/wp\/v2\/users\/1"}],"replies":[{"embeddable":true,"href":"http:\/\/www.eloriente.net\/home\/wp-json\/wp\/v2\/comments?post=31439"}],"version-history":[{"count":1,"href":"http:\/\/www.eloriente.net\/home\/wp-json\/wp\/v2\/posts\/31439\/revisions"}],"predecessor-version":[{"id":31440,"href":"http:\/\/www.eloriente.net\/home\/wp-json\/wp\/v2\/posts\/31439\/revisions\/31440"}],"wp:featuredmedia":[{"embeddable":true,"href":"http:\/\/www.eloriente.net\/home\/wp-json\/wp\/v2\/media\/29799"}],"wp:attachment":[{"href":"http:\/\/www.eloriente.net\/home\/wp-json\/wp\/v2\/media?parent=31439"}],"wp:term":[{"taxonomy":"category","embeddable":true,"href":"http:\/\/www.eloriente.net\/home\/wp-json\/wp\/v2\/categories?post=31439"},{"taxonomy":"post_tag","embeddable":true,"href":"http:\/\/www.eloriente.net\/home\/wp-json\/wp\/v2\/tags?post=31439"}],"curies":[{"name":"wp","href":"https:\/\/api.w.org\/{rel}","templated":true}]}}