{"id":31490,"date":"2014-08-26T01:00:33","date_gmt":"2014-08-26T07:00:33","guid":{"rendered":"http:\/\/www.eloriente.net\/home\/?p=31490"},"modified":"2014-08-25T16:32:10","modified_gmt":"2014-08-25T22:32:10","slug":"31490","status":"publish","type":"post","link":"http:\/\/www.eloriente.net\/home\/2014\/08\/26\/31490\/","title":{"rendered":"Convocatoria al programa de Autoempleo Juvenil"},"content":{"rendered":"<p>eloriente.net<\/p>\n<p>26\/agosto\/2014<\/p>\n<p>El Gobierno del Estado de Oaxaca, a trav\u00e9s del Instituto de la juventud del Estado de Oaxaca (INJEO) convoca a los j\u00f3venes oaxaque\u00f1os entre 15 y 29 a\u00f1os que realicen alguna actividad productiva o han iniciado una empresa o negocio propio, a participar en el programa \u00abAutoempleo Juvenil\u00bb.<\/p>\n<p>La inscripci\u00f3n es gratuita de manera individual o grupal y deber\u00e1s realizar tu registro ante el INJEO presentando la ficha t\u00e9cnica de tu empresa o negocio debidamente requisitada.<\/p>\n<p>El Consejo Dictaminador, ser\u00e1 el encargado de evaluar las fichas t\u00e9cnicas y est\u00e1 integrado por especialistas en la incubaci\u00f3n, desarrollo y gesti\u00f3n de empresas.<\/p>\n<p>La fecha l\u00edmite para el registro es el d\u00eda martes 30 de septiembre de 2014 a las 12:00 horas.<\/p>\n<p>Aqu\u00ed la convocatoria completa:<\/p>\n<p><a href=\"http:\/\/www.eloriente.net\/home\/wp-content\/uploads\/2014\/08\/Autoempleo.jpg\"><img loading=\"lazy\" decoding=\"async\" class=\"alignnone size-full wp-image-31492\" title=\"Autoempleo\" src=\"http:\/\/www.eloriente.net\/home\/wp-content\/uploads\/2014\/08\/Autoempleo.jpg\" alt=\"\" width=\"600\" height=\"864\" srcset=\"http:\/\/www.eloriente.net\/home\/wp-content\/uploads\/2014\/08\/Autoempleo.jpg 600w, http:\/\/www.eloriente.net\/home\/wp-content\/uploads\/2014\/08\/Autoempleo-208x300.jpg 208w\" sizes=\"(max-width: 600px) 100vw, 600px\" \/><\/a><\/p>\n<p>Imagen: injeoaxaca.com.mx<\/p>\n<p><a href=\"http:\/\/www.eloriente.net\/home\/wp-content\/uploads\/2014\/08\/CONVOCATORIA-AUTOEMPLEO-2014-ALTA.pdf\">CONVOCATORIA AUTOEMPLEO 2014 ALTA<\/a><\/p>\n<p>Entradas relacionadas:<\/p>\n<p><a title=\"Permalink to Iniciativa Joven-Es Por Oaxaca, presentada por el Consejo Ciudadano de la Juventud\" href=\"http:\/\/www.eloriente.net\/home\/2014\/08\/25\/iniciativa-joven-es-por-oaxaca-presentada-por-el-consejo-ciudadano-de-la-juventud\/\" rel=\"bookmark\">Iniciativa Joven-Es Por Oaxaca, presentada por el Consejo Ciudadano de la Juventud<\/a><\/p>\n<p><a href=\"http:\/\/www.eloriente.net\/home\/2014\/08\/25\/iniciativa-joven-es-por-oaxaca-presentada-por-el-consejo-ciudadano-de-la-juventud\/\" rel=\"bookmark\"><img decoding=\"async\" title=\"Iniciativa Joven-Es Por Oaxaca, presentada por el Consejo Ciudadano de la Juventud\" src=\"http:\/\/www.eloriente.net\/home\/wp-content\/themes\/city-desk\/timthumb.php?src=http%3A%2F%2Fwww.eloriente.net%2Fhome%2Fwp-content%2Fuploads%2F2014%2F08%2FJoven-Es.jpg&amp;q=90&amp;w=160&amp;h=106&amp;zc=1\" alt=\"Iniciativa Joven-Es Por Oaxaca, presentada por el Consejo Ciudadano de la Juventud\" \/><\/a><\/p>\n<p>eloriente.net 25\/agosto\/2014 Como resultado de la gesti\u00f3n realizada por Alejandra Silva Soriano, Presidenta del Consejo Ciudadano de la Juventud A.C., Oaxaca ser\u00e1 el primer estado de la Rep\u00fablica en replicar el proyecto \u201cIniciativa Joven-es por M\u00e9xico\u201d. El pr\u00f3ximo 27 de agosto del presente a\u00f1o, con la presencia del Dip. Fed, Jos\u00e9 Luis Oliveros Usabiaga, Presidente [&#8230;]<\/p>\n<p>August 25, 2014<\/p>\n<div id=\"post-31442\">\n<p><a title=\"Permalink to Primera Generaci\u00f3n de la Licenciatura en M\u00fasica de la UABJO\" href=\"http:\/\/www.eloriente.net\/home\/2014\/08\/25\/primera-generacion-de-la-licenciatura-en-musica-de-la-uabjo\/\" rel=\"bookmark\">Primera Generaci\u00f3n de la Licenciatura en M\u00fasica de la UABJO<\/a><\/p>\n<p><a href=\"http:\/\/www.eloriente.net\/home\/2014\/08\/25\/primera-generacion-de-la-licenciatura-en-musica-de-la-uabjo\/\" rel=\"bookmark\"><img decoding=\"async\" title=\"Primera Generaci\u00f3n de la Licenciatura en M\u00fasica de la UABJO\" src=\"http:\/\/www.eloriente.net\/home\/wp-content\/themes\/city-desk\/timthumb.php?src=http%3A%2F%2Fwww.eloriente.net%2Fhome%2Fwp-content%2Fuploads%2F2014%2F08%2F24.jpg&amp;q=90&amp;w=160&amp;h=106&amp;zc=1\" alt=\"Primera Generaci\u00f3n de la Licenciatura en M\u00fasica de la UABJO\" \/><\/a><\/p>\n<p>eloriente.net 25\/agosto\/2014 Con 42 alumnos inscritos da inicio el primer semestre de la Licenciatura en M\u00fasica que ofrece la Escuela de Bellas de Artes (EBA) de la Universidad Aut\u00f3noma \u201cBenito Ju\u00e1rez\u201d de Oaxaca (UABJO) y que tiene como finalidad, ampliar la oferta acad\u00e9mica, as\u00ed como contribuir a que los j\u00f3venes no tengan que trasladarse a [&#8230;]<\/p>\n<p>August 25, 2014<\/p>\n<\/div>\n<div id=\"post-31366\">\n<p><a title=\"Permalink to Universidad del Adulto Mayor: una nueva mirada del envejecimiento en Oaxaca\" href=\"http:\/\/www.eloriente.net\/home\/2014\/08\/23\/universidad-del-adulto-mayor-una-nueva-mirada-del-envejecimiento-en-oaxaca\/\" rel=\"bookmark\">Universidad del Adulto Mayor: una nueva mirada del envejecimiento en Oaxaca<\/a><\/p>\n<p><a href=\"http:\/\/www.eloriente.net\/home\/2014\/08\/23\/universidad-del-adulto-mayor-una-nueva-mirada-del-envejecimiento-en-oaxaca\/\" rel=\"bookmark\"><img decoding=\"async\" title=\"Universidad del Adulto Mayor: una nueva mirada del envejecimiento en Oaxaca\" src=\"http:\/\/www.eloriente.net\/home\/wp-content\/themes\/city-desk\/timthumb.php?src=http%3A%2F%2Fwww.eloriente.net%2Fhome%2Fwp-content%2Fuploads%2F2014%2F08%2FUNIDAM-HUB-Oaxaca.jpg&amp;q=90&amp;w=160&amp;h=106&amp;zc=1\" alt=\"Universidad del Adulto Mayor: una nueva mirada del envejecimiento en Oaxaca\" \/><\/a><\/p>\n<p>eloriente.net 23\/ag0st0\/2014 Por Jos\u00e9 Pablo Salas La mejora en la calidad de vida y en los servicios de salud alrededor del mundo ha conducido a nuevos retos para brindar a los adultos mayores una vida, no s\u00f3lo digna, sino en la que puedan seguir aprendiendo y desarrollando sus habilidades. Con esto en mente y con [&#8230;]<\/p>\n<p>August 23, 2014<\/p>\n<\/div>\n\n\t\t\t  <div \n\t\t\t  \tclass = \"fb-comments\" \n\t\t\t  \tdata-href = \"http:\/\/www.eloriente.net\/home\/2014\/08\/26\/31490\/\"\n\t\t\t  \tdata-numposts = \"10\"\n\t\t\t\tdata-colorscheme = \"dark\"\n\t\t\t\tdata-order-by = \"social\"\n\t\t\t\tdata-mobile=true>\n\t\t\t  <\/div>\n\t\t  <style>\n\t\t\t.fb_iframe_widget_fluid_desktop iframe {\n\t\t\t    width: 100% !important;\n\t\t\t}\n\t\t  <\/style>\n\t\t  ","protected":false},"excerpt":{"rendered":"<p>eloriente.net 26\/agosto\/2014 El Gobierno del Estado de Oaxaca, a trav\u00e9s del Instituto de la juventud del Estado de Oaxaca (INJEO) convoca a los j\u00f3venes oaxaque\u00f1os entre 15 y 29 a\u00f1os que realicen alguna actividad productiva o han iniciado una empresa o negocio propio, a participar en el programa \u00abAutoempleo Juvenil\u00bb. La inscripci\u00f3n es gratuita de [&hellip;]<\/p>\n","protected":false},"author":1,"featured_media":31492,"comment_status":"open","ping_status":"open","sticky":false,"template":"","format":"standard","meta":{"_jetpack_memberships_contains_paid_content":false,"footnotes":""},"categories":[29,26,32,10,464],"tags":[2439,2437,2438,997,1615,190,319],"class_list":["post-31490","post","type-post","status-publish","format-standard","has-post-thumbnail","hentry","category-capital","category-convocatorias","category-entradas","category-lo-mas-reciente","category-oaxaca-estados","tag-actividades-productivas","tag-autoempleo","tag-autoempleo-juvenil","tag-convocatoria","tag-empresa","tag-jovenes","tag-negocio"],"jetpack_featured_media_url":"http:\/\/www.eloriente.net\/home\/wp-content\/uploads\/2014\/08\/Autoempleo.jpg","jetpack_sharing_enabled":true,"_links":{"self":[{"href":"http:\/\/www.eloriente.net\/home\/wp-json\/wp\/v2\/posts\/31490"}],"collection":[{"href":"http:\/\/www.eloriente.net\/home\/wp-json\/wp\/v2\/posts"}],"about":[{"href":"http:\/\/www.eloriente.net\/home\/wp-json\/wp\/v2\/types\/post"}],"author":[{"embeddable":true,"href":"http:\/\/www.eloriente.net\/home\/wp-json\/wp\/v2\/users\/1"}],"replies":[{"embeddable":true,"href":"http:\/\/www.eloriente.net\/home\/wp-json\/wp\/v2\/comments?post=31490"}],"version-history":[{"count":5,"href":"http:\/\/www.eloriente.net\/home\/wp-json\/wp\/v2\/posts\/31490\/revisions"}],"predecessor-version":[{"id":31494,"href":"http:\/\/www.eloriente.net\/home\/wp-json\/wp\/v2\/posts\/31490\/revisions\/31494"}],"wp:featuredmedia":[{"embeddable":true,"href":"http:\/\/www.eloriente.net\/home\/wp-json\/wp\/v2\/media\/31492"}],"wp:attachment":[{"href":"http:\/\/www.eloriente.net\/home\/wp-json\/wp\/v2\/media?parent=31490"}],"wp:term":[{"taxonomy":"category","embeddable":true,"href":"http:\/\/www.eloriente.net\/home\/wp-json\/wp\/v2\/categories?post=31490"},{"taxonomy":"post_tag","embeddable":true,"href":"http:\/\/www.eloriente.net\/home\/wp-json\/wp\/v2\/tags?post=31490"}],"curies":[{"name":"wp","href":"https:\/\/api.w.org\/{rel}","templated":true}]}}