{"id":31514,"date":"2014-08-26T09:50:07","date_gmt":"2014-08-26T15:50:07","guid":{"rendered":"http:\/\/www.eloriente.net\/home\/?p=31514"},"modified":"2014-08-26T09:50:07","modified_gmt":"2014-08-26T15:50:07","slug":"en-vivo-sesion-de-la-comision-permanente-del-26-de-agosto-de-2014","status":"publish","type":"post","link":"http:\/\/www.eloriente.net\/home\/2014\/08\/26\/en-vivo-sesion-de-la-comision-permanente-del-26-de-agosto-de-2014\/","title":{"rendered":"En vivo: Sesi\u00f3n de la Comisi\u00f3n Permanente del 26 de agosto de 2014"},"content":{"rendered":"<p>eloriente.net<\/p>\n<p>26\/agosto\/2014<\/p>\n<p>Conscientes de su importancia para la vida de la comunidad, nos enlazamos con la se\u00f1al del Senado de la Rep\u00fablica para la Sesi\u00f3n de la Comisi\u00f3n Permanente del 26 de agosto de 2014.<\/p>\n<p>Para verificar el orden del d\u00eda de la sesi\u00f3n de hoy, da click al siguiente <a href=\"http:\/\/www.senado.gob.mx\/index.php?ver=cp&amp;mn=3&amp;id=1585\">enlance<\/a>.<\/p>\n<p><iframe loading=\"lazy\" src=\"\/\/www.youtube.com\/embed\/ucJ9NcmDlMU\" frameborder=\"0\" width=\"560\" height=\"315\"><\/iframe><\/p>\n<p><a href=\"http:\/\/www.eloriente.net\/home\/wp-content\/uploads\/2014\/08\/Comisi\u00f3n-Permanente.jpg\"><img loading=\"lazy\" decoding=\"async\" class=\"alignnone size-medium wp-image-31515\" title=\"Comisi\u00f3n Permanente\" src=\"http:\/\/www.eloriente.net\/home\/wp-content\/uploads\/2014\/08\/Comisi\u00f3n-Permanente-300x200.jpg\" alt=\"\" width=\"300\" height=\"200\" srcset=\"http:\/\/www.eloriente.net\/home\/wp-content\/uploads\/2014\/08\/Comisi\u00f3n-Permanente-300x200.jpg 300w, http:\/\/www.eloriente.net\/home\/wp-content\/uploads\/2014\/08\/Comisi\u00f3n-Permanente-1024x682.jpg 1024w\" sizes=\"(max-width: 300px) 100vw, 300px\" \/><\/a><\/p>\n<p>Foto: Senado de la Rep\u00fablica<\/p>\n<p><strong>Entradas relacionadas:<\/strong><\/p>\n<p><a title=\"Permalink to EN DIRECTO 26\/Ago\/2014 10:00 h: Ciclo de talleres para periodistas sobre la Reforma Pol\u00edtico Electoral\" href=\"http:\/\/www.eloriente.net\/home\/2014\/08\/26\/en-directo-26ago2014-1000-h-ciclo-de-talleres-para-periodistas-sobre-la-reforma-politico-electoral\/\" rel=\"bookmark\">EN DIRECTO 26\/Ago\/2014 10:00 h: Ciclo de talleres para periodistas sobre la Reforma Pol\u00edtico Electoral<\/a><\/p>\n<p><a href=\"http:\/\/www.eloriente.net\/home\/2014\/08\/26\/en-directo-26ago2014-1000-h-ciclo-de-talleres-para-periodistas-sobre-la-reforma-politico-electoral\/\" rel=\"bookmark\"><img decoding=\"async\" title=\"EN DIRECTO 26\/Ago\/2014 10:00 h: Ciclo de talleres para periodistas sobre la Reforma Pol\u00edtico Electoral\" src=\"http:\/\/www.eloriente.net\/home\/wp-content\/themes\/city-desk\/timthumb.php?src=http%3A%2F%2Fwww.eloriente.net%2Fhome%2Fwp-content%2Fuploads%2F2014%2F07%2FConvenio-Por-INE.jpg&amp;q=90&amp;w=160&amp;h=106&amp;zc=1\" alt=\"EN DIRECTO 26\/Ago\/2014 10:00 h: Ciclo de talleres para periodistas sobre la Reforma Pol\u00edtico Electoral\" \/><\/a><\/p>\n<p>eloriente.net 26\/agosto\/2014 La Coordinaci\u00f3n Nacional de Comunicaci\u00f3n Social del Instituto Nacional Electoral, transmite en directo el Ciclo de talleres para periodistas sobre la Reforma Pol\u00edtico Electoral: Nuevas atribuciones del \u00d3rgano Electoral Nacional. El tema de este lunes 26 de agosto de 2014 es Organismos P\u00fablicos Locales Electorales (OPLEs) y su Unidad T\u00e9cnica, que cuenta con [&#8230;]<\/p>\n<p>August 26, 2014<\/p>\n<div id=\"post-31435\">\n<p><a title=\"Permalink to EN DIRECTO 25\/Ago\/2014 10:00 h: Ciclo de talleres para periodistas sobre la Reforma Pol\u00edtico Electoral\" href=\"http:\/\/www.eloriente.net\/home\/2014\/08\/25\/en-directo-25ago2014-1000-h-ciclo-de-talleres-para-periodistas-sobre-la-reforma-politico-electoral\/\" rel=\"bookmark\">EN DIRECTO 25\/Ago\/2014 10:00 h: Ciclo de talleres para periodistas sobre la Reforma Pol\u00edtico Electoral<\/a><\/p>\n<p><a href=\"http:\/\/www.eloriente.net\/home\/2014\/08\/25\/en-directo-25ago2014-1000-h-ciclo-de-talleres-para-periodistas-sobre-la-reforma-politico-electoral\/\" rel=\"bookmark\"><img decoding=\"async\" title=\"EN DIRECTO 25\/Ago\/2014 10:00 h: Ciclo de talleres para periodistas sobre la Reforma Pol\u00edtico Electoral\" src=\"http:\/\/www.eloriente.net\/home\/wp-content\/themes\/city-desk\/timthumb.php?src=http%3A%2F%2Fwww.eloriente.net%2Fhome%2Fwp-content%2Fuploads%2F2014%2F07%2FConvenio-Por-INE.jpg&amp;q=90&amp;w=160&amp;h=106&amp;zc=1\" alt=\"EN DIRECTO 25\/Ago\/2014 10:00 h: Ciclo de talleres para periodistas sobre la Reforma Pol\u00edtico Electoral\" \/><\/a><\/p>\n<p>eloriente.net 25\/agosto\/2014 La Coordinaci\u00f3n Nacional de Comunicaci\u00f3n Social del Instituto Nacional Electoral, transmite en directo el Ciclo de talleres para periodistas sobre la Reforma Pol\u00edtico Electoral: Nuevas atribuciones del \u00d3rgano Electoral Nacional. El tema de este lunes 25 de agosto de 2014 es Proceso especial y sancionador y Unidad de lo contencioso, que cuenta con [&#8230;]<\/p>\n<p>August 25, 2014<\/p>\n<\/div>\n<div id=\"post-31391\">\n<p><a title=\"Permalink to Video: El papel humanizador de la filosof\u00eda por Leonardo Da Jandra\" href=\"http:\/\/www.eloriente.net\/home\/2014\/08\/24\/video-el-papel-humanizador-de-la-filosofia-por-leonardo-da-jandra\/\" rel=\"bookmark\">Video: El papel humanizador de la filosof\u00eda por Leonardo Da Jandra<\/a><\/p>\n<p><a href=\"http:\/\/www.eloriente.net\/home\/2014\/08\/24\/video-el-papel-humanizador-de-la-filosofia-por-leonardo-da-jandra\/\" rel=\"bookmark\"><img decoding=\"async\" title=\"Video: El papel humanizador de la filosof\u00eda por Leonardo Da Jandra\" src=\"http:\/\/www.eloriente.net\/home\/wp-content\/themes\/city-desk\/timthumb.php?src=http%3A%2F%2Fwww.eloriente.net%2Fhome%2Fwp-content%2Fuploads%2F2014%2F08%2FIMG_5006.jpg&amp;q=90&amp;w=160&amp;h=106&amp;zc=1\" alt=\"Video: El papel humanizador de la filosof\u00eda por Leonardo Da Jandra\" \/><\/a><\/p>\n<p>eloriente.net 24\/agosto\/2014 Con motivo de su m\u00e1s reciente publicaci\u00f3n titulada \u201cFilosof\u00eda para Desencantados\u201d, el autor mexicano Leonardo Da Jandra, ofreci\u00f3 una conferencia acerca de: \u201cEl Papel Humanizador de la Filosof\u00eda\u201d. En ella, explic\u00f3 la forma en c\u00f3mo est\u00e1 compuesta su obra, dividida en cuatro partes: La primera, a manera de introducci\u00f3n, explica la metodolog\u00eda aplicada [&#8230;]<\/p>\n<p>August 24, 2014<\/p>\n<\/div>\n<p>&nbsp;<\/p>\n\n\t\t\t  <div \n\t\t\t  \tclass = \"fb-comments\" \n\t\t\t  \tdata-href = \"http:\/\/www.eloriente.net\/home\/2014\/08\/26\/en-vivo-sesion-de-la-comision-permanente-del-26-de-agosto-de-2014\/\"\n\t\t\t  \tdata-numposts = \"10\"\n\t\t\t\tdata-colorscheme = \"dark\"\n\t\t\t\tdata-order-by = \"social\"\n\t\t\t\tdata-mobile=true>\n\t\t\t  <\/div>\n\t\t  <style>\n\t\t\t.fb_iframe_widget_fluid_desktop iframe {\n\t\t\t    width: 100% !important;\n\t\t\t}\n\t\t  <\/style>\n\t\t  ","protected":false},"excerpt":{"rendered":"<p>eloriente.net 26\/agosto\/2014 Conscientes de su importancia para la vida de la comunidad, nos enlazamos con la se\u00f1al del Senado de la Rep\u00fablica para la Sesi\u00f3n de la Comisi\u00f3n Permanente del 26 de agosto de 2014. Para verificar el orden del d\u00eda de la sesi\u00f3n de hoy, da click al siguiente enlance. Foto: Senado de la [&hellip;]<\/p>\n","protected":false},"author":1,"featured_media":31515,"comment_status":"open","ping_status":"open","sticky":false,"template":"","format":"standard","meta":{"_jetpack_memberships_contains_paid_content":false,"footnotes":""},"categories":[4,91,32,10,24,21],"tags":[2448,2449,75,1045],"class_list":["post-31514","post","type-post","status-publish","format-standard","has-post-thumbnail","hentry","category-canal-2-en-vivo","category-congreso-y-justicia","category-entradas","category-lo-mas-reciente","category-mexico-y-el-mundo","category-politica-y-gobierno","tag-comision-permanente","tag-congreso-de-la-union","tag-senado-de-la-republica","tag-senadores"],"jetpack_featured_media_url":"http:\/\/www.eloriente.net\/home\/wp-content\/uploads\/2014\/08\/Comisi\u00f3n-Permanente.jpg","jetpack_sharing_enabled":true,"_links":{"self":[{"href":"http:\/\/www.eloriente.net\/home\/wp-json\/wp\/v2\/posts\/31514"}],"collection":[{"href":"http:\/\/www.eloriente.net\/home\/wp-json\/wp\/v2\/posts"}],"about":[{"href":"http:\/\/www.eloriente.net\/home\/wp-json\/wp\/v2\/types\/post"}],"author":[{"embeddable":true,"href":"http:\/\/www.eloriente.net\/home\/wp-json\/wp\/v2\/users\/1"}],"replies":[{"embeddable":true,"href":"http:\/\/www.eloriente.net\/home\/wp-json\/wp\/v2\/comments?post=31514"}],"version-history":[{"count":1,"href":"http:\/\/www.eloriente.net\/home\/wp-json\/wp\/v2\/posts\/31514\/revisions"}],"predecessor-version":[{"id":31516,"href":"http:\/\/www.eloriente.net\/home\/wp-json\/wp\/v2\/posts\/31514\/revisions\/31516"}],"wp:featuredmedia":[{"embeddable":true,"href":"http:\/\/www.eloriente.net\/home\/wp-json\/wp\/v2\/media\/31515"}],"wp:attachment":[{"href":"http:\/\/www.eloriente.net\/home\/wp-json\/wp\/v2\/media?parent=31514"}],"wp:term":[{"taxonomy":"category","embeddable":true,"href":"http:\/\/www.eloriente.net\/home\/wp-json\/wp\/v2\/categories?post=31514"},{"taxonomy":"post_tag","embeddable":true,"href":"http:\/\/www.eloriente.net\/home\/wp-json\/wp\/v2\/tags?post=31514"}],"curies":[{"name":"wp","href":"https:\/\/api.w.org\/{rel}","templated":true}]}}