{"id":31560,"date":"2014-08-28T01:00:18","date_gmt":"2014-08-28T07:00:18","guid":{"rendered":"http:\/\/www.eloriente.net\/home\/?p=31560"},"modified":"2021-05-19T09:44:55","modified_gmt":"2021-05-19T15:44:55","slug":"las-catedrales-mas-bellas-de-la-republica-mexicana","status":"publish","type":"post","link":"http:\/\/www.eloriente.net\/home\/2014\/08\/28\/las-catedrales-mas-bellas-de-la-republica-mexicana\/","title":{"rendered":"Las catedrales m\u00e1s bellas de la Rep\u00fablica Mexicana"},"content":{"rendered":"<p><center><script async src=\"https:\/\/pagead2.googlesyndication.com\/pagead\/js\/adsbygoogle.js\"><\/script><br \/>\n<!-- BANNER ELORIENTE INCRUSTADO NOTAS --><br \/>\n<ins class=\"adsbygoogle\" style=\"display: inline-block; width: 300px; height: 250px;\" data-ad-client=\"ca-pub-1136171134853753\" data-ad-slot=\"7974633627\"><\/ins><br \/>\n<script>\n     (adsbygoogle = window.adsbygoogle || []).push({});\n<\/script><center>\u00a0<\/center><\/center>eloriente.net<\/p>\n<p>27\/agosto\/2014<\/p>\n<p>La m\u00e1xima representaci\u00f3n de la arquitectura religiosa colonial, se consagra en las catedrales y M\u00e9xico posee muchos ejemplos de este particular estilo de construcci\u00f3n. El portal de la revista <em>M\u00e9xico Desconocido<\/em>, realiz\u00f3 una votaci\u00f3n entre sus internautas para conocer las impresiones de los visitantes de estos centros religiosos. En ELORIENTE.NET, te presentamos las cinco m\u00e1s gustadas:<\/p>\n<h3>CATEDRAL DE ZACATECAS<\/h3>\n<p>Dedicada a la Virgen de la Asunci\u00f3n, y enclavada en la Plaza de Armas de la ciudad, la catedral elaborada a base de cantera rosa es la joya de la zona. Construida principalmente entre 1731 y 1752, la obra a cargo de Domingo Xim\u00e9nez Hern\u00e1ndez, se edific\u00f3 en el sitio donde anteriormente se ubicaban dos iglesias. La orfebres consiguieron modelar de manera espectacular la cantera de su fachada, asemejando la escultura final al arte de un retablo.<\/p>\n<p><a href=\"http:\/\/www.eloriente.net\/home\/wp-content\/uploads\/2014\/08\/Zacatecas-Luna-sin-estrellas.jpg\"><img loading=\"lazy\" decoding=\"async\" class=\"alignnone wp-image-31569 size-large\" title=\"Zacatecas - Luna sin estrellas\" src=\"http:\/\/www.eloriente.net\/home\/wp-content\/uploads\/2014\/08\/Zacatecas-Luna-sin-estrellas-1024x685.jpg\" alt=\"\" width=\"640\" height=\"428\" srcset=\"http:\/\/www.eloriente.net\/home\/wp-content\/uploads\/2014\/08\/Zacatecas-Luna-sin-estrellas-1024x685.jpg 1024w, http:\/\/www.eloriente.net\/home\/wp-content\/uploads\/2014\/08\/Zacatecas-Luna-sin-estrellas-300x200.jpg 300w\" sizes=\"(max-width: 640px) 100vw, 640px\" \/><\/a><\/p>\n<p><a title=\"Ir a la galer\u00eda de Luna sin estrellas\" href=\"https:\/\/www.flickr.com\/photos\/lunasinestrellas\/\" data-track=\"attributionNameClick\" data-rapid_p=\"21\">Luna sin estrellas<\/a><\/p>\n<h3>CATEDRAL DE PUEBLA<\/h3>\n<div id=\"wrapper-note-content\">\n<p>Ubicada en el lado sur del Z\u00f3calo de la ciudad de Puebla, la tambi\u00e9n llamada Catedral de Nuestra Se\u00f1ora de la Inmaculada Concepci\u00f3n, es un templo de arquitectura religiosa digno de visitar. Inicia su construcii\u00f3n en 1575, pero fue hasta mediados del siglo XVII, bajo el mandato del obispo Juan de Palafox y Mendoza, que se realizaron la mayor parte de las obras.<\/p>\n<p>En este bello edificio conviven casi todos los estilos art\u00edsticos virreinales, desde su fachada renacentista, con sus dos altas torres, hasta el cipr\u00e9s neocl\u00e1sico \u2013hecho por Manuel Tols\u00e1 y Jos\u00e9 Manzo-. En su interior destaca el coro, dotado de una magn\u00edfica siller\u00eda de estilo mud\u00e9jar, la c\u00fapula con la pintura de Crist\u00f3bal de Villalpando dedicado a la Eucarist\u00eda y el Altar de los Reyes.<\/p>\n<p><a href=\"http:\/\/www.eloriente.net\/home\/wp-content\/uploads\/2014\/08\/Puebla-Pablo-Covarrubias-.jpg\"><img loading=\"lazy\" decoding=\"async\" class=\"alignnone wp-image-31577 size-full\" title=\"Puebla - Pablo Covarrubias\" src=\"http:\/\/www.eloriente.net\/home\/wp-content\/uploads\/2014\/08\/Puebla-Pablo-Covarrubias-.jpg\" alt=\"\" width=\"640\" height=\"425\" srcset=\"http:\/\/www.eloriente.net\/home\/wp-content\/uploads\/2014\/08\/Puebla-Pablo-Covarrubias-.jpg 640w, http:\/\/www.eloriente.net\/home\/wp-content\/uploads\/2014\/08\/Puebla-Pablo-Covarrubias--300x199.jpg 300w\" sizes=\"(max-width: 640px) 100vw, 640px\" \/><\/a><\/p>\n<p><a title=\"Ir a la galer\u00eda de Pablo Covarrubias\" href=\"https:\/\/www.flickr.com\/photos\/maestropablo\/\" data-track=\"attributionNameClick\" data-rapid_p=\"21\">Pablo Covarrubias<\/a><\/p>\n<p><script async src=\"https:\/\/pagead2.googlesyndication.com\/pagead\/js\/adsbygoogle.js\"><\/script><br \/>\n<ins class=\"adsbygoogle\" style=\"display: block; text-align: center;\" data-ad-layout=\"in-article\" data-ad-format=\"fluid\" data-ad-client=\"ca-pub-1136171134853753\" data-ad-slot=\"4724569608\"><\/ins><br \/>\n<script>\n     (adsbygoogle = window.adsbygoogle || []).push({});\n<\/script><\/p>\n<h3>CATEDRAL DE MORELIA<\/h3>\n<p>Con una altura que sobrepasa los 65 metros gracias a sus torres, la catedral de la capital michoacana es una de las m\u00e1s altas de Am\u00e9rica. Iniciada en 1660 y concluida en 1744, el estilo de su fachada es de un barroco sobrio, que conjuga tableros y pilastras \u2013un elemento poco com\u00fan en estas construcciones- que conforman un atractivo conjunto ornamental. En las portadas se pueden admirar bellos relieves que escenifican la vida de Cristo y sus puertas, ricamente labradas y pintadas. El interior es de estilo neocl\u00e1sico del que destacan el \u00f3rgano del coro, un manifestador de plata -ubicado en el altar principal- y la imagen del Se\u00f1or de la Sacrist\u00eda, una escultura de Cristo elaborada con t\u00e9cnicas prehisp\u00e1nicas.<\/p>\n<p><a href=\"http:\/\/www.eloriente.net\/home\/wp-content\/uploads\/2014\/08\/Morelia-J.P.-C..jpg\"><img loading=\"lazy\" decoding=\"async\" class=\"alignnone wp-image-31576 size-full\" title=\"Morelia - J.P. C.\" src=\"http:\/\/www.eloriente.net\/home\/wp-content\/uploads\/2014\/08\/Morelia-J.P.-C..jpg\" alt=\"\" width=\"640\" height=\"479\" srcset=\"http:\/\/www.eloriente.net\/home\/wp-content\/uploads\/2014\/08\/Morelia-J.P.-C..jpg 640w, http:\/\/www.eloriente.net\/home\/wp-content\/uploads\/2014\/08\/Morelia-J.P.-C.-300x224.jpg 300w\" sizes=\"(max-width: 640px) 100vw, 640px\" \/><\/a><\/p>\n<p><a title=\"Ir a la galer\u00eda de J.P. C.\" href=\"https:\/\/www.flickr.com\/photos\/hexenesi\/\" data-track=\"attributionNameClick\" data-rapid_p=\"21\">J.P. C.<\/a><\/p>\n<h3>CATEDRAL DE GUADALAJARA<\/h3>\n<p>La Catedral de la Asunci\u00f3n de Mar\u00eda Sant\u00edsima se compone de una fachada renacentista y torres con agujas neog\u00f3ticas que son todo un s\u00edmbolo del occidente mexicano. Su construcci\u00f3n iniciada en 1561 por \u00f3rdenes del rey Felipe II de Espa\u00f1a se termin\u00f3 casi 150 a\u00f1os despu\u00e9s por el arquitecto Mart\u00edn Casillas. Sin embargo, en 1818 un fuerte terremoto sacudi\u00f3 la ciudad, derrumbando su c\u00fapula y sus torres, las cuales fueron sustituidas en dos ocasiones, permaneciendo actualmente las ideadas por el arquitecto Manuel G\u00f3mez Ibarra, en forma de prisma hexagonal y cubiertas de azulejos.<\/p>\n<p>Decorada al interior en un estilo barroco sobrio y con un bello \u00f3rgano de origen franc\u00e9s, uno de los m\u00e1s grandes de M\u00e9xico.<\/p>\n<p><a href=\"http:\/\/www.eloriente.net\/home\/wp-content\/uploads\/2014\/08\/GDL-Bryce-Edwards.jpg\"><img loading=\"lazy\" decoding=\"async\" class=\"alignnone wp-image-31578 size-full\" title=\"GDL - Bryce Edwards\" src=\"http:\/\/www.eloriente.net\/home\/wp-content\/uploads\/2014\/08\/GDL-Bryce-Edwards.jpg\" alt=\"\" width=\"640\" height=\"427\" srcset=\"http:\/\/www.eloriente.net\/home\/wp-content\/uploads\/2014\/08\/GDL-Bryce-Edwards.jpg 640w, http:\/\/www.eloriente.net\/home\/wp-content\/uploads\/2014\/08\/GDL-Bryce-Edwards-300x200.jpg 300w\" sizes=\"(max-width: 640px) 100vw, 640px\" \/><\/a><\/p>\n<p><a title=\"Ir a la galer\u00eda de Bryce Edwards\" href=\"https:\/\/www.flickr.com\/photos\/bryce_edwards\/\" data-track=\"attributionNameClick\" data-rapid_p=\"21\">Bryce Edwards<\/a><\/p>\n<p><script async src=\"https:\/\/pagead2.googlesyndication.com\/pagead\/js\/adsbygoogle.js\"><\/script><br \/>\n<ins class=\"adsbygoogle\" style=\"display: block; text-align: center;\" data-ad-layout=\"in-article\" data-ad-format=\"fluid\" data-ad-client=\"ca-pub-1136171134853753\" data-ad-slot=\"4724569608\"><\/ins><br \/>\n<script>\n     (adsbygoogle = window.adsbygoogle || []).push({});\n<\/script><\/p>\n<h3>CATEDRAL METROPOLITANA DE LA CIUDAD DE M\u00c9XICO<\/h3>\n<p>La catedral m\u00e1s grande de Latinoam\u00e9rica, ubicada en el Z\u00f3calo de la Ciudad de M\u00e9xico, contempla 59 por 128 metros y una altura de 60 metros hasta la c\u00fapula.\u00a0Construida en cantera gris, este majestuoso edificio comenz\u00f3 su construcci\u00f3n en 1573 para terminarse en 1813, lo que deriva en tres siglos de estilos arquitect\u00f3nicos y escult\u00f3ricos: renacentista, barroco y neocl\u00e1sico.<\/p>\n<p>La Catedral Metropolitana,\u00a0coraz\u00f3n del Centro Hist\u00f3rico capitalino, cuenta en su su exterior con una triple portada barroca, cuyo centro se decora con el relieve de Nuestra Se\u00f1ora de la Asunci\u00f3n, patrona de la Catedral, y la maravillosa c\u00fapula, esculpida por el famoso artista valenciano Manuel Tols\u00e1. De su interior sobresale el dorado Altar de los Reyes, de estilo churrigueresco mexicano y su hermoso coro. Hacia el oriente, se encuentra otro espectacular edificio adjunto: El Sagrario Metropolitano que, para algunos expertos, contiene la fachada churrigueresca mejor lograda de Iberoam\u00e9rica.<\/p>\n<p>La primera piedra de la Catedral fue colocada por Hern\u00e1n Cort\u00e9s, en 1524, en un sitio simb\u00f3lico: el cruce de las cuatro calzadas que conduc\u00edan al centro espiritual de la capital mexica: el Templo Mayor. Incluso, para su construcci\u00f3n, se utilizaron piedras que hab\u00edan formado parte de \u00e9ste. En los recientes trabajos de renivelaci\u00f3n de la Catedral, se encontraron en sus subsuelos importantes vestigios arqueol\u00f3gicos, de entre los que destacan uno de los dos cabezales de Juego de Pelota, el llamado Templo del Sol y algunas secciones del Templo de Quetzalcoatl.<\/p>\n<p><a href=\"http:\/\/www.eloriente.net\/home\/wp-content\/uploads\/2014\/08\/DF-Daniel-Ronan.jpg\"><img loading=\"lazy\" decoding=\"async\" class=\"alignnone wp-image-31579 size-full\" title=\"DF - Daniel Ronan\" src=\"http:\/\/www.eloriente.net\/home\/wp-content\/uploads\/2014\/08\/DF-Daniel-Ronan.jpg\" alt=\"\" width=\"640\" height=\"480\" srcset=\"http:\/\/www.eloriente.net\/home\/wp-content\/uploads\/2014\/08\/DF-Daniel-Ronan.jpg 640w, http:\/\/www.eloriente.net\/home\/wp-content\/uploads\/2014\/08\/DF-Daniel-Ronan-300x225.jpg 300w\" sizes=\"(max-width: 640px) 100vw, 640px\" \/><\/a><\/p>\n<p><a title=\"Ir a la galer\u00eda de Daniel Ronan\" href=\"https:\/\/www.flickr.com\/photos\/worldsurfer\/\" data-track=\"attributionNameClick\" data-rapid_p=\"21\">Daniel Ronan<\/a><\/p>\n<p>*Todas las fotos tienen\u00a0<a href=\"https:\/\/creativecommons.org\/licenses\/by-sa\/2.0\/\">Algunos derechos reservados<\/a><\/p>\n<p><script async src=\"https:\/\/pagead2.googlesyndication.com\/pagead\/js\/adsbygoogle.js\"><\/script><br \/>\n<ins class=\"adsbygoogle\" style=\"display: block; text-align: center;\" data-ad-layout=\"in-article\" data-ad-format=\"fluid\" data-ad-client=\"ca-pub-1136171134853753\" data-ad-slot=\"4724569608\"><\/ins><br \/>\n<script>\n     (adsbygoogle = window.adsbygoogle || []).push({});\n<\/script><\/p>\n<p><strong>Entradas relacionadas:<\/strong><\/p>\n<p><a title=\"Permalink to Las nueve mejores playas\" href=\"http:\/\/www.eloriente.net\/home\/2014\/08\/21\/las-nueve-mejores-playas\/\" rel=\"bookmark\">Las nueve mejores playas<\/a><\/p>\n<p><a href=\"http:\/\/www.eloriente.net\/home\/2014\/08\/21\/las-nueve-mejores-playas\/\" rel=\"bookmark\"><img decoding=\"async\" title=\"Las nueve mejores playas\" src=\"http:\/\/www.eloriente.net\/home\/wp-content\/themes\/city-desk\/timthumb.php?src=http%3A%2F%2Fwww.eloriente.net%2Fhome%2Fwp-content%2Fuploads%2F2014%2F08%2F58476206_b35f20cc8f_o.jpg&amp;q=90&amp;w=160&amp;h=106&amp;zc=1\" alt=\"Las nueve mejores playas\" \/><\/a><\/p>\n<p>eloriente.net 21\/agosto\/2014 En un recuento realizado por nationalgeographic.com, te presentamos las mejores playas para visitar y conocer alrededor de todo el mundo. Aquellas que gozan de arena limpia, aguas cristalinas y una gran cantidad de paisajes alrededor para disfrutar: Seychelles www.seychelles.com Una de las playas m\u00e1s fotografiadas del mundo, las arenas de color rosa p\u00e1lido [&#8230;]<\/p>\n<p>August 21, 2014<\/p>\n<div id=\"post-31264\">\n<p><a title=\"Permalink to M\u00e9xico, d\u00e9cimo quinto pa\u00eds con m\u00e1s turistas en 2013\" href=\"http:\/\/www.eloriente.net\/home\/2014\/08\/21\/mexico-decimo-quinto-pais-con-mas-turistas-en-2013\/\" rel=\"bookmark\">M\u00e9xico, d\u00e9cimo quinto pa\u00eds con m\u00e1s turistas en 2013<\/a><\/p>\n<p><a href=\"http:\/\/www.eloriente.net\/home\/2014\/08\/21\/mexico-decimo-quinto-pais-con-mas-turistas-en-2013\/\" rel=\"bookmark\"><img decoding=\"async\" title=\"M\u00e9xico, d\u00e9cimo quinto pa\u00eds con m\u00e1s turistas en 2013\" src=\"http:\/\/www.eloriente.net\/home\/wp-content\/themes\/city-desk\/timthumb.php?src=http%3A%2F%2Fwww.eloriente.net%2Fhome%2Fwp-content%2Fuploads%2F2014%2F08%2FDF-Mindaugas-Danys.jpg&amp;q=90&amp;w=160&amp;h=106&amp;zc=1\" alt=\"M\u00e9xico, d\u00e9cimo quinto pa\u00eds con m\u00e1s turistas en 2013\" \/><\/a><\/p>\n<p>eloriente.net 21\/agosto\/2014 En un informe publicado por la Organizaci\u00f3n Mundial de Turismo de las Naciones Unidas (UNWTO, por sus siglas en ingl\u00e9s), M\u00e9xico se ubic\u00f3 en el d\u00e9cimo quinto lugar como pa\u00eds que m\u00e1s turistas recibe al a\u00f1o. Esto signific\u00f3 un retroceso respecto al \u00faltimo an\u00e1lisis publicado, referente al a\u00f1o 2012, en el que nuestro [&#8230;]<\/p>\n<p>August 21, 2014<\/p>\n<p><a title=\"Permalink to Ratifican a Huatulco como \u00fanico Destino \u2018S\u2019 mexicano\" href=\"http:\/\/www.eloriente.net\/home\/2014\/08\/16\/ratifican-a-huatulco-como-unico-destino-s-mexicano\/\" rel=\"bookmark\">Ratifican a Huatulco como \u00fanico Destino \u2018S\u2019 mexicano<\/a><\/p>\n<p><a href=\"http:\/\/www.eloriente.net\/home\/2014\/08\/16\/ratifican-a-huatulco-como-unico-destino-s-mexicano\/\" rel=\"bookmark\"><img decoding=\"async\" title=\"Ratifican a Huatulco como \u00fanico Destino \u2018S\u2019 mexicano\" src=\"http:\/\/www.eloriente.net\/home\/wp-content\/themes\/city-desk\/timthumb.php?src=http%3A%2F%2Fwww.eloriente.net%2Fhome%2Fwp-content%2Fuploads%2F2013%2F12%2FHuatulco.jpg&amp;q=90&amp;w=160&amp;h=106&amp;zc=1\" alt=\"Ratifican a Huatulco como \u00fanico Destino \u2018S\u2019 mexicano\" \/><\/a><\/p>\n<p>eloriente.net\/SECTUR 16 de agosto de 2014 En 2014, el Centro Integralmente Planeado (CIP) de Bah\u00edas de Huatulco, Oaxaca, se convirti\u00f3 en el primer y \u00fanico destino tur\u00edstico en M\u00e9xico en recibir, por segundo a\u00f1o consecutivo, el Distintivo \u201cS\u201d otorgado por la Secretar\u00eda de Turismo (SECTUR), que acredita la garant\u00eda de su sustentabilidad. El Distintivo \u201cS\u201d [&#8230;]<\/p>\n<p>August 16, 2014<\/p>\n<p><script async src=\"https:\/\/pagead2.googlesyndication.com\/pagead\/js\/adsbygoogle.js\"><\/script><br \/>\n<ins class=\"adsbygoogle\" style=\"display: block;\" data-ad-format=\"autorelaxed\" data-ad-client=\"ca-pub-1136171134853753\" data-ad-slot=\"4595267748\"><\/ins><br \/>\n<script>\n     (adsbygoogle = window.adsbygoogle || []).push({});\n<\/script><\/p>\n<\/div>\n<\/div>\n\n\t\t\t  <div \n\t\t\t  \tclass = \"fb-comments\" \n\t\t\t  \tdata-href = \"http:\/\/www.eloriente.net\/home\/2014\/08\/28\/las-catedrales-mas-bellas-de-la-republica-mexicana\/\"\n\t\t\t  \tdata-numposts = \"10\"\n\t\t\t\tdata-colorscheme = \"dark\"\n\t\t\t\tdata-order-by = \"social\"\n\t\t\t\tdata-mobile=true>\n\t\t\t  <\/div>\n\t\t  <style>\n\t\t\t.fb_iframe_widget_fluid_desktop iframe {\n\t\t\t    width: 100% !important;\n\t\t\t}\n\t\t  <\/style>\n\t\t  ","protected":false},"excerpt":{"rendered":"<p>\u00a0eloriente.net 27\/agosto\/2014 La m\u00e1xima representaci\u00f3n de la arquitectura religiosa colonial, se consagra en las catedrales y M\u00e9xico posee muchos ejemplos de este particular estilo de construcci\u00f3n. El portal de la revista M\u00e9xico Desconocido, realiz\u00f3 una votaci\u00f3n entre sus internautas para conocer las impresiones de los visitantes de estos centros religiosos. En ELORIENTE.NET, te presentamos las [&hellip;]<\/p>\n","protected":false},"author":1,"featured_media":31577,"comment_status":"open","ping_status":"open","sticky":false,"template":"","format":"standard","meta":{"_jetpack_memberships_contains_paid_content":false,"footnotes":""},"categories":[32,63,10,24,19],"tags":[1420,2484,2483,2487,488,1674,2014,2485,141,2018,109,2486],"class_list":["post-31560","post","type-post","status-publish","format-standard","has-post-thumbnail","hentry","category-entradas","category-estados","category-lo-mas-reciente","category-mexico-y-el-mundo","category-turismo-y-negocios","tag-arquitectura","tag-arte-colonial","tag-catedrales","tag-ciudad-de-mexico","tag-colonia","tag-df","tag-distrito-federal-2","tag-guadalajara","tag-mexico","tag-puebla-2","tag-turismo","tag-zacatecas"],"jetpack_featured_media_url":"http:\/\/www.eloriente.net\/home\/wp-content\/uploads\/2014\/08\/Puebla-Pablo-Covarrubias-.jpg","jetpack_sharing_enabled":true,"_links":{"self":[{"href":"http:\/\/www.eloriente.net\/home\/wp-json\/wp\/v2\/posts\/31560"}],"collection":[{"href":"http:\/\/www.eloriente.net\/home\/wp-json\/wp\/v2\/posts"}],"about":[{"href":"http:\/\/www.eloriente.net\/home\/wp-json\/wp\/v2\/types\/post"}],"author":[{"embeddable":true,"href":"http:\/\/www.eloriente.net\/home\/wp-json\/wp\/v2\/users\/1"}],"replies":[{"embeddable":true,"href":"http:\/\/www.eloriente.net\/home\/wp-json\/wp\/v2\/comments?post=31560"}],"version-history":[{"count":5,"href":"http:\/\/www.eloriente.net\/home\/wp-json\/wp\/v2\/posts\/31560\/revisions"}],"predecessor-version":[{"id":64483,"href":"http:\/\/www.eloriente.net\/home\/wp-json\/wp\/v2\/posts\/31560\/revisions\/64483"}],"wp:featuredmedia":[{"embeddable":true,"href":"http:\/\/www.eloriente.net\/home\/wp-json\/wp\/v2\/media\/31577"}],"wp:attachment":[{"href":"http:\/\/www.eloriente.net\/home\/wp-json\/wp\/v2\/media?parent=31560"}],"wp:term":[{"taxonomy":"category","embeddable":true,"href":"http:\/\/www.eloriente.net\/home\/wp-json\/wp\/v2\/categories?post=31560"},{"taxonomy":"post_tag","embeddable":true,"href":"http:\/\/www.eloriente.net\/home\/wp-json\/wp\/v2\/tags?post=31560"}],"curies":[{"name":"wp","href":"https:\/\/api.w.org\/{rel}","templated":true}]}}