{"id":31614,"date":"2014-08-29T01:00:12","date_gmt":"2014-08-29T07:00:12","guid":{"rendered":"http:\/\/www.eloriente.net\/home\/?p=31614"},"modified":"2021-05-19T09:31:42","modified_gmt":"2021-05-19T15:31:42","slug":"la-historia-detras-sunday-bloody-sunday-de-u2","status":"publish","type":"post","link":"http:\/\/www.eloriente.net\/home\/2014\/08\/29\/la-historia-detras-sunday-bloody-sunday-de-u2\/","title":{"rendered":"La historia detr\u00e1s \u00abSunday Bloody Sunday\u00bb de U2"},"content":{"rendered":"<p><center><script async src=\"https:\/\/pagead2.googlesyndication.com\/pagead\/js\/adsbygoogle.js\"><\/script><br \/>\n<!-- BANNER ELORIENTE INCRUSTADO NOTAS --><br \/>\n<ins class=\"adsbygoogle\" style=\"display: inline-block; width: 300px; height: 250px;\" data-ad-client=\"ca-pub-1136171134853753\" data-ad-slot=\"7974633627\"><\/ins><br \/>\n<script>\n     (adsbygoogle = window.adsbygoogle || []).push({});\n<\/script><center>\u00a0<\/center><\/center>eloriente.net<\/p>\n<p>29\/agosto\/2014<\/p>\n<p>Situada por la revista especializada <em>Rolling Stone<\/em> en el n\u00famero 268 dentro de la lista de las 500 mejores canciones de todos los tiempos, \u00abSunday Bloody Sunday\u00bb de la banda irlandesa U2, fue escrita a ra\u00edz de los incidentes del <em>Domingo Sangriento de 1972<\/em>, que enfrent\u00f3 en la ciudad de Derry, Irlanda del Norte, a simpatizantes de la Asociaci\u00f3n por los Derechos Civiles contra las tropas brit\u00e1nicas.<\/p>\n<p>Este conflicto tambi\u00e9n conocido como <em>The Troubles o Los Problemas<\/em>, es narrado dentro de la canci\u00f3n por un observador, y describe el horror de ver los ataques que causaron la muerte de 14 personas el domingo 30 de enero de 1972. Los hechos apuntan que una manifestaci\u00f3n a favor de los derechos civiles en apoyo a integrantes del Ejercito de la Rep\u00fablica Irlandesa encarcelados sin juicio, inici\u00f3 de forma pac\u00edfica cuando un peque\u00f1o grupo de manifestantes, apartado del n\u00facleo principal, comenz\u00f3 a lanzar piedras a una de las barricadas del Primer Batall\u00f3n de Paracaidistas del Reino Unido. Los soldados respondieron al principio con gas, balas de goma y agua a presi\u00f3n, para despu\u00e9s abrir fuego contra la multitud. Los disparos mataron a trece personas e hirieron a m\u00e1s de treinta; una decimocuarta v\u00edctima muri\u00f3 meses m\u00e1s tarde a consecuencia del acto.<\/p>\n<p>Un tema as\u00ed no puede estar alejado de la controversia y a lo largo de la historia se ha consolidado como uno de los m\u00e1s famosos de la banda. Bono, vocalista del grupo, siempre ha insistido en el mensaje anti-violencia de <em>Sunday Bloody Sunday<\/em>. Ha sido catalogada como una de las mejores canciones de protesta pol\u00edtica, siendo versionada por m\u00e1s de una docena de artistas.<\/p>\n<p><script async src=\"https:\/\/pagead2.googlesyndication.com\/pagead\/js\/adsbygoogle.js\"><\/script><br \/>\n<ins class=\"adsbygoogle\" style=\"display: block; text-align: center;\" data-ad-layout=\"in-article\" data-ad-format=\"fluid\" data-ad-client=\"ca-pub-1136171134853753\" data-ad-slot=\"4724569608\"><\/ins><br \/>\n<script>\n     (adsbygoogle = window.adsbygoogle || []).push({});\n<\/script><\/p>\n<p><strong>Letra Original:<\/strong><\/p>\n<p><em>I can&#8217;t believe the news today<\/em><br \/>\n<em> Oh, I can&#8217;t close my eyes<\/em><br \/>\n<em> And make it go away<\/em><br \/>\n<em> How long<\/em><br \/>\n<em> How long must we sing this song<\/em><br \/>\n<em> How long, how long<\/em><br \/>\n<em> Cause tonight, we can be as one<\/em><br \/>\n<em> Tonight<\/em><\/p>\n<p><em>Broken bottles under children&#8217;s feet<\/em><br \/>\n<em> Bodies strewn across the dead end street<\/em><br \/>\n<em> But I won&#8217;t heed the battle call<\/em><br \/>\n<em> It puts my back up<\/em><br \/>\n<em> Puts my back up against the wall<\/em><\/p>\n<p><em>Sunday, Bloody Sunday<\/em><br \/>\n<em> Sunday, Bloody Sunday<\/em><br \/>\n<em> Sunday, Bloody Sunday<\/em><\/p>\n<p><em>And the battle&#8217;s just begun<\/em><br \/>\n<em> There&#8217;s many lost, but tell me who has won<\/em><br \/>\n<em> The trench is dug within our hearts<\/em><br \/>\n<em> And mothers, children, brothers, sisters<\/em><br \/>\n<em> Torn apart<\/em><\/p>\n<p><em>Sunday, Bloody Sunday<\/em><br \/>\n<em> Sunday, Bloody Sunday<\/em><\/p>\n<p><em>How long<\/em><br \/>\n<em> How long must we sing this song<\/em><br \/>\n<em> How long, how long<\/em><br \/>\n<em> Cause tonight, we can be as one<\/em><br \/>\n<em> Tonight, tonight<\/em><\/p>\n<p><em>Sunday, Bloody Sunday<\/em><br \/>\n<em> Sunday, Bloody Sunday<\/em><\/p>\n<p><em>Wipe the tears from your eyes<\/em><br \/>\n<em> Wipe your tears away<\/em><br \/>\n<em> Oh, wipe your tears away<\/em><br \/>\n<em> Oh, wipe your tears away<\/em><br \/>\n<em> (Sunday, Bloody Sunday)<\/em><br \/>\n<em> Oh, wipe your blood shot eyes<\/em><br \/>\n<em> (Sunday, Bloody Sunday)<\/em><\/p>\n<p><em>Sunday, Bloody Sunday (Sunday, Bloody Sunday)<\/em><br \/>\n<em> Sunday, Bloody Sunday (Sunday, Bloody Sunday)<\/em><\/p>\n<p><em>And it&#8217;s true we are immune<\/em><br \/>\n<em> When fact is fiction and TV reality<\/em><br \/>\n<em> And today the millions cry<\/em><br \/>\n<em> We eat and drink while tomorrow they die<\/em><\/p>\n<p><em>(Sunday, Bloody Sunday)<\/em><\/p>\n<p><em>The real battle just begun<\/em><br \/>\n<em> To claim the victory Jesus won<\/em><br \/>\n<em> On<\/em><\/p>\n<p><em>Sunday Bloody Sunday<\/em><br \/>\n<em> Sunday Bloody Sunday<\/em><\/p>\n<p><script async src=\"https:\/\/pagead2.googlesyndication.com\/pagead\/js\/adsbygoogle.js\"><\/script><br \/>\n<ins class=\"adsbygoogle\" style=\"display: block; text-align: center;\" data-ad-layout=\"in-article\" data-ad-format=\"fluid\" data-ad-client=\"ca-pub-1136171134853753\" data-ad-slot=\"4724569608\"><\/ins><br \/>\n<script>\n     (adsbygoogle = window.adsbygoogle || []).push({});\n<\/script><\/p>\n<p><strong>Traducci\u00f3n:<\/strong><\/p>\n<p><em>No puedo creer las noticias de hoy.<\/em><br \/>\n<em> No puedo cerrar los ojos y hacer que desaparezcan.<\/em><br \/>\n<em> \u00bfCu\u00e1nto tiempo,<\/em><br \/>\n<em> cu\u00e1nto tiempo tendremos que cantar esta canci\u00f3n?<\/em><br \/>\n<em> \u00bfCu\u00e1nto tiempo? Esta noche podemos ser uno.<\/em><br \/>\n<em> Botellas rotas bajo los pies de los ni\u00f1os.<\/em><br \/>\n<em> Una calle sin salida sembrada de cuerpos.<\/em><br \/>\n<em> Pero no har\u00e9 caso de la llamada a la batalla.<\/em><br \/>\n<em> Me pone de espaldas, de espaldas<\/em><br \/>\n<em> contra la pared.<\/em><\/p>\n<p><em>Domingo, sangriento domingo.<\/em><br \/>\n<em> Domingo, sangriento domingo.<\/em><\/p>\n<p><em>Y la batalla no ha hecho m\u00e1s que comenzar.<\/em><br \/>\n<em> Hay muchas p\u00e9rdidas, pero \u00bfpuede alguien<\/em><br \/>\n<em> decirme qui\u00e9n ha ganado?<\/em><br \/>\n<em> Las trincheras cavadas en nuestros corazones,<\/em><br \/>\n<em> y los hijos de las madres, los hermanos, las<\/em><br \/>\n<em> hermanas separados.<\/em><\/p>\n<p><em>Domingo, sangriento domingo.<\/em><br \/>\n<em> Domingo, sangriento domingo.<\/em><\/p>\n<p><em>\u00bfCu\u00e1nto tiempo,<\/em><br \/>\n<em> cu\u00e1nto tiempo tendremos que cantar esta canci\u00f3n?<\/em><br \/>\n<em> \u00bfCu\u00e1nto tiempo? Esta noche podemos ser uno.<\/em><br \/>\n<em> Esta noche, esta noche.<\/em><\/p>\n<p><em>Domingo, sangriento domingo.<\/em><br \/>\n<em> Domingo, sangriento domingo.<\/em><\/p>\n<p><em>Seca las l\u00e1grimas de tus ojos,<\/em><br \/>\n<em> limpiat\u00e9 las l\u00e1grimas,<\/em><br \/>\n<em> seca tus ojos inyectados en sangre.<\/em><\/p>\n<p><em>Domingo, sangriento domingo.<\/em><br \/>\n<em> Domingo, sangriento domingo.<\/em><\/p>\n<p><em>Y es verdad que estamos inmunizados,<\/em><br \/>\n<em> cuando los hechos son ficci\u00f3n y la TV es la realidad,<\/em><br \/>\n<em> y hoy los millones lloran.<\/em><\/p>\n<p><em>Comemos y bebemos, mientras ma\u00f1ana mueren.<\/em><br \/>\n<em> La verdadera batalla acaba de comenzar,<\/em><br \/>\n<em> para reclamar la victoria que Jes\u00fas gan\u00f3.<\/em><br \/>\n<em> En un domingo, sangriento domingo.<\/em><br \/>\n<em> Domingo, sangriento domingo<\/em><\/p>\n<p><iframe loading=\"lazy\" src=\"\/\/www.youtube.com\/embed\/EM4vblG6BVQ\" width=\"420\" height=\"315\" frameborder=\"0\"><\/iframe><\/p>\n<p><script async src=\"https:\/\/pagead2.googlesyndication.com\/pagead\/js\/adsbygoogle.js\"><\/script><br \/>\n<ins class=\"adsbygoogle\" style=\"display: block; text-align: center;\" data-ad-layout=\"in-article\" data-ad-format=\"fluid\" data-ad-client=\"ca-pub-1136171134853753\" data-ad-slot=\"4724569608\"><\/ins><br \/>\n<script>\n     (adsbygoogle = window.adsbygoogle || []).push({});\n<\/script><\/p>\n<p>Video: <a dir=\"ltr\" href=\"https:\/\/www.youtube.com\/channel\/UCpd21W3qWyzIl8-PXvyDA2g\" data-sessionlink=\"ei=9ID_U7zRLZHFqAWCCA&amp;feature=watch\" data-ytid=\"UCpd21W3qWyzIl8-PXvyDA2g\" data-name=\"watch\">U2VEVO<\/a>\u00a0v\u00eda Youtube<\/p>\n<p><a href=\"http:\/\/www.eloriente.net\/home\/wp-content\/uploads\/2014\/08\/U2-Robert-Hensley.jpg\"><img loading=\"lazy\" decoding=\"async\" class=\"alignnone size-medium wp-image-31615\" title=\"U2 - Robert Hensley\" src=\"http:\/\/www.eloriente.net\/home\/wp-content\/uploads\/2014\/08\/U2-Robert-Hensley-300x211.jpg\" alt=\"\" width=\"300\" height=\"211\" srcset=\"http:\/\/www.eloriente.net\/home\/wp-content\/uploads\/2014\/08\/U2-Robert-Hensley-300x211.jpg 300w, http:\/\/www.eloriente.net\/home\/wp-content\/uploads\/2014\/08\/U2-Robert-Hensley.jpg 640w\" sizes=\"(max-width: 300px) 100vw, 300px\" \/><\/a><\/p>\n<h3>M\u00e1s videos en el Canal de Youtube de ELORIENTE.NET<\/h3>\n<p><iframe loading=\"lazy\" title=\"YouTube video player\" src=\"https:\/\/www.youtube.com\/embed\/an8O2JolxsU\" width=\"560\" height=\"315\" frameborder=\"0\" allowfullscreen=\"allowfullscreen\"><\/iframe><\/p>\n<p>Foto:\u00a0<a title=\"Ir a la galer\u00eda de Robert Hensley\" href=\"https:\/\/www.flickr.com\/photos\/roberthensley\/\" data-track=\"attributionNameClick\" data-rapid_p=\"21\">Robert Hensley<\/a>\u00a0&#8211;\u00a0<a href=\"https:\/\/creativecommons.org\/licenses\/by-sa\/2.0\/\">Algunos derechos reservados<\/a><\/p>\n<p><strong>Entradas relacionadas:<\/strong><\/p>\n<p><a title=\"Permalink to La historia detr\u00e1s de la canci\u00f3n: \u201cCoraz\u00f3n de Ni\u00f1o\u201d, de Ra\u00fal Di Blasio\" href=\"http:\/\/www.eloriente.net\/home\/2014\/08\/22\/la-historia-detras-de-la-cancion-corazon-de-nino-de-raul-di-blasio\/\" rel=\"bookmark\">La historia detr\u00e1s de la canci\u00f3n: \u201cCoraz\u00f3n de Ni\u00f1o\u201d, de Ra\u00fal Di Blasio<\/a><\/p>\n<p><a href=\"http:\/\/www.eloriente.net\/home\/2014\/08\/22\/la-historia-detras-de-la-cancion-corazon-de-nino-de-raul-di-blasio\/\" rel=\"bookmark\"><img decoding=\"async\" title=\"La historia detr\u00e1s de la canci\u00f3n: \u201cCoraz\u00f3n de Ni\u00f1o\u201d, de Ra\u00fal Di Blasio\" src=\"http:\/\/www.eloriente.net\/home\/wp-content\/themes\/city-desk\/timthumb.php?src=http%3A%2F%2Fwww.eloriente.net%2Fhome%2Fwp-content%2Fuploads%2F2014%2F08%2FPiano-commons.wikimedia.org_.jpg&amp;q=90&amp;w=160&amp;h=106&amp;zc=1\" alt=\"La historia detr\u00e1s de la canci\u00f3n: \u201cCoraz\u00f3n de Ni\u00f1o\u201d, de Ra\u00fal Di Blasio\" \/><\/a><\/p>\n<p>eloriente.net 22\/agosto\/2014 Porque las canciones sin letra tambi\u00e9n tienen historia, el especial de esta semana va dedicado para Ra\u00fal Di Blasio, uno de los pianistas contempor\u00e1neos de m\u00fasica popular m\u00e1s famosos del mundo, quien con su pieza \u201cCoraz\u00f3n de Ni\u00f1o\u201d, se dio a conocer en Am\u00e9rica Latina y el mundo. Sin m\u00e1s pre\u00e1mbulo, les dejamos [&#8230;]<\/p>\n<p>August 22, 2014<\/p>\n<p><a title=\"Permalink to La historia detr\u00e1s de la canci\u00f3n: \u201cSabor a M\u00ed\u201d de \u00c1lvaro Carrillo\" href=\"http:\/\/www.eloriente.net\/home\/2014\/08\/15\/la-historia-detras-de-la-cancion-sabor-a-mi-de-alvaro-carrillo-2\/\" rel=\"bookmark\">La historia detr\u00e1s de la canci\u00f3n: \u201cSabor a M\u00ed\u201d de \u00c1lvaro Carrillo<\/a><\/p>\n<p><a href=\"http:\/\/www.eloriente.net\/home\/2014\/08\/15\/la-historia-detras-de-la-cancion-sabor-a-mi-de-alvaro-carrillo-2\/\" rel=\"bookmark\"><img decoding=\"async\" title=\"La historia detr\u00e1s de la canci\u00f3n: \u201cSabor a M\u00ed\u201d de \u00c1lvaro Carrillo\" src=\"http:\/\/www.eloriente.net\/home\/wp-content\/themes\/city-desk\/timthumb.php?src=http%3A%2F%2Fwww.eloriente.net%2Fhome%2Fwp-content%2Fuploads%2F2014%2F08%2F524e3aa478873ffc049356ac.jpg&amp;q=90&amp;w=160&amp;h=106&amp;zc=1\" alt=\"La historia detr\u00e1s de la canci\u00f3n: \u201cSabor a M\u00ed\u201d de \u00c1lvaro Carrillo\" \/><\/a><\/p>\n<p>eloriente.net 15\/agosto\/2014 \u00c1lvaro Carrillo es un hombre que no necesita presentaci\u00f3n. Y en caso de requerirla, su carta fuerte es sin duda la canci\u00f3n \u201cSabor a m\u00ed\u201d. El tema fue registrado el 11 de julio de 1958 ante la Promotora Hispano Americana de M\u00fasica (PHAM) y grabada a mediados de 1959. Desde entonces, \u201cSabor a [&#8230;]<\/p>\n<p>August 15, 2014<\/p>\n<p><a title=\"Permalink to El sonido raizoso de Mar\u00eda Moctezuma en Oaxaca\" href=\"http:\/\/www.eloriente.net\/home\/2014\/08\/10\/el-sonido-raizoso-de-maria-moctezuma-en-oaxaca\/\" rel=\"bookmark\">El sonido raizoso de Mar\u00eda Moctezuma en Oaxaca<\/a><\/p>\n<p><a href=\"http:\/\/www.eloriente.net\/home\/2014\/08\/10\/el-sonido-raizoso-de-maria-moctezuma-en-oaxaca\/\" rel=\"bookmark\"><img decoding=\"async\" title=\"El sonido raizoso de Mar\u00eda Moctezuma en Oaxaca\" src=\"http:\/\/www.eloriente.net\/home\/wp-content\/themes\/city-desk\/timthumb.php?src=http%3A%2F%2Fwww.eloriente.net%2Fhome%2Fwp-content%2Fuploads%2F2014%2F08%2FIMG_8288-700x466.jpg&amp;q=90&amp;w=160&amp;h=106&amp;zc=1\" alt=\"El sonido raizoso de Mar\u00eda Moctezuma en Oaxaca\" \/><\/a><\/p>\n<p>eloriente.net 10\/agosto\/2014 Invitada del lujo el martes pasado en el programa Todo Oaxaca Radio, la cantautora tabasque\u00f1a Mar\u00eda Moctezuma se present\u00f3 el viernes por la noche en el Colectivo Tutuma, como parte de su gira \u201cTierra Animal 2014\u2033 que incluye un recorrido por varias ciudades del pa\u00eds. Creadora del Sonido Raizoso, una fusi\u00f3n de ritmos [&#8230;]<\/p>\n<p>August 10, 2014<\/p>\n<p><script async src=\"https:\/\/pagead2.googlesyndication.com\/pagead\/js\/adsbygoogle.js\"><\/script><br \/>\n<ins class=\"adsbygoogle\" style=\"display: block;\" data-ad-format=\"autorelaxed\" data-ad-client=\"ca-pub-1136171134853753\" data-ad-slot=\"4595267748\"><\/ins><br \/>\n<script>\n     (adsbygoogle = window.adsbygoogle || []).push({});\n<\/script><\/p>\n\n\t\t\t  <div \n\t\t\t  \tclass = \"fb-comments\" \n\t\t\t  \tdata-href = \"http:\/\/www.eloriente.net\/home\/2014\/08\/29\/la-historia-detras-sunday-bloody-sunday-de-u2\/\"\n\t\t\t  \tdata-numposts = \"10\"\n\t\t\t\tdata-colorscheme = \"dark\"\n\t\t\t\tdata-order-by = \"social\"\n\t\t\t\tdata-mobile=true>\n\t\t\t  <\/div>\n\t\t  <style>\n\t\t\t.fb_iframe_widget_fluid_desktop iframe {\n\t\t\t    width: 100% !important;\n\t\t\t}\n\t\t  <\/style>\n\t\t  ","protected":false},"excerpt":{"rendered":"<p>\u00a0eloriente.net 29\/agosto\/2014 Situada por la revista especializada Rolling Stone en el n\u00famero 268 dentro de la lista de las 500 mejores canciones de todos los tiempos, \u00abSunday Bloody Sunday\u00bb de la banda irlandesa U2, fue escrita a ra\u00edz de los incidentes del Domingo Sangriento de 1972, que enfrent\u00f3 en la ciudad de Derry, Irlanda del [&hellip;]<\/p>\n","protected":false},"author":1,"featured_media":31615,"comment_status":"open","ping_status":"open","sticky":false,"template":"","format":"standard","meta":{"_jetpack_memberships_contains_paid_content":false,"footnotes":""},"categories":[5,32,10],"tags":[2511,2515,2513,2516,2514,2509,2512,2510],"class_list":["post-31614","post","type-post","status-publish","format-standard","has-post-thumbnail","hentry","category-canal-3-musica","category-entradas","category-lo-mas-reciente","tag-bono","tag-gran-bretana","tag-ira","tag-irlanda","tag-irlanda-del-norte","tag-sunday-bloody-sunday","tag-the-edge","tag-u2"],"jetpack_featured_media_url":"http:\/\/www.eloriente.net\/home\/wp-content\/uploads\/2014\/08\/U2-Robert-Hensley.jpg","jetpack_sharing_enabled":true,"_links":{"self":[{"href":"http:\/\/www.eloriente.net\/home\/wp-json\/wp\/v2\/posts\/31614"}],"collection":[{"href":"http:\/\/www.eloriente.net\/home\/wp-json\/wp\/v2\/posts"}],"about":[{"href":"http:\/\/www.eloriente.net\/home\/wp-json\/wp\/v2\/types\/post"}],"author":[{"embeddable":true,"href":"http:\/\/www.eloriente.net\/home\/wp-json\/wp\/v2\/users\/1"}],"replies":[{"embeddable":true,"href":"http:\/\/www.eloriente.net\/home\/wp-json\/wp\/v2\/comments?post=31614"}],"version-history":[{"count":5,"href":"http:\/\/www.eloriente.net\/home\/wp-json\/wp\/v2\/posts\/31614\/revisions"}],"predecessor-version":[{"id":64480,"href":"http:\/\/www.eloriente.net\/home\/wp-json\/wp\/v2\/posts\/31614\/revisions\/64480"}],"wp:featuredmedia":[{"embeddable":true,"href":"http:\/\/www.eloriente.net\/home\/wp-json\/wp\/v2\/media\/31615"}],"wp:attachment":[{"href":"http:\/\/www.eloriente.net\/home\/wp-json\/wp\/v2\/media?parent=31614"}],"wp:term":[{"taxonomy":"category","embeddable":true,"href":"http:\/\/www.eloriente.net\/home\/wp-json\/wp\/v2\/categories?post=31614"},{"taxonomy":"post_tag","embeddable":true,"href":"http:\/\/www.eloriente.net\/home\/wp-json\/wp\/v2\/tags?post=31614"}],"curies":[{"name":"wp","href":"https:\/\/api.w.org\/{rel}","templated":true}]}}