{"id":31636,"date":"2014-08-29T07:49:45","date_gmt":"2014-08-29T13:49:45","guid":{"rendered":"http:\/\/www.eloriente.net\/home\/?p=31636"},"modified":"2014-08-29T08:02:42","modified_gmt":"2014-08-29T14:02:42","slug":"avances-de-oaxaca-en-justicia-alternativa-reconocidos-por-la-embajada-de-eu","status":"publish","type":"post","link":"http:\/\/www.eloriente.net\/home\/2014\/08\/29\/avances-de-oaxaca-en-justicia-alternativa-reconocidos-por-la-embajada-de-eu\/","title":{"rendered":"Embajada de EU reconoce justicia alternativa en Oaxaca"},"content":{"rendered":"<p>eloriente.net<\/p>\n<p>29\/agosto\/2014<\/p>\n<p>Delegaci\u00f3n de la C\u00e1mara de Diputados, el Senado de la Rep\u00fablica y la Embajada de EU se reuni\u00f3 con el titular del Poder Judicial, magistrado Alfredo Lagunas Rivera<\/p>\n<p>Durante doce a\u00f1os, el Centro de Mediaci\u00f3n Judicial, hoy Centro de Justicia Alternativa, ha contribuido a construir un puente de comunicaci\u00f3n entre las partes en conflicto, promoviendo que ellas mismas solucionen su problem\u00e1tica mediante el uso de la mediaci\u00f3n, la conciliaci\u00f3n y la justicia restaurativa, lo cual ha favorecido la regeneraci\u00f3n del tejido social y permeado en valores como el di\u00e1logo, la sana convivencia, tolerancia y el respeto, afirm\u00f3 el titular del Poder Judicial, magistrado Alfredo Rodrigo Lagunas Rivera.<\/p>\n<p>Este jueves, el presidente del Tribunal Superior de Justicia del Estado y del Consejo de la Judicatura se reuni\u00f3 con representantes de las Comisiones de Justicia del Senado de la Rep\u00fablica, la C\u00e1mara de Diputados federal y la Embajada de los Estados Unidos en M\u00e9xico, que visitaron la entidad para conocer el funcionamiento y resultado de las salidas alternas as\u00ed como de los procesos restaurativos en el nuevo sistema de justicia penal.<\/p>\n<p>Ante el grupo de diplom\u00e1ticos, asesores y secretarios t\u00e9cnicos del Congreso de la Uni\u00f3n,el magistrado Lagunas Rivera resalt\u00f3 la efectividad que en Oaxaca han tenido los mecanismos de pacificaci\u00f3n de conflictos sociales como v\u00edas de acceso a la justicia y que constituyen un pilar fundamental para consolidar un sistema de justicia m\u00e1s humano, \u00e1gil y expedito.<\/p>\n<p>\u201cEste es el mejor momento en el que se puede y se debe construir un nuevo panorama de impartici\u00f3n de justicia, en el que la soluci\u00f3n a nuestros problemas no sea a trav\u00e9s del fallo de una sentencia, sino utilizando alternativas basadas en la cultura del di\u00e1logo y la paz\u201d, resalt\u00f3 en la reuni\u00f3n en la que estuvo acompa\u00f1ado del Secretario Ejecutivo del Consejo de Coordinaci\u00f3n para la Implementaci\u00f3n del Sistema Acusatorio en el Estado, Jahaziel Reyes Loaeza y la directora del Centro de Justicia Alternativa, Celia Aspiroz Garc\u00eda.<\/p>\n<p>Asimismo, reiter\u00f3 la disposici\u00f3n del Poder Judicial para enriquecer con su experiencia en el tema, la iniciativa de Ley Nacional de Mecanismos Alternativos de Soluci\u00f3n de Controversias en Materia Penal, presentada por el presidente Enrique Pe\u00f1a Nieto ante el Congreso de la Uni\u00f3n y que se encuentra actualmente en an\u00e1lisis y revisi\u00f3n.<\/p>\n<p>Ejemplo a nivel nacional<\/p>\n<p>Por su parte, los representantes de la Embajada de los Estados Unidos en M\u00e9xico y de los legisladores federales de Chihuahua, Coahuila, M\u00e9xico, Hidalgo y Aguascalientes, que trabajan en el estudio de la iniciativa de ley que regir\u00e1 a todo el pa\u00eds en conjunto con el C\u00f3digo Nacional de Procedimientos Penales, reconocieron los avances obtenidos en Oaxaca, entidad que es considerada modelo a nivel nacional en la operaci\u00f3n del sistema penal acusatorio, la mediaci\u00f3n y justicia especializada en adolescentes.<\/p>\n<p>Luego de la reuni\u00f3n, el grupo realiz\u00f3 una visita a las instalaciones del Centro de Justicia Alternativa, donde la titular de la dependencia, Aspiroz Garc\u00eda, explic\u00f3 el trabajo que inici\u00f3 en julio de 2002 con la creaci\u00f3n del Centro de Mediaci\u00f3n que marc\u00f3 un precedente por las caracter\u00edsticas del estado y que posteriormente se convirti\u00f3 en el Centro de Justicia Alternativa.<\/p>\n<p>Por otra parte, el Secretario Ejecutivo del Consejo de Coordinaci\u00f3n para la Implementaci\u00f3n del Sistema Acusatorio en el Estado, habl\u00f3 acerca del funcionamiento de las salidas alternas y los procesos restaurativos en el sistema de justicia penal adversarial que funciona en las regiones de la Mixteca, Istmo, Costa y Cuenca del Papaloapan.<\/p>\n<p>Posteriormente, los representantes de la C\u00e1mara de Diputados, del Senado de la Rep\u00fablica y de la Embajada estuvieron en las instalaciones del Juzgado Especializado en Justicia para Adolescentes, donde los jueces Irina Cabrera Gir\u00f3n, Juana Rosa Corte y Eloy Bulmaro les hablaron sobre la atenci\u00f3n a los adolescentes infractores en el proceso penal de corte adversarial.<\/p>\n<div id='gallery-1' class='gallery galleryid-31636 gallery-columns-3 gallery-size-thumbnail'><figure class='gallery-item'>\n\t\t\t<div class='gallery-icon landscape'>\n\t\t\t\t<a href='http:\/\/www.eloriente.net\/home\/wp-content\/uploads\/2014\/08\/Reuni\u00f3n-con-el-Congreso-de-la-Uni\u00f3n-y-la-Embajada-de-los-EU-01.jpg'><img loading=\"lazy\" decoding=\"async\" width=\"150\" height=\"150\" src=\"http:\/\/www.eloriente.net\/home\/wp-content\/uploads\/2014\/08\/Reuni\u00f3n-con-el-Congreso-de-la-Uni\u00f3n-y-la-Embajada-de-los-EU-01-150x150.jpg\" class=\"attachment-thumbnail size-thumbnail\" alt=\"\" srcset=\"http:\/\/www.eloriente.net\/home\/wp-content\/uploads\/2014\/08\/Reuni\u00f3n-con-el-Congreso-de-la-Uni\u00f3n-y-la-Embajada-de-los-EU-01-150x150.jpg 150w, http:\/\/www.eloriente.net\/home\/wp-content\/uploads\/2014\/08\/Reuni\u00f3n-con-el-Congreso-de-la-Uni\u00f3n-y-la-Embajada-de-los-EU-01-50x50.jpg 50w\" sizes=\"(max-width: 150px) 100vw, 150px\" \/><\/a>\n\t\t\t<\/div><\/figure><figure class='gallery-item'>\n\t\t\t<div class='gallery-icon landscape'>\n\t\t\t\t<a href='http:\/\/www.eloriente.net\/home\/wp-content\/uploads\/2014\/08\/El-titular-del-Poder-Judicial-delegaci\u00f3n-del-Congreso-de-la-Uni\u00f3n-y-personal-del-CJA-02.jpg'><img loading=\"lazy\" decoding=\"async\" width=\"150\" height=\"150\" src=\"http:\/\/www.eloriente.net\/home\/wp-content\/uploads\/2014\/08\/El-titular-del-Poder-Judicial-delegaci\u00f3n-del-Congreso-de-la-Uni\u00f3n-y-personal-del-CJA-02-150x150.jpg\" class=\"attachment-thumbnail size-thumbnail\" alt=\"\" srcset=\"http:\/\/www.eloriente.net\/home\/wp-content\/uploads\/2014\/08\/El-titular-del-Poder-Judicial-delegaci\u00f3n-del-Congreso-de-la-Uni\u00f3n-y-personal-del-CJA-02-150x150.jpg 150w, http:\/\/www.eloriente.net\/home\/wp-content\/uploads\/2014\/08\/El-titular-del-Poder-Judicial-delegaci\u00f3n-del-Congreso-de-la-Uni\u00f3n-y-personal-del-CJA-02-50x50.jpg 50w\" sizes=\"(max-width: 150px) 100vw, 150px\" \/><\/a>\n\t\t\t<\/div><\/figure><figure class='gallery-item'>\n\t\t\t<div class='gallery-icon landscape'>\n\t\t\t\t<a href='http:\/\/www.eloriente.net\/home\/wp-content\/uploads\/2014\/08\/Magistrado-Alfredo-Lagunas-Rivera-03.jpg'><img loading=\"lazy\" decoding=\"async\" width=\"150\" height=\"150\" src=\"http:\/\/www.eloriente.net\/home\/wp-content\/uploads\/2014\/08\/Magistrado-Alfredo-Lagunas-Rivera-03-150x150.jpg\" class=\"attachment-thumbnail size-thumbnail\" alt=\"\" srcset=\"http:\/\/www.eloriente.net\/home\/wp-content\/uploads\/2014\/08\/Magistrado-Alfredo-Lagunas-Rivera-03-150x150.jpg 150w, http:\/\/www.eloriente.net\/home\/wp-content\/uploads\/2014\/08\/Magistrado-Alfredo-Lagunas-Rivera-03-50x50.jpg 50w\" sizes=\"(max-width: 150px) 100vw, 150px\" \/><\/a>\n\t\t\t<\/div><\/figure>\n\t\t<\/div>\n\n<p>Fotos: H. Tribunal Superior de Justicia<\/p>\n<p><strong>Entradas relacionadas:<\/strong><\/p>\n<p><a title=\"Permalink to Implementaci\u00f3n del NSJP, tema de an\u00e1lisis para Oaxaca y Segob\" href=\"http:\/\/www.eloriente.net\/home\/2014\/08\/27\/implementacion-del-nsjp-tema-de-analisis-para-oaxaca-y-segob\/\" rel=\"bookmark\">Implementaci\u00f3n del NSJP, tema de an\u00e1lisis para Oaxaca y Segob<\/a><\/p>\n<p><a href=\"http:\/\/www.eloriente.net\/home\/2014\/08\/27\/implementacion-del-nsjp-tema-de-analisis-para-oaxaca-y-segob\/\" rel=\"bookmark\"><img decoding=\"async\" title=\"Implementaci\u00f3n del NSJP, tema de an\u00e1lisis para Oaxaca y Segob\" src=\"http:\/\/www.eloriente.net\/home\/wp-content\/themes\/city-desk\/timthumb.php?src=http%3A%2F%2Fwww.eloriente.net%2Fhome%2Fwp-content%2Fuploads%2F2014%2F08%2FAutoridades-locales-con-titular-de-la-SETEC-T.jpg&amp;q=90&amp;w=160&amp;h=106&amp;zc=1\" alt=\"Implementaci\u00f3n del NSJP, tema de an\u00e1lisis para Oaxaca y Segob\" \/><\/a><\/p>\n<p>eloriente.net 27\/agosto\/2014 \u2022 El gobernador Gabino Cu\u00e9 y el titular del Poder Judicial, magistrado Alfredo Lagunas Rivera se reunieron con la titular de la SETEC, \u00c1ngeles Fromow Rangel La secretaria t\u00e9cnica del Consejo de Coordinaci\u00f3n para la Implementaci\u00f3n del Sistema de Justicia Penal, dependiente de la Secretar\u00eda de Gobernaci\u00f3n (SEGOB), Mar\u00eda de los \u00c1ngeles Fromow [&#8230;]<\/p>\n<p>August 27, 2014<\/p>\n<div id=\"post-31502\">\n<p><a title=\"Permalink to Presentan examen oral aspirantes a plazas de secretarios judiciales\" href=\"http:\/\/www.eloriente.net\/home\/2014\/08\/26\/presentan-examen-oral-aspirantes-a-plazas-de-secretarios-judiciales\/\" rel=\"bookmark\">Presentan examen oral aspirantes a plazas de secretarios judiciales<\/a><\/p>\n<p><a href=\"http:\/\/www.eloriente.net\/home\/2014\/08\/26\/presentan-examen-oral-aspirantes-a-plazas-de-secretarios-judiciales\/\" rel=\"bookmark\"><img decoding=\"async\" title=\"Presentan examen oral aspirantes a plazas de secretarios judiciales\" src=\"http:\/\/www.eloriente.net\/home\/wp-content\/themes\/city-desk\/timthumb.php?src=http%3A%2F%2Fwww.eloriente.net%2Fhome%2Fwp-content%2Fuploads%2F2014%2F08%2FPostulantes-al-cargo-de-secretarios-contin%C3%BAan-siendo-evaluados-T.jpg&amp;q=90&amp;w=160&amp;h=106&amp;zc=1\" alt=\"Presentan examen oral aspirantes a plazas de secretarios judiciales\" \/><\/a><\/p>\n<p>eloriente.net 26\/agosto\/2014 \u2022 El magistrado Alfredo Lagunas Rivera se reuni\u00f3 con los 86 postulantes que este lunes presentaron examen oral ante el Consejo de la Judicatura El titular del Poder Judicial del Estado, magistrado Alfredo Rodrigo Lagunas Rivera, atestigu\u00f3 este lunes el proceso de evaluaci\u00f3n oral correspondiente a la segunda etapa del concurso de oposici\u00f3n [&#8230;]<\/p>\n<p>August 26, 2014<\/p>\n<\/div>\n<div id=\"post-31419\">\n<p><a title=\"Permalink to La orden de protecci\u00f3n como garant\u00eda para las mujeres v\u00edctimas de violencia\" href=\"http:\/\/www.eloriente.net\/home\/2014\/08\/25\/la-orden-de-proteccion-como-garantia-para-las-mujeres-victimas-de-violencia\/\" rel=\"bookmark\">La orden de protecci\u00f3n como garant\u00eda para las mujeres v\u00edctimas de violencia<\/a><\/p>\n<p><a href=\"http:\/\/www.eloriente.net\/home\/2014\/08\/25\/la-orden-de-proteccion-como-garantia-para-las-mujeres-victimas-de-violencia\/\" rel=\"bookmark\"><img decoding=\"async\" title=\"La orden de protecci\u00f3n como garant\u00eda para las mujeres v\u00edctimas de violencia\" src=\"http:\/\/www.eloriente.net\/home\/wp-content\/themes\/city-desk\/timthumb.php?src=http%3A%2F%2Fwww.eloriente.net%2Fhome%2Fwp-content%2Fuploads%2F2014%2F08%2FHombres-y-mujeres-se-informan-sobre-las-%C3%B3rdenes-de-protecci%C3%B3n.jpg&amp;q=90&amp;w=160&amp;h=106&amp;zc=1\" alt=\"La orden de protecci\u00f3n como garant\u00eda para las mujeres v\u00edctimas de violencia\" \/><\/a><\/p>\n<p>eloriente.net 25\/agosto\/2014 \u00b7 En el marco del D\u00eda Naranja, el Poder Judicial del Estado distribuir\u00e1 folletos informativos sobre el tema, anunci\u00f3 el magistrado Alfredo Rodrigo Lagunas Rivera Ante el riesgo de perder la vida o ver afectada su integridad f\u00edsica y emocional, toda mujer tiene la facultad de acudir a la autoridad jurisdiccional y solicitar [&#8230;]<\/p>\n<p>August 25, 2014<\/p>\n<\/div>\n\n\t\t\t  <div \n\t\t\t  \tclass = \"fb-comments\" \n\t\t\t  \tdata-href = \"http:\/\/www.eloriente.net\/home\/2014\/08\/29\/avances-de-oaxaca-en-justicia-alternativa-reconocidos-por-la-embajada-de-eu\/\"\n\t\t\t  \tdata-numposts = \"10\"\n\t\t\t\tdata-colorscheme = \"dark\"\n\t\t\t\tdata-order-by = \"social\"\n\t\t\t\tdata-mobile=true>\n\t\t\t  <\/div>\n\t\t  <style>\n\t\t\t.fb_iframe_widget_fluid_desktop iframe {\n\t\t\t    width: 100% !important;\n\t\t\t}\n\t\t  <\/style>\n\t\t  ","protected":false},"excerpt":{"rendered":"<p>eloriente.net 29\/agosto\/2014 Delegaci\u00f3n de la C\u00e1mara de Diputados, el Senado de la Rep\u00fablica y la Embajada de EU se reuni\u00f3 con el titular del Poder Judicial, magistrado Alfredo Lagunas Rivera Durante doce a\u00f1os, el Centro de Mediaci\u00f3n Judicial, hoy Centro de Justicia Alternativa, ha contribuido a construir un puente de comunicaci\u00f3n entre las partes en [&hellip;]<\/p>\n","protected":false},"author":1,"featured_media":31638,"comment_status":"open","ping_status":"open","sticky":false,"template":"","format":"standard","meta":{"_jetpack_memberships_contains_paid_content":false,"footnotes":""},"categories":[91,32,10,464,21],"tags":[2449,2521,274,255,2522,73],"class_list":["post-31636","post","type-post","status-publish","format-standard","has-post-thumbnail","hentry","category-congreso-y-justicia","category-entradas","category-lo-mas-reciente","category-oaxaca-estados","category-politica-y-gobierno","tag-congreso-de-la-union","tag-embajada-de-estados-unidos","tag-estados-unidos","tag-justicia","tag-justicia-alternativa","tag-oaxaca"],"jetpack_featured_media_url":"http:\/\/www.eloriente.net\/home\/wp-content\/uploads\/2014\/08\/El-titular-del-Poder-Judicial-delegaci\u00f3n-del-Congreso-de-la-Uni\u00f3n-y-personal-del-CJA-02.jpg","jetpack_sharing_enabled":true,"_links":{"self":[{"href":"http:\/\/www.eloriente.net\/home\/wp-json\/wp\/v2\/posts\/31636"}],"collection":[{"href":"http:\/\/www.eloriente.net\/home\/wp-json\/wp\/v2\/posts"}],"about":[{"href":"http:\/\/www.eloriente.net\/home\/wp-json\/wp\/v2\/types\/post"}],"author":[{"embeddable":true,"href":"http:\/\/www.eloriente.net\/home\/wp-json\/wp\/v2\/users\/1"}],"replies":[{"embeddable":true,"href":"http:\/\/www.eloriente.net\/home\/wp-json\/wp\/v2\/comments?post=31636"}],"version-history":[{"count":3,"href":"http:\/\/www.eloriente.net\/home\/wp-json\/wp\/v2\/posts\/31636\/revisions"}],"predecessor-version":[{"id":31641,"href":"http:\/\/www.eloriente.net\/home\/wp-json\/wp\/v2\/posts\/31636\/revisions\/31641"}],"wp:featuredmedia":[{"embeddable":true,"href":"http:\/\/www.eloriente.net\/home\/wp-json\/wp\/v2\/media\/31638"}],"wp:attachment":[{"href":"http:\/\/www.eloriente.net\/home\/wp-json\/wp\/v2\/media?parent=31636"}],"wp:term":[{"taxonomy":"category","embeddable":true,"href":"http:\/\/www.eloriente.net\/home\/wp-json\/wp\/v2\/categories?post=31636"},{"taxonomy":"post_tag","embeddable":true,"href":"http:\/\/www.eloriente.net\/home\/wp-json\/wp\/v2\/tags?post=31636"}],"curies":[{"name":"wp","href":"https:\/\/api.w.org\/{rel}","templated":true}]}}