{"id":31684,"date":"2014-08-31T15:45:44","date_gmt":"2014-08-31T21:45:44","guid":{"rendered":"http:\/\/www.eloriente.net\/home\/?p=31684"},"modified":"2014-08-31T15:04:54","modified_gmt":"2014-08-31T21:04:54","slug":"en-vivo-31ago2014-1700-horas-informe-de-actividades-del-2o-ano-de-la-lxii-legislatura","status":"publish","type":"post","link":"http:\/\/www.eloriente.net\/home\/2014\/08\/31\/en-vivo-31ago2014-1700-horas-informe-de-actividades-del-2o-ano-de-la-lxii-legislatura\/","title":{"rendered":"EN VIVO: Informe de Actividades del 2\u00ba a\u00f1o de la LXII Legislatura (31\/ago\/2014, 17:00 horas)"},"content":{"rendered":"<p>eloriente.net<\/p>\n<p>31\/agosto\/2014<\/p>\n<p>Conscientes de su importancia para la vida de la comunidad, nos enlazamos con la se\u00f1al del Senado de la Rep\u00fablica para el Informe de Actividades del 2do. a\u00f1o de la LXII Legislatura:<\/p>\n<p><iframe loading=\"lazy\" width=\"560\" height=\"315\" src=\"\/\/www.youtube.com\/embed\/YtdnXiOQrpw\" frameborder=\"0\" allowfullscreen><\/iframe><\/p>\n<p><iframe loading=\"lazy\" src=\"\/\/www.youtube.com\/embed\/-gcC-KBgMVY?list=UUoeJxDc717MNVJtUsQW20Qg\" frameborder=\"0\" width=\"560\" height=\"315\"><\/iframe><\/p>\n<p>comunicacion.senado.gob.mx<\/p>\n<p><a href=\"http:\/\/www.eloriente.net\/home\/wp-content\/uploads\/2013\/12\/senado1.jpg\"><img loading=\"lazy\" decoding=\"async\" class=\"alignnone size-medium wp-image-18543\" title=\"senado\" src=\"http:\/\/www.eloriente.net\/home\/wp-content\/uploads\/2013\/12\/senado1-300x174.jpg\" alt=\"\" width=\"300\" height=\"174\" srcset=\"http:\/\/www.eloriente.net\/home\/wp-content\/uploads\/2013\/12\/senado1-300x174.jpg 300w, http:\/\/www.eloriente.net\/home\/wp-content\/uploads\/2013\/12\/senado1.jpg 944w\" sizes=\"(max-width: 300px) 100vw, 300px\" \/><\/a><\/p>\n<p>Foto: Archivo eloriente.net<\/p>\n<p><strong>Entradas relacionadas:<\/strong><\/p>\n<p><a title=\"Permalink to En Vivo 27\/ago\/2014 10:00 horas: Sesi\u00f3n extraordinaria del Consejo General del Instituto Nacional Electoral\" href=\"http:\/\/www.eloriente.net\/home\/2014\/08\/27\/en-vivo-27ago2014-1000-horas-sesion-extraordinaria-del-consejo-general-del-instituto-nacional-electoral\/\" rel=\"bookmark\">En Vivo 27\/ago\/2014 10:00 horas: Sesi\u00f3n extraordinaria del Consejo General del Instituto Nacional Electoral<\/a><\/p>\n<p><a href=\"http:\/\/www.eloriente.net\/home\/2014\/08\/27\/en-vivo-27ago2014-1000-horas-sesion-extraordinaria-del-consejo-general-del-instituto-nacional-electoral\/\" rel=\"bookmark\"><img decoding=\"async\" title=\"En Vivo 27\/ago\/2014 10:00 horas: Sesi\u00f3n extraordinaria del Consejo General del Instituto Nacional Electoral\" src=\"http:\/\/www.eloriente.net\/home\/wp-content\/themes\/city-desk\/timthumb.php?src=http%3A%2F%2Fwww.eloriente.net%2Fhome%2Fwp-content%2Fuploads%2F2014%2F08%2FINE-Archivo-eloriente.net_.jpg&amp;q=90&amp;w=160&amp;h=106&amp;zc=1\" alt=\"En Vivo 27\/ago\/2014 10:00 horas: Sesi\u00f3n extraordinaria del Consejo General del Instituto Nacional Electoral\" \/><\/a><\/p>\n<p>eloriente.net 27\/agosto\/2014 Nos enlazamos en vivo al Consejo General del Instituto Nacional Electoral, para la sesi\u00f3n extraordinaria del mi\u00e9rcoles 27 de agosto de 2014 a las 10:00 am: Foto: Archivo eloriente.net Entradas relacionadas: En vivo: Sesi\u00f3n de la Comisi\u00f3n Permanente del 26 de agosto de 2014 eloriente.net 26\/agosto\/2014 Conscientes de su importancia para la vida [&#8230;]<\/p>\n<p>August 27, 2014<\/p>\n<div id=\"post-31514\">\n<p><a title=\"Permalink to En vivo: Sesi\u00f3n de la Comisi\u00f3n Permanente del 26 de agosto de 2014\" href=\"http:\/\/www.eloriente.net\/home\/2014\/08\/26\/en-vivo-sesion-de-la-comision-permanente-del-26-de-agosto-de-2014\/\" rel=\"bookmark\">En vivo: Sesi\u00f3n de la Comisi\u00f3n Permanente del 26 de agosto de 2014<\/a><\/p>\n<p><a href=\"http:\/\/www.eloriente.net\/home\/2014\/08\/26\/en-vivo-sesion-de-la-comision-permanente-del-26-de-agosto-de-2014\/\" rel=\"bookmark\"><img decoding=\"async\" title=\"En vivo: Sesi\u00f3n de la Comisi\u00f3n Permanente del 26 de agosto de 2014\" src=\"http:\/\/www.eloriente.net\/home\/wp-content\/themes\/city-desk\/timthumb.php?src=http%3A%2F%2Fwww.eloriente.net%2Fhome%2Fwp-content%2Fuploads%2F2014%2F08%2FComisi%C3%B3n-Permanente.jpg&amp;q=90&amp;w=160&amp;h=106&amp;zc=1\" alt=\"En vivo: Sesi\u00f3n de la Comisi\u00f3n Permanente del 26 de agosto de 2014\" \/><\/a><\/p>\n<p>eloriente.net 26\/agosto\/2014 Conscientes de su importancia para la vida de la comunidad, nos enlazamos con la se\u00f1al del Senado de la Rep\u00fablica para la Sesi\u00f3n de la Comisi\u00f3n Permanente del 26 de agosto de 2014. Para verificar el orden del d\u00eda de la sesi\u00f3n de hoy, da click al siguiente enlance. Foto: Senado de la [&#8230;]<\/p>\n<p>August 26, 2014<\/p>\n<\/div>\n<div id=\"post-31439\">\n<p><a title=\"Permalink to EN DIRECTO 26\/Ago\/2014 10:00 h: Ciclo de talleres para periodistas sobre la Reforma Pol\u00edtico Electoral\" href=\"http:\/\/www.eloriente.net\/home\/2014\/08\/26\/en-directo-26ago2014-1000-h-ciclo-de-talleres-para-periodistas-sobre-la-reforma-politico-electoral\/\" rel=\"bookmark\">EN DIRECTO 26\/Ago\/2014 10:00 h: Ciclo de talleres para periodistas sobre la Reforma Pol\u00edtico Electoral<\/a><\/p>\n<p><a href=\"http:\/\/www.eloriente.net\/home\/2014\/08\/26\/en-directo-26ago2014-1000-h-ciclo-de-talleres-para-periodistas-sobre-la-reforma-politico-electoral\/\" rel=\"bookmark\"><img decoding=\"async\" title=\"EN DIRECTO 26\/Ago\/2014 10:00 h: Ciclo de talleres para periodistas sobre la Reforma Pol\u00edtico Electoral\" src=\"http:\/\/www.eloriente.net\/home\/wp-content\/themes\/city-desk\/timthumb.php?src=http%3A%2F%2Fwww.eloriente.net%2Fhome%2Fwp-content%2Fuploads%2F2014%2F07%2FConvenio-Por-INE.jpg&amp;q=90&amp;w=160&amp;h=106&amp;zc=1\" alt=\"EN DIRECTO 26\/Ago\/2014 10:00 h: Ciclo de talleres para periodistas sobre la Reforma Pol\u00edtico Electoral\" \/><\/a><\/p>\n<p>eloriente.net 26\/agosto\/2014 La Coordinaci\u00f3n Nacional de Comunicaci\u00f3n Social del Instituto Nacional Electoral, transmite en directo el Ciclo de talleres para periodistas sobre la Reforma Pol\u00edtico Electoral: Nuevas atribuciones del \u00d3rgano Electoral Nacional. El tema de este lunes 26 de agosto de 2014 es Organismos P\u00fablicos Locales Electorales (OPLEs) y su Unidad T\u00e9cnica, que cuenta con [&#8230;]<\/p>\n<p>August 26, 2014<\/p>\n<\/div>\n\n\t\t\t  <div \n\t\t\t  \tclass = \"fb-comments\" \n\t\t\t  \tdata-href = \"http:\/\/www.eloriente.net\/home\/2014\/08\/31\/en-vivo-31ago2014-1700-horas-informe-de-actividades-del-2o-ano-de-la-lxii-legislatura\/\"\n\t\t\t  \tdata-numposts = \"10\"\n\t\t\t\tdata-colorscheme = \"dark\"\n\t\t\t\tdata-order-by = \"social\"\n\t\t\t\tdata-mobile=true>\n\t\t\t  <\/div>\n\t\t  <style>\n\t\t\t.fb_iframe_widget_fluid_desktop iframe {\n\t\t\t    width: 100% !important;\n\t\t\t}\n\t\t  <\/style>\n\t\t  ","protected":false},"excerpt":{"rendered":"<p>eloriente.net 31\/agosto\/2014 Conscientes de su importancia para la vida de la comunidad, nos enlazamos con la se\u00f1al del Senado de la Rep\u00fablica para el Informe de Actividades del 2do. a\u00f1o de la LXII Legislatura: comunicacion.senado.gob.mx Foto: Archivo eloriente.net Entradas relacionadas: En Vivo 27\/ago\/2014 10:00 horas: Sesi\u00f3n extraordinaria del Consejo General del Instituto Nacional Electoral eloriente.net [&hellip;]<\/p>\n","protected":false},"author":1,"featured_media":18543,"comment_status":"open","ping_status":"open","sticky":false,"template":"","format":"standard","meta":{"_jetpack_memberships_contains_paid_content":false,"footnotes":""},"categories":[4,91,32,10,21],"tags":[2537,2538,2536],"class_list":["post-31684","post","type-post","status-publish","format-standard","has-post-thumbnail","hentry","category-canal-2-en-vivo","category-congreso-y-justicia","category-entradas","category-lo-mas-reciente","category-politica-y-gobierno","tag-informe-de-actividades","tag-lxii-legislatura","tag-senado-de-mexico"],"jetpack_featured_media_url":"http:\/\/www.eloriente.net\/home\/wp-content\/uploads\/2013\/12\/senado1.jpg","jetpack_sharing_enabled":true,"_links":{"self":[{"href":"http:\/\/www.eloriente.net\/home\/wp-json\/wp\/v2\/posts\/31684"}],"collection":[{"href":"http:\/\/www.eloriente.net\/home\/wp-json\/wp\/v2\/posts"}],"about":[{"href":"http:\/\/www.eloriente.net\/home\/wp-json\/wp\/v2\/types\/post"}],"author":[{"embeddable":true,"href":"http:\/\/www.eloriente.net\/home\/wp-json\/wp\/v2\/users\/1"}],"replies":[{"embeddable":true,"href":"http:\/\/www.eloriente.net\/home\/wp-json\/wp\/v2\/comments?post=31684"}],"version-history":[{"count":7,"href":"http:\/\/www.eloriente.net\/home\/wp-json\/wp\/v2\/posts\/31684\/revisions"}],"predecessor-version":[{"id":31715,"href":"http:\/\/www.eloriente.net\/home\/wp-json\/wp\/v2\/posts\/31684\/revisions\/31715"}],"wp:featuredmedia":[{"embeddable":true,"href":"http:\/\/www.eloriente.net\/home\/wp-json\/wp\/v2\/media\/18543"}],"wp:attachment":[{"href":"http:\/\/www.eloriente.net\/home\/wp-json\/wp\/v2\/media?parent=31684"}],"wp:term":[{"taxonomy":"category","embeddable":true,"href":"http:\/\/www.eloriente.net\/home\/wp-json\/wp\/v2\/categories?post=31684"},{"taxonomy":"post_tag","embeddable":true,"href":"http:\/\/www.eloriente.net\/home\/wp-json\/wp\/v2\/tags?post=31684"}],"curies":[{"name":"wp","href":"https:\/\/api.w.org\/{rel}","templated":true}]}}