{"id":31689,"date":"2014-08-31T01:00:14","date_gmt":"2014-08-31T07:00:14","guid":{"rendered":"http:\/\/www.eloriente.net\/home\/?p=31689"},"modified":"2014-08-30T09:12:22","modified_gmt":"2014-08-30T15:12:22","slug":"en-mexico-no-mejoramos-desde-hace-40-anos-sergio-gonzalez-rodriguez","status":"publish","type":"post","link":"http:\/\/www.eloriente.net\/home\/2014\/08\/31\/en-mexico-no-mejoramos-desde-hace-40-anos-sergio-gonzalez-rodriguez\/","title":{"rendered":"En M\u00e9xico no mejoramos desde hace 40 a\u00f1os: Sergio Gonz\u00e1lez Rodr\u00edguez"},"content":{"rendered":"<p>eloriente.net \/ <a href=\"http:\/\/www.agencian22.mx\/\" target=\"_blank\">Agencia N22<\/a><\/p>\n<p>31\/agosto\/2014<\/p>\n<p style=\"text-align: right;\">Por\u00a0<a href=\"http:\/\/www.agencian22.mx\/2014\/08\/en-mexico-no-mejoramos-desde-hace-40.html\" target=\"_blank\">Perla Vel\u00e1zquez<\/a><\/p>\n<p><strong>El ensayista, desde Campeche, propone crear el concepto de Anestado para describir al Estado mexicano, donde la ilegalidad es un modus vivendi que hay que reconocer<\/strong><\/p>\n<p style=\"text-align: left;\">Antes de estudiar Letras, Sergio fue bajista de la banda Enigma, la cual form\u00f3 con su hermano. Su primer \u00e1lbum est\u00e1 considerado como uno de los 50 mejores discos de rock en M\u00e9xico. El m\u00fasico buscaba a trav\u00e9s de las canciones expresarse; sin embargo, como su proyecto musical no le alcanzaba para sobrevivir, decidi\u00f3 estudiar Letras Modernas en la Facultad de Filosof\u00eda. Su camino lo llev\u00f3 a trabajar con Carlos Monsiv\u00e1is en difusi\u00f3n cultural. Despu\u00e9s ingres\u00f3 al \u00e1mbito period\u00edstico; es uno de los fundadores del peri\u00f3dico La Jornada. Tambi\u00e9n durante muchos a\u00f1os escribi\u00f3 en Nexos. Complement\u00f3 su conocimiento con la carrera de Derecho.<\/p>\n<p>Esta vinculaci\u00f3n de varias disciplinas por parte de Sergio Gonz\u00e1lez Rodr\u00edguez da respuesta al porqu\u00e9 prevalece una uni\u00f3n de varios g\u00e9neros en sus escritos. Al trabajar en el \u00e1mbito de la cultura es importante que est\u00e9 interconectada la literatura y el periodismo con otras manifestaciones art\u00edsticas, apunt\u00f3 en entrevista el Premio Anagrama de Ensayo 2014.<\/p>\n<p>\u00abEste an\u00e1lisis tiene que ver con una inquietud: en las universidades de M\u00e9xico tienden a presentar una formaci\u00f3n m\u00e1s te\u00f3rica que pr\u00e1ctica, de modo que uno termina aprendiendo los conocimientos acad\u00e9micos y cuando se enfrentan al campo profesional no existe una visi\u00f3n que desarrolle en la mente de los estudiantes una flexibilidad m\u00faltiple de la propia creaci\u00f3n\u00bb.<\/p>\n<p><strong>La importancia de analizar la informaci\u00f3n period\u00edstica<\/strong><\/p>\n<p>Por ello, la desvinculaci\u00f3n se refleja en el periodismo de la actualidad, cuyos lectores se han reducido debido a varios factores, entre ellos el ingreso de las nuevas tecnolog\u00edas, la cual aleja esa virtud expresiva que sol\u00eda mantenerse en el periodismo, entendido como prensa escrita.<\/p>\n<p>Seg\u00fan el autor, esta ventaja de la letra impresa permite manejar con mayor conocimiento y cuidado una investigaci\u00f3n profunda. \u00abAqu\u00ed no vale la pena hacer distinci\u00f3n en los caracteres de un texto, porque el periodismo de calidad, ya sea de largo o corto aliento, siempre vale la pena\u00bb.<\/p>\n<p>En palabras de Gonz\u00e1lez Rodr\u00edguez el periodismo debe de nutrirse de otros g\u00e9neros como la cr\u00f3nica, la entrevista, el art\u00edculo, etc\u00e9tera y no \u00fanicamente limitarse al flash noticioso.<\/p>\n<p><strong>El alejamiento del humanismo en M\u00e9xico<\/strong><\/p>\n<p>Durante la conferencia magistral que ofreci\u00f3 en el X Encuentro de Ensayistas de Tierra Adentro en Campeche, Gonz\u00e1lez Rodr\u00edguez hizo un recorrido por la literatura mexicana desde el a\u00f1o 1900 hasta el 2013. En este diagrama que present\u00f3 puso \u00e9nfasis en el alejamiento del humanismo.<\/p>\n<p>\u00abLa mayor\u00eda de los escritores activos vinculados a la escritura de g\u00e9nero como narrativa, ensayo, po\u00e9tica, dramaturgia, etc\u00e9tera, siguen recuperando la tradici\u00f3n humanista, entre ellos, est\u00e1 Heriberto Yepes, Carlos Vel\u00e1zquez, Emiliano Monge, pero lo importante en ellos es ver c\u00f3mo se est\u00e1 recuperando una tradici\u00f3n humanista en momentos contradictorios a nivel global y a nivel nacional\u00bb.<\/p>\n<p>Para el ensayista, el jurado del sistema de becas para j\u00f3venes creadores no es un grupo \u201camafiado\u201d. \u00abCada vez hay m\u00e1s apertura y est\u00e1n sujetos a normas que son cuestionadas, pero se ha avanzado mucho en la ruptura de los privilegios que hubo en el pasado. Gonz\u00e1lez Rodr\u00edguez recalc\u00f3 que nunca ha existido un caso de censura, es una instituci\u00f3n que no castiga a los cr\u00edticos del sistema.<\/p>\n<p><strong>Ruptura de paradigmas para entender a la sociedad<\/strong><\/p>\n<p>Estad\u00edsticamente est\u00e1 comprobado que M\u00e9xico no ha mejorado en los \u00faltimos 40 a\u00f1os, al contrario, est\u00e1 degradado y cada vez somos m\u00e1s. \u00ab\u00a1No mejoramos!\u00bb, alza la voz Sergio Gonz\u00e1lez para recriminar la propaganda institucional que no permite un cambio.<\/p>\n<p>Ante esta situaci\u00f3n, \u00e9l plantea una nueva visi\u00f3n: m\u00e1s que un Estado fallido, la cual es una terminologia del departamento de estado de Estados Unidos, o Estado alegal, como un t\u00e9rmino de Derecho, propongo la teor\u00eda del ANestado, que quiere decir que el estado est\u00e1 fuera de la legalidad y que a pesar de ello funciona. Articularlo de esa manera es m\u00e1s \u00fatil que hablar del estado fallido porque cuando nos explican lo que significa no dicen claramente las cosas y se contradicen.<\/p>\n<p>Sin embargo, no se pueden romper paradigmas si no hay conocimiento de lo que se destruye. Y cuando se conceptualiza, el anhelo es que este nuevo t\u00e9rmino sea suficientemente comprendido por quienes est\u00e1n implicados para que empiecen a modificar su modo de pensar.<\/p>\n<p>\u00abPero esa es la parte m\u00e1s dif\u00edcil, en M\u00e9xico hay mucha autocomplacencia y hay mucha falta de autocr\u00edtica, hay mentiras y esto dificulta los cambios. No podemos pensar en un cambio si a nivel institucional nos dicen que estamos bien. Mientras esto suceda estaremos condenados a repetir la misma historia una y otra vez\u00bb.<\/p>\n<p>El autor de Campo de Guerra dijo que sus escritos por eso tienden a reflejar los sucesos que enfrentan las sociedades contempor\u00e1neas, el objetivo es tratar de comprenderlos y explicarloas. No hay esperanza si no hay conocimiento, recalc\u00f3. Para \u00e9l, la \u00fanica manera de avanzar es conociendo el problema que se tiene, de esa manera, se vislumbran las posibilidades para solucionarlo.<\/p>\n<p>\u00abM\u00e1s que esperanza se plantean expectativas, porque la esperanza es muy dif\u00edcil de atrapar, en cambio las expectativas son procedimientos racionales para llegar con bien a un fin espec\u00edfico\u00bb, finaliz\u00f3.<\/p>\n<div id='gallery-1' class='gallery galleryid-31689 gallery-columns-3 gallery-size-thumbnail'><figure class='gallery-item'>\n\t\t\t<div class='gallery-icon landscape'>\n\t\t\t\t<a href='http:\/\/www.eloriente.net\/home\/wp-content\/uploads\/2014\/08\/SGR-N22.jpg'><img loading=\"lazy\" decoding=\"async\" width=\"150\" height=\"150\" src=\"http:\/\/www.eloriente.net\/home\/wp-content\/uploads\/2014\/08\/SGR-N22-150x150.jpg\" class=\"attachment-thumbnail size-thumbnail\" alt=\"\" srcset=\"http:\/\/www.eloriente.net\/home\/wp-content\/uploads\/2014\/08\/SGR-N22-150x150.jpg 150w, http:\/\/www.eloriente.net\/home\/wp-content\/uploads\/2014\/08\/SGR-N22-50x50.jpg 50w\" sizes=\"(max-width: 150px) 100vw, 150px\" \/><\/a>\n\t\t\t<\/div><\/figure><figure class='gallery-item'>\n\t\t\t<div class='gallery-icon landscape'>\n\t\t\t\t<a href='http:\/\/www.eloriente.net\/home\/wp-content\/uploads\/2014\/08\/SGR2-N22.png'><img loading=\"lazy\" decoding=\"async\" width=\"150\" height=\"150\" src=\"http:\/\/www.eloriente.net\/home\/wp-content\/uploads\/2014\/08\/SGR2-N22-150x150.png\" class=\"attachment-thumbnail size-thumbnail\" alt=\"\" srcset=\"http:\/\/www.eloriente.net\/home\/wp-content\/uploads\/2014\/08\/SGR2-N22-150x150.png 150w, http:\/\/www.eloriente.net\/home\/wp-content\/uploads\/2014\/08\/SGR2-N22-50x50.png 50w\" sizes=\"(max-width: 150px) 100vw, 150px\" \/><\/a>\n\t\t\t<\/div><\/figure>\n\t\t<\/div>\n\n<p>Fotos: Agencia N22<\/p>\n<p><strong>Entradas relacionadas:<\/strong><\/p>\n<p><a title=\"Permalink to Video: El papel humanizador de la filosof\u00eda por Leonardo Da Jandra\" href=\"http:\/\/www.eloriente.net\/home\/2014\/08\/24\/video-el-papel-humanizador-de-la-filosofia-por-leonardo-da-jandra\/\" rel=\"bookmark\">Video: El papel humanizador de la filosof\u00eda por Leonardo Da Jandra<\/a><\/p>\n<p><a href=\"http:\/\/www.eloriente.net\/home\/2014\/08\/24\/video-el-papel-humanizador-de-la-filosofia-por-leonardo-da-jandra\/\" rel=\"bookmark\"><img decoding=\"async\" title=\"Video: El papel humanizador de la filosof\u00eda por Leonardo Da Jandra\" src=\"http:\/\/www.eloriente.net\/home\/wp-content\/themes\/city-desk\/timthumb.php?src=http%3A%2F%2Fwww.eloriente.net%2Fhome%2Fwp-content%2Fuploads%2F2014%2F08%2FIMG_5006.jpg&amp;q=90&amp;w=160&amp;h=106&amp;zc=1\" alt=\"Video: El papel humanizador de la filosof\u00eda por Leonardo Da Jandra\" \/><\/a><\/p>\n<p>eloriente.net 24\/agosto\/2014 Con motivo de su m\u00e1s reciente publicaci\u00f3n titulada \u201cFilosof\u00eda para Desencantados\u201d, el autor mexicano Leonardo Da Jandra, ofreci\u00f3 una conferencia acerca de: \u201cEl Papel Humanizador de la Filosof\u00eda\u201d. En ella, explic\u00f3 la forma en c\u00f3mo est\u00e1 compuesta su obra, dividida en cuatro partes: La primera, a manera de introducci\u00f3n, explica la metodolog\u00eda aplicada [&#8230;]<\/p>\n<p>August 24, 2014<\/p>\n<div id=\"post-31310\">\n<p><a title=\"Permalink to Lee aqu\u00ed un fragmento de \u201cHasta aqu\u00ed\u201d, de Hern\u00e1n Bravo Varela\" href=\"http:\/\/www.eloriente.net\/home\/2014\/08\/24\/lee-aqui-un-fragmento-de-hasta-aqui-de-hernan-bravo-varela\/\" rel=\"bookmark\">Lee aqu\u00ed un fragmento de \u201cHasta aqu\u00ed\u201d, de Hern\u00e1n Bravo Varela<\/a><\/p>\n<p><a href=\"http:\/\/www.eloriente.net\/home\/2014\/08\/24\/lee-aqui-un-fragmento-de-hasta-aqui-de-hernan-bravo-varela\/\" rel=\"bookmark\"><img decoding=\"async\" title=\"Lee aqu\u00ed un fragmento de \u201cHasta aqu\u00ed\u201d, de Hern\u00e1n Bravo Varela\" src=\"http:\/\/www.eloriente.net\/home\/wp-content\/themes\/city-desk\/timthumb.php?src=http%3A%2F%2Fwww.eloriente.net%2Fhome%2Fwp-content%2Fuploads%2F2014%2F08%2FHern%C3%A1n-Bravo-Varela.jpg&amp;q=90&amp;w=160&amp;h=106&amp;zc=1\" alt=\"Lee aqu\u00ed un fragmento de \u201cHasta aqu\u00ed\u201d, de Hern\u00e1n Bravo Varela\" \/><\/a><\/p>\n<p>eloriente.net 24\/agosto\/2014 Editorial Almad\u00eda, ha publicado la obra \u201cHasta aqu\u00ed\u201d del poeta zacatecano Hern\u00e1n Bravo Varela: Poemas que son cuadros en una galer\u00eda desierta. Retrato urgentes de vidas. Hasta aqu\u00ed, dice el poeta. Y se refiere al lugar a donde llegamos, de donde partimos, donde quisi\u00e9ramos estar. En los escenarios de la extranjer\u00eda y lo [&#8230;]<\/p>\n<p>August 24, 2014<\/p>\n<p><a title=\"Permalink to Joven y Bella, la pel\u00edcula de Fran\u00e7ois Ozon\" href=\"http:\/\/www.eloriente.net\/home\/2014\/08\/18\/joven-y-bella-la-pelicula-de-francois-ozon\/\" rel=\"bookmark\">Joven y Bella, la pel\u00edcula de Fran\u00e7ois Ozon<\/a><\/p>\n<p><a href=\"http:\/\/www.eloriente.net\/home\/2014\/08\/18\/joven-y-bella-la-pelicula-de-francois-ozon\/\" rel=\"bookmark\"><img decoding=\"async\" title=\"Joven y Bella, la pel\u00edcula de Fran\u00e7ois Ozon\" src=\"http:\/\/www.eloriente.net\/home\/wp-content\/themes\/city-desk\/timthumb.php?src=http%3A%2F%2Fwww.eloriente.net%2Fhome%2Fwp-content%2Fuploads%2F2014%2F08%2F%40Joven-y-Bella-francois-ozon.jpg&amp;q=90&amp;w=160&amp;h=106&amp;zc=1\" alt=\"Joven y Bella, la pel\u00edcula de Fran\u00e7ois Ozon\" \/><\/a><\/p>\n<p>eloriente.net 18 de agosto de 2014 Por: Juan Pablo Vasconcelos* La pel\u00edcula de Ozon es Joven y Bella, y tambi\u00e9n as\u00ed se llama. El director ha logrado que cada escena simbolice una primera vez, en la que se conjugan los ojos melanc\u00f3licos de Isabelle \u2014y su belleza manifiesta\u2014 con m\u00faltiples tomas subjetivas merodeando en su [&#8230;]<\/p>\n<p>August 18, 2014<\/p>\n<\/div>\n<p>&nbsp;<\/p>\n\n\t\t\t  <div \n\t\t\t  \tclass = \"fb-comments\" \n\t\t\t  \tdata-href = \"http:\/\/www.eloriente.net\/home\/2014\/08\/31\/en-mexico-no-mejoramos-desde-hace-40-anos-sergio-gonzalez-rodriguez\/\"\n\t\t\t  \tdata-numposts = \"10\"\n\t\t\t\tdata-colorscheme = \"dark\"\n\t\t\t\tdata-order-by = \"social\"\n\t\t\t\tdata-mobile=true>\n\t\t\t  <\/div>\n\t\t  <style>\n\t\t\t.fb_iframe_widget_fluid_desktop iframe {\n\t\t\t    width: 100% !important;\n\t\t\t}\n\t\t  <\/style>\n\t\t  ","protected":false},"excerpt":{"rendered":"<p>eloriente.net \/ Agencia N22 31\/agosto\/2014 Por\u00a0Perla Vel\u00e1zquez El ensayista, desde Campeche, propone crear el concepto de Anestado para describir al Estado mexicano, donde la ilegalidad es un modus vivendi que hay que reconocer Antes de estudiar Letras, Sergio fue bajista de la banda Enigma, la cual form\u00f3 con su hermano. Su primer \u00e1lbum est\u00e1 considerado [&hellip;]<\/p>\n","protected":false},"author":1,"featured_media":31690,"comment_status":"open","ping_status":"open","sticky":false,"template":"","format":"standard","meta":{"_jetpack_memberships_contains_paid_content":false,"footnotes":""},"categories":[18,32,10],"tags":[2540,297,141,138,2539],"class_list":["post-31689","post","type-post","status-publish","format-standard","has-post-thumbnail","hentry","category-educacion-y-cultura","category-entradas","category-lo-mas-reciente","tag-avance","tag-literatura","tag-mexico","tag-progreso","tag-sergio-gonzalez-rodriguez"],"jetpack_featured_media_url":"http:\/\/www.eloriente.net\/home\/wp-content\/uploads\/2014\/08\/SGR-N22.jpg","jetpack_sharing_enabled":true,"_links":{"self":[{"href":"http:\/\/www.eloriente.net\/home\/wp-json\/wp\/v2\/posts\/31689"}],"collection":[{"href":"http:\/\/www.eloriente.net\/home\/wp-json\/wp\/v2\/posts"}],"about":[{"href":"http:\/\/www.eloriente.net\/home\/wp-json\/wp\/v2\/types\/post"}],"author":[{"embeddable":true,"href":"http:\/\/www.eloriente.net\/home\/wp-json\/wp\/v2\/users\/1"}],"replies":[{"embeddable":true,"href":"http:\/\/www.eloriente.net\/home\/wp-json\/wp\/v2\/comments?post=31689"}],"version-history":[{"count":2,"href":"http:\/\/www.eloriente.net\/home\/wp-json\/wp\/v2\/posts\/31689\/revisions"}],"predecessor-version":[{"id":31693,"href":"http:\/\/www.eloriente.net\/home\/wp-json\/wp\/v2\/posts\/31689\/revisions\/31693"}],"wp:featuredmedia":[{"embeddable":true,"href":"http:\/\/www.eloriente.net\/home\/wp-json\/wp\/v2\/media\/31690"}],"wp:attachment":[{"href":"http:\/\/www.eloriente.net\/home\/wp-json\/wp\/v2\/media?parent=31689"}],"wp:term":[{"taxonomy":"category","embeddable":true,"href":"http:\/\/www.eloriente.net\/home\/wp-json\/wp\/v2\/categories?post=31689"},{"taxonomy":"post_tag","embeddable":true,"href":"http:\/\/www.eloriente.net\/home\/wp-json\/wp\/v2\/tags?post=31689"}],"curies":[{"name":"wp","href":"https:\/\/api.w.org\/{rel}","templated":true}]}}