{"id":31694,"date":"2014-09-01T01:00:34","date_gmt":"2014-09-01T07:00:34","guid":{"rendered":"http:\/\/www.eloriente.net\/home\/?p=31694"},"modified":"2014-09-01T09:56:52","modified_gmt":"2014-09-01T15:56:52","slug":"compromisos-de-pena-nieto-para-oaxaca","status":"publish","type":"post","link":"http:\/\/www.eloriente.net\/home\/2014\/09\/01\/compromisos-de-pena-nieto-para-oaxaca\/","title":{"rendered":"Compromisos firmados por Pe\u00f1a Nieto con Oaxaca"},"content":{"rendered":"<p>eloriente.net<\/p>\n<p>1\/septiembre\/2014<\/p>\n<p>eloriente.net (Oaxaca, M\u00e9xico, a 1 de septiembre de 2014).- Enrique Pe\u00f1a Nieto, como candidato a la Presidencia de la Rep\u00fablica en 2012, firm\u00f3 ante notario p\u00fablico una<a href=\"http:\/\/www.eluniversal.com.mx\/graficos\/red_politica\/RP-Compromisos\/\" target=\"_blank\"> lista de 266 compromisos<\/a> que habr\u00eda de cumplir en caso de ser electo tal y como sucedi\u00f3 en julio de ese mismo a\u00f1o.<\/p>\n<p>Algunos de esos compromisos los adquiri\u00f3 particularmente con Oaxaca como entidad federativa.<\/p>\n<p>En la amplia lista de compromisos, <a href=\"http:\/\/laprimeraplana.com.mx\/politica\/se-compromete-pena-nieto-a-consolidar-operacion-de-red-hospitalaria-de-oaxaca\/\" target=\"_blank\">el n\u00famero 16<\/a>, firmado el 11 de abril de 2012 en la Alameda de Le\u00f3n de la capital del estado, Enrique Pe\u00f1a Nieto estableci\u00f3 consolidar la operaci\u00f3n de la Red Hospitalaria del estado. Ello quiere decir que todos los oaxaque\u00f1os deber\u00e1n contar con el beneficio de la salud y con espacios hospitalarios dignos y funcionando.<\/p>\n<p>Posteriormente, en junio de 2012, la ciudad de <a href=\"http:\/\/www.oaxacaportalpolitico.com\/index.php?option=com_content&amp;view=article&amp;id=1041:enrique-pena-nietofirma-5-compromisos-en-juchitan-oaxaca&amp;catid=39:tv-a-home-theater&amp;Itemid=126\" target=\"_blank\">Juchit\u00e1n de Zaragoza<\/a> fue testigo de cinco compromisos m\u00e1s con Oaxaca. Del 208 al 213 en la lista, Enrique Pe\u00f1a Nieto firm\u00f3:<\/p>\n<ul>\n<li>Construir un Hospital de Especialidades en Juchit\u00e1n<\/li>\n<li>Rehabilitar la carretera Oaxaca &#8211; Ixtl\u00e1n &#8211; Valle Nacional &#8211; Tuxtepec<\/li>\n<li>Concluir la carretera Oaxaca &#8211; Istmo<\/li>\n<li>Modernizar la carretera Nochixtlan &#8211; Yucuda &#8211; Tlaxiaco &#8211; Putla &#8211; Pinotepa Nacional. Primera etapa<\/li>\n<li>Concluir la carretera Oaxaca &#8211; Puerto Escondido<\/li>\n<li>Aeropuerto en la regi\u00f3n del Istmo<\/li>\n<\/ul>\n<p>A pocas horas del Segundo Informe de Gobierno de su mandato, se espera la evaluaci\u00f3n de las acciones realizadas en todo el pa\u00eds, as\u00ed como el avance en los compromisos adquiridos con Oaxaca o, en su defecto, un plan de acci\u00f3n ya agendado para iniciar, continuar o concluir dichas acciones.<\/p>\n<p><a href=\"http:\/\/www.eloriente.net\/home\/wp-content\/uploads\/2014\/06\/Pe\u00f1a-Nieto-Por-Presidencia-de-la-Rep\u00fablica-Mexicana.jpg\"><img loading=\"lazy\" decoding=\"async\" class=\"alignnone size-medium wp-image-28085\" title=\"Pe\u00f1a Nieto-Por Presidencia de la Rep\u00fablica Mexicana\" src=\"http:\/\/www.eloriente.net\/home\/wp-content\/uploads\/2014\/06\/Pe\u00f1a-Nieto-Por-Presidencia-de-la-Rep\u00fablica-Mexicana-300x214.jpg\" alt=\"\" width=\"300\" height=\"214\" \/><\/a><\/p>\n<p>Foto: Presidencia<\/p>\n<p><a href=\"http:\/\/www.eloriente.net\/home\/wp-content\/uploads\/2014\/08\/z\u00f3calo-Oaxaca.jpg\"><img loading=\"lazy\" decoding=\"async\" class=\"alignnone size-medium wp-image-31134\" title=\"z\u00f3calo Oaxaca\" src=\"http:\/\/www.eloriente.net\/home\/wp-content\/uploads\/2014\/08\/z\u00f3calo-Oaxaca-300x225.jpg\" alt=\"\" width=\"300\" height=\"225\" srcset=\"http:\/\/www.eloriente.net\/home\/wp-content\/uploads\/2014\/08\/z\u00f3calo-Oaxaca-300x225.jpg 300w, http:\/\/www.eloriente.net\/home\/wp-content\/uploads\/2014\/08\/z\u00f3calo-Oaxaca.jpg 500w\" sizes=\"(max-width: 300px) 100vw, 300px\" \/><\/a><\/p>\n<p>Foto: Archivo eloriente.net<\/p>\n<p><strong>Entradas relacionadas:<\/strong><\/p>\n<p><a title=\"Permalink to El campo, la pr\u00f3xima reforma\" href=\"http:\/\/www.eloriente.net\/home\/2014\/08\/25\/el-campo-la-proxima-reforma\/\" rel=\"bookmark\">El campo, la pr\u00f3xima reforma<\/a><\/p>\n<p><a href=\"http:\/\/www.eloriente.net\/home\/2014\/08\/25\/el-campo-la-proxima-reforma\/\" rel=\"bookmark\"><img decoding=\"async\" title=\"El campo, la pr\u00f3xima reforma\" src=\"http:\/\/www.eloriente.net\/home\/wp-content\/themes\/city-desk\/timthumb.php?src=http%3A%2F%2Fwww.eloriente.net%2Fhome%2Fwp-content%2Fuploads%2F2014%2F08%2FCampo-Brad-Higham.jpg&amp;q=90&amp;w=160&amp;h=106&amp;zc=1\" alt=\"El campo, la pr\u00f3xima reforma\" \/><\/a><\/p>\n<p>eloriente.net 25\/agosto\/2014 Una vez concluido el proceso legislativo de la Reforma Energ\u00e9tica, el Congreso de la Uni\u00f3n ya tiene agendado el pr\u00f3ximo debate, el cual ser\u00e1 relatico a la Reforma al Campo. Entre algunas de las propuestas que se empiezan a dar conocer, est\u00e1 la simplificaci\u00f3n de leyes y reglamentos, crear un banco de alimentos, [&#8230;]<\/p>\n<p>August 25, 2014<\/p>\n<p><a title=\"Permalink to En M\u00e9xico no mejoramos desde hace 40 a\u00f1os: Sergio Gonz\u00e1lez Rodr\u00edguez\" href=\"http:\/\/www.eloriente.net\/home\/2014\/08\/31\/en-mexico-no-mejoramos-desde-hace-40-anos-sergio-gonzalez-rodriguez\/\" rel=\"bookmark\">En M\u00e9xico no mejoramos desde hace 40 a\u00f1os: Sergio Gonz\u00e1lez Rodr\u00edguez<\/a><\/p>\n<p><a href=\"http:\/\/www.eloriente.net\/home\/2014\/08\/31\/en-mexico-no-mejoramos-desde-hace-40-anos-sergio-gonzalez-rodriguez\/\" rel=\"bookmark\"><img decoding=\"async\" title=\"En M\u00e9xico no mejoramos desde hace 40 a\u00f1os: Sergio Gonz\u00e1lez Rodr\u00edguez\" src=\"http:\/\/www.eloriente.net\/home\/wp-content\/themes\/city-desk\/timthumb.php?src=http%3A%2F%2Fwww.eloriente.net%2Fhome%2Fwp-content%2Fuploads%2F2014%2F08%2FSGR-N22.jpg&amp;q=90&amp;w=160&amp;h=106&amp;zc=1\" alt=\"En M\u00e9xico no mejoramos desde hace 40 a\u00f1os: Sergio Gonz\u00e1lez Rodr\u00edguez\" \/><\/a><\/p>\n<p>eloriente.net \/ Agencia N22 31\/agosto\/2014 Por\u00a0Perla Vel\u00e1zquez El ensayista, desde Campeche, propone crear el concepto de Anestado para describir al Estado mexicano, donde la ilegalidad es un modus vivendi que hay que reconocer Antes de estudiar Letras, Sergio fue bajista de la banda Enigma, la cual form\u00f3 con su hermano. Su primer \u00e1lbum est\u00e1 considerado [&#8230;]<\/p>\n<p>August 31, 2014<\/p>\n<div id=\"post-31666\">\n<p><a title=\"Permalink to La central de talentos: una alternativa econ\u00f3mica en Oaxaca\" href=\"http:\/\/www.eloriente.net\/home\/2014\/08\/30\/la-central-de-talentos-una-alternativa-economica-en-oaxacaelor\/\" rel=\"bookmark\">La central de talentos: una alternativa econ\u00f3mica en Oaxaca<\/a><\/p>\n<p><a href=\"http:\/\/www.eloriente.net\/home\/2014\/08\/30\/la-central-de-talentos-una-alternativa-economica-en-oaxacaelor\/\" rel=\"bookmark\"><img decoding=\"async\" title=\"La central de talentos: una alternativa econ\u00f3mica en Oaxaca\" src=\"http:\/\/www.eloriente.net\/home\/wp-content\/themes\/city-desk\/timthumb.php?src=http%3A%2F%2Fwww.eloriente.net%2Fhome%2Fwp-content%2Fuploads%2F2014%2F08%2FCentral-de-Talentos.jpg&amp;q=90&amp;w=160&amp;h=106&amp;zc=1\" alt=\"La central de talentos: una alternativa econ\u00f3mica en Oaxaca\" \/><\/a><\/p>\n<p>eloriente.net 30\/agosto\/2014 Por: Jos\u00e9 Pablo Salas Las recientes crisis en el sistema econ\u00f3mico mundial, as\u00ed como la necesidad de encontrar alternativas que vuelvan m\u00e1s sustentable el intercambio de servicios llevaron a un grupo de emprendedores a crear la Central de Talentos, en Oaxaca. La Central de Talentos es un banco de horas que sigue un [&#8230;]<\/p>\n<p>August 30, 2014<\/p>\n<\/div>\n\n\t\t\t  <div \n\t\t\t  \tclass = \"fb-comments\" \n\t\t\t  \tdata-href = \"http:\/\/www.eloriente.net\/home\/2014\/09\/01\/compromisos-de-pena-nieto-para-oaxaca\/\"\n\t\t\t  \tdata-numposts = \"10\"\n\t\t\t\tdata-colorscheme = \"dark\"\n\t\t\t\tdata-order-by = \"social\"\n\t\t\t\tdata-mobile=true>\n\t\t\t  <\/div>\n\t\t  <style>\n\t\t\t.fb_iframe_widget_fluid_desktop iframe {\n\t\t\t    width: 100% !important;\n\t\t\t}\n\t\t  <\/style>\n\t\t  ","protected":false},"excerpt":{"rendered":"<p>eloriente.net 1\/septiembre\/2014 eloriente.net (Oaxaca, M\u00e9xico, a 1 de septiembre de 2014).- Enrique Pe\u00f1a Nieto, como candidato a la Presidencia de la Rep\u00fablica en 2012, firm\u00f3 ante notario p\u00fablico una lista de 266 compromisos que habr\u00eda de cumplir en caso de ser electo tal y como sucedi\u00f3 en julio de ese mismo a\u00f1o. Algunos de esos [&hellip;]<\/p>\n","protected":false},"author":1,"featured_media":28085,"comment_status":"open","ping_status":"open","sticky":false,"template":"","format":"standard","meta":{"_jetpack_memberships_contains_paid_content":false,"footnotes":""},"categories":[32,13,63,24,464,21,31],"tags":[2542,73,929],"class_list":["post-31694","post","type-post","status-publish","format-standard","has-post-thumbnail","hentry","category-entradas","category-especiales","category-estados","category-mexico-y-el-mundo","category-oaxaca-estados","category-politica-y-gobierno","category-principal","tag-compromisos","tag-oaxaca","tag-pena-nieto"],"jetpack_featured_media_url":"http:\/\/www.eloriente.net\/home\/wp-content\/uploads\/2014\/06\/Pe\u00f1a-Nieto-Por-Presidencia-de-la-Rep\u00fablica-Mexicana-e1409587085296.jpg","jetpack_sharing_enabled":true,"_links":{"self":[{"href":"http:\/\/www.eloriente.net\/home\/wp-json\/wp\/v2\/posts\/31694"}],"collection":[{"href":"http:\/\/www.eloriente.net\/home\/wp-json\/wp\/v2\/posts"}],"about":[{"href":"http:\/\/www.eloriente.net\/home\/wp-json\/wp\/v2\/types\/post"}],"author":[{"embeddable":true,"href":"http:\/\/www.eloriente.net\/home\/wp-json\/wp\/v2\/users\/1"}],"replies":[{"embeddable":true,"href":"http:\/\/www.eloriente.net\/home\/wp-json\/wp\/v2\/comments?post=31694"}],"version-history":[{"count":6,"href":"http:\/\/www.eloriente.net\/home\/wp-json\/wp\/v2\/posts\/31694\/revisions"}],"predecessor-version":[{"id":31718,"href":"http:\/\/www.eloriente.net\/home\/wp-json\/wp\/v2\/posts\/31694\/revisions\/31718"}],"wp:featuredmedia":[{"embeddable":true,"href":"http:\/\/www.eloriente.net\/home\/wp-json\/wp\/v2\/media\/28085"}],"wp:attachment":[{"href":"http:\/\/www.eloriente.net\/home\/wp-json\/wp\/v2\/media?parent=31694"}],"wp:term":[{"taxonomy":"category","embeddable":true,"href":"http:\/\/www.eloriente.net\/home\/wp-json\/wp\/v2\/categories?post=31694"},{"taxonomy":"post_tag","embeddable":true,"href":"http:\/\/www.eloriente.net\/home\/wp-json\/wp\/v2\/tags?post=31694"}],"curies":[{"name":"wp","href":"https:\/\/api.w.org\/{rel}","templated":true}]}}