{"id":31695,"date":"2014-08-30T12:44:24","date_gmt":"2014-08-30T18:44:24","guid":{"rendered":"http:\/\/www.eloriente.net\/home\/?p=31695"},"modified":"2014-08-30T12:44:24","modified_gmt":"2014-08-30T18:44:24","slug":"recuerdan-en-oaxaca-a-mario-torres-marquez","status":"publish","type":"post","link":"http:\/\/www.eloriente.net\/home\/2014\/08\/30\/recuerdan-en-oaxaca-a-mario-torres-marquez\/","title":{"rendered":"Recuerdan en Oaxaca a Mario Torres M\u00e1rquez"},"content":{"rendered":"<p>eloriente.net\/Municipio de Oaxaca<\/p>\n<p>30 de agosto de 2014<\/p>\n<p>En la conmemoraci\u00f3n del tercer aniversario del ex presidente municipal interino del municipio de Oaxaca de Ju\u00e1rez, Mario Torres M\u00e1rquez, el edil capitalino Javier Villaca\u00f1a Jim\u00e9nez particip\u00f3 en un homenaje p\u00f3stumo, donde hizo un reconocimiento a su gran labor realizada en favor de la comunidad oaxaque\u00f1a.<\/p>\n<p>Acompa\u00f1ado del hijo de Don Mario Torres M\u00e1rquez, Oscar Humberto Torres, el mandatario capitalino \u00a0enumer\u00f3 las cualidades y aportaciones del homenajeado en los \u00e1mbitos empresarial, pol\u00edtico y social de la ciudad de Oaxaca.<\/p>\n<p>Ante decenas de personas reunidas en la Casa de la Ciudad, edificio que fue rescatado por el ex presidente Mario Torres M\u00e1rquez; Javier Villaca\u00f1a record\u00f3 cada uno de los trabajos que realiz\u00f3 durante su vida que ayud\u00f3 al desarrollo del municipio de Oaxaca, entre ellas, la creaci\u00f3n de la Uni\u00f3n de Cr\u00e9dito Industrial, as\u00ed como otros organismos de fomento financiero.<\/p>\n<p>En tanto que en el \u00e1mbito pol\u00edtico, fue presidente distrital de la Comisi\u00f3n Federal Electoral, regidor de Hacienda y posteriormente Presidente Interino de esta ciudad capital. \u201cLa figura de Don Mario es insustituible,\u00a0 ya que fue hombre de lucha y esfuerzo,\u00a0 as\u00ed como de respeto, ya que no hacia distinci\u00f3n\u201d.<\/p>\n<p>Durante el desarrollo del homenaje, el edil capitalino, record\u00f3 tambi\u00e9n las ense\u00f1anzas personales de Torres M\u00e1rquez, destacando ante los presentes una frase que fuera utilizada com\u00fanmente por el exconcejal \u201clos grandes hombres son como los oc\u00e9anos, que se nutren de todas las corrientes\u201d.<\/p>\n<p>Por su parte, el hijo del expresidente Mario Torres M\u00e1rquez, Oscar Humberto Torres, coment\u00f3 los recuerdos del pasado que vivi\u00f3 junto a sus padres,\u00a0 y cada una de las ense\u00f1anzas dejadas desde el d\u00eda de su muerte.<\/p>\n<p>En su oportunidad, el Cronista Oaxaque\u00f1o, Rub\u00e9n Vasconcelos Beltr\u00e1n, dio lectura a unas l\u00edneas escritas por \u00e9l, que viajaban al pasado, desde c\u00f3mo fue que conoci\u00f3 a Mario Torres y cada una de las aportaciones hechas para nuestra ciudad capital.<\/p>\n<p><a href=\"http:\/\/www.eloriente.net\/home\/wp-content\/uploads\/2014\/08\/Homenaje-a-Mario-Torres-9MUNICIPIO.jpg\"><img loading=\"lazy\" decoding=\"async\" class=\"alignnone size-medium wp-image-31696\" title=\"Homenaje a Mario Torres-9MUNICIPIO\" src=\"http:\/\/www.eloriente.net\/home\/wp-content\/uploads\/2014\/08\/Homenaje-a-Mario-Torres-9MUNICIPIO-300x149.jpg\" alt=\"\" width=\"300\" height=\"149\" srcset=\"http:\/\/www.eloriente.net\/home\/wp-content\/uploads\/2014\/08\/Homenaje-a-Mario-Torres-9MUNICIPIO-300x149.jpg 300w, http:\/\/www.eloriente.net\/home\/wp-content\/uploads\/2014\/08\/Homenaje-a-Mario-Torres-9MUNICIPIO-1024x508.jpg 1024w, http:\/\/www.eloriente.net\/home\/wp-content\/uploads\/2014\/08\/Homenaje-a-Mario-Torres-9MUNICIPIO.jpg 1200w\" sizes=\"(max-width: 300px) 100vw, 300px\" \/><\/a><\/p>\n<p>FOTO: De derecha a izquierda: Ruben Vasconcelos Beltr\u00e1n, Javier Villaca\u00f1a Jim\u00e9nez y Oscar Humberto Torres.<\/p>\n<p><a href=\"http:\/\/www.eloriente.net\/home\/wp-content\/uploads\/2014\/08\/Homenaje-a-Mario-Torres-MUNICIPIO.jpg\"><img loading=\"lazy\" decoding=\"async\" class=\"alignnone size-medium wp-image-31697\" title=\"Homenaje a Mario Torres-MUNICIPIO\" src=\"http:\/\/www.eloriente.net\/home\/wp-content\/uploads\/2014\/08\/Homenaje-a-Mario-Torres-MUNICIPIO-300x151.jpg\" alt=\"\" width=\"300\" height=\"151\" srcset=\"http:\/\/www.eloriente.net\/home\/wp-content\/uploads\/2014\/08\/Homenaje-a-Mario-Torres-MUNICIPIO-300x151.jpg 300w, http:\/\/www.eloriente.net\/home\/wp-content\/uploads\/2014\/08\/Homenaje-a-Mario-Torres-MUNICIPIO-1024x516.jpg 1024w, http:\/\/www.eloriente.net\/home\/wp-content\/uploads\/2014\/08\/Homenaje-a-Mario-Torres-MUNICIPIO.jpg 1200w\" sizes=\"(max-width: 300px) 100vw, 300px\" \/><\/a><\/p>\n<p>Foto: Familiares y amigos de Mario Torres.<\/p>\n<address><strong>OTRAS ENTRADAS:<\/strong><\/address>\n<div id=\"post-31670\">\n<p><a title=\"Permalink to Irregular Apertura 2014 de Alebrijes de Oaxaca\" href=\"http:\/\/www.eloriente.net\/home\/2014\/08\/30\/irregular-apertura-2014-de-alebrijes-de-oaxaca\/\" rel=\"bookmark\">Irregular Apertura 2014 de Alebrijes de Oaxaca<\/a><\/p>\n<p><a href=\"http:\/\/www.eloriente.net\/home\/2014\/08\/30\/irregular-apertura-2014-de-alebrijes-de-oaxaca\/\" rel=\"bookmark\"><img decoding=\"async\" title=\"Irregular Apertura 2014 de Alebrijes de Oaxaca\" src=\"http:\/\/www.eloriente.net\/home\/wp-content\/themes\/city-desk\/timthumb.php?src=http%3A%2F%2Fwww.eloriente.net%2Fhome%2Fwp-content%2Fuploads%2F2014%2F08%2FBrijes.jpg&amp;q=90&amp;w=160&amp;h=106&amp;zc=1\" alt=\"Irregular Apertura 2014 de Alebrijes de Oaxaca\" \/><\/a>eloriente.net 30\/agosto\/2014 Con la disputa este s\u00e1bado a las 19 horas del partido entre Alebrijes y Zacatepec, se rebasa la mitad del torneo en el Ascenso MX, pues para esta edici\u00f3n de Apertura 2014 solo se jugar\u00e1n 13 fechas. Es un buen momento para recapitular lo hecho por el cuadro oaxaque\u00f1o en su tercer torneo, [&#8230;]<\/p>\n<p>August 30, 2014<\/p>\n<\/div>\n<div id=\"post-31642\">\n<p><a title=\"Permalink to Propuesta para proteger derechos de personas adultas mayores\" href=\"http:\/\/www.eloriente.net\/home\/2014\/08\/29\/propuesta-para-proteger-derechos-de-personas-adultas-mayores\/\" rel=\"bookmark\">Propuesta para proteger derechos de personas adultas mayores<\/a><\/p>\n<p><a href=\"http:\/\/www.eloriente.net\/home\/2014\/08\/29\/propuesta-para-proteger-derechos-de-personas-adultas-mayores\/\" rel=\"bookmark\"><img decoding=\"async\" title=\"Propuesta para proteger derechos de personas adultas mayores\" src=\"http:\/\/www.eloriente.net\/home\/wp-content\/themes\/city-desk\/timthumb.php?src=http%3A%2F%2Fwww.eloriente.net%2Fhome%2Fwp-content%2Fuploads%2F2014%2F08%2FIniciativa-de-ley-adultos-mayores-06-e1409324782195.jpg&amp;q=90&amp;w=160&amp;h=106&amp;zc=1\" alt=\"Propuesta para proteger derechos de personas adultas mayores\" \/><\/a>eloriente.net 29\/agosto\/2014 Para garantizar la protecci\u00f3n de los derechos de las personas adultas mayores, el comit\u00e9 municipal para el Desarrollo integral de la Familia (DIF), que preside Ver\u00f3nica Quevedo de Villaca\u00f1a, entreg\u00f3 a la diputada Martha Alicia Escamilla Le\u00f3n, la propuesta de iniciativa con proyecto de decreto por el que se crea la ley de [&#8230;]<\/p>\n<p>August 29, 2014<\/p>\n<\/div>\n<p><a title=\"Permalink to Espiritualidad o religiosidad\" href=\"http:\/\/www.eloriente.net\/home\/2014\/08\/29\/espiritualidad-o-religiosidad\/\" rel=\"bookmark\">Espiritualidad o religiosidad<\/a><\/p>\n<p><a href=\"http:\/\/www.eloriente.net\/home\/2014\/08\/29\/espiritualidad-o-religiosidad\/\" rel=\"bookmark\"><img decoding=\"async\" title=\"Espiritualidad o religiosidad\" src=\"http:\/\/www.eloriente.net\/home\/wp-content\/themes\/city-desk\/timthumb.php?src=http%3A%2F%2Fwww.eloriente.net%2Fhome%2Fwp-content%2Fuploads%2F2014%2F08%2FJG-Rajarshi-MITRA.jpg&amp;q=90&amp;w=160&amp;h=106&amp;zc=1\" alt=\"Espiritualidad o religiosidad\" \/><\/a><\/p>\n<p>eloriente.net 29\/agosto\/2014 Tener un credo o creencias como una verdad absoluta no te hacen espiritual . Es casi hipn\u00f3tico cuando empiezas a considerar y asociar tus creencias a tu identidad, estas te van creando separaci\u00f3n en tu dimensi\u00f3n espiritual. Muchas personas est\u00e1n sobre-identificadas y condicionadas por sus pensamientos y con su mente en un af\u00e1n [&#8230;]<\/p>\n<p>August 29, 2014<\/p>\n<p>&nbsp;<\/p>\n\n\t\t\t  <div \n\t\t\t  \tclass = \"fb-comments\" \n\t\t\t  \tdata-href = \"http:\/\/www.eloriente.net\/home\/2014\/08\/30\/recuerdan-en-oaxaca-a-mario-torres-marquez\/\"\n\t\t\t  \tdata-numposts = \"10\"\n\t\t\t\tdata-colorscheme = \"dark\"\n\t\t\t\tdata-order-by = \"social\"\n\t\t\t\tdata-mobile=true>\n\t\t\t  <\/div>\n\t\t  <style>\n\t\t\t.fb_iframe_widget_fluid_desktop iframe {\n\t\t\t    width: 100% !important;\n\t\t\t}\n\t\t  <\/style>\n\t\t  ","protected":false},"excerpt":{"rendered":"<p>eloriente.net\/Municipio de Oaxaca 30 de agosto de 2014 En la conmemoraci\u00f3n del tercer aniversario del ex presidente municipal interino del municipio de Oaxaca de Ju\u00e1rez, Mario Torres M\u00e1rquez, el edil capitalino Javier Villaca\u00f1a Jim\u00e9nez particip\u00f3 en un homenaje p\u00f3stumo, donde hizo un reconocimiento a su gran labor realizada en favor de la comunidad oaxaque\u00f1a. Acompa\u00f1ado [&hellip;]<\/p>\n","protected":false},"author":1,"featured_media":31697,"comment_status":"open","ping_status":"open","sticky":false,"template":"","format":"standard","meta":{"_jetpack_memberships_contains_paid_content":false,"footnotes":""},"categories":[29,1588,32,63,10,23,464,31],"tags":[],"class_list":["post-31695","post","type-post","status-publish","format-standard","has-post-thumbnail","hentry","category-capital","category-comunicados-y-boletines","category-entradas","category-estados","category-lo-mas-reciente","category-municipios","category-oaxaca-estados","category-principal"],"jetpack_featured_media_url":"http:\/\/www.eloriente.net\/home\/wp-content\/uploads\/2014\/08\/Homenaje-a-Mario-Torres-MUNICIPIO.jpg","jetpack_sharing_enabled":true,"_links":{"self":[{"href":"http:\/\/www.eloriente.net\/home\/wp-json\/wp\/v2\/posts\/31695"}],"collection":[{"href":"http:\/\/www.eloriente.net\/home\/wp-json\/wp\/v2\/posts"}],"about":[{"href":"http:\/\/www.eloriente.net\/home\/wp-json\/wp\/v2\/types\/post"}],"author":[{"embeddable":true,"href":"http:\/\/www.eloriente.net\/home\/wp-json\/wp\/v2\/users\/1"}],"replies":[{"embeddable":true,"href":"http:\/\/www.eloriente.net\/home\/wp-json\/wp\/v2\/comments?post=31695"}],"version-history":[{"count":2,"href":"http:\/\/www.eloriente.net\/home\/wp-json\/wp\/v2\/posts\/31695\/revisions"}],"predecessor-version":[{"id":31699,"href":"http:\/\/www.eloriente.net\/home\/wp-json\/wp\/v2\/posts\/31695\/revisions\/31699"}],"wp:featuredmedia":[{"embeddable":true,"href":"http:\/\/www.eloriente.net\/home\/wp-json\/wp\/v2\/media\/31697"}],"wp:attachment":[{"href":"http:\/\/www.eloriente.net\/home\/wp-json\/wp\/v2\/media?parent=31695"}],"wp:term":[{"taxonomy":"category","embeddable":true,"href":"http:\/\/www.eloriente.net\/home\/wp-json\/wp\/v2\/categories?post=31695"},{"taxonomy":"post_tag","embeddable":true,"href":"http:\/\/www.eloriente.net\/home\/wp-json\/wp\/v2\/tags?post=31695"}],"curies":[{"name":"wp","href":"https:\/\/api.w.org\/{rel}","templated":true}]}}