{"id":31702,"date":"2014-09-01T01:00:09","date_gmt":"2014-09-01T07:00:09","guid":{"rendered":"http:\/\/www.eloriente.net\/home\/?p=31702"},"modified":"2014-09-01T10:22:43","modified_gmt":"2014-09-01T16:22:43","slug":"oaxaca-unica-entidad-sin-visita-de-pena-nieto","status":"publish","type":"post","link":"http:\/\/www.eloriente.net\/home\/2014\/09\/01\/oaxaca-unica-entidad-sin-visita-de-pena-nieto\/","title":{"rendered":"Oaxaca, \u00fanica entidad sin visita de Pe\u00f1a Nieto"},"content":{"rendered":"<p>eloriente.net<\/p>\n<p>1\/septiembre\/2014<\/p>\n<p>Cerca de cumplir dos a\u00f1os como Presidente de M\u00e9xico, Enrique Pe\u00f1a Nieto ha realizado giras de trabajo y visitas oficiales a numerosos estados de la rep\u00fablica y pa\u00edses en el mundo. A inicios de 2014, estados como Sonora o Baja California Sur, fueron visitados por el mandatario, hecho que convierte a Oaxaca en la \u00fanica entidad federativa que no ha recibido al presidente.<\/p>\n<p>Para <a href=\"http:\/\/mexico.cnn.com\/nacional\/2013\/08\/31\/pena-nieto-evita-ir-a-cinco-estados-con-conflictos\" target=\"_blank\">agosto de 2013<\/a>, Pe\u00f1a Nieto hab\u00eda realizado 63 visitas a 26 entidades, excluyendo hasta ese momento a Michoac\u00e1n, Baja California Sur, Sonora, Tamaulipas y Oaxaca; contabilizando mayor n\u00famero de presencias el Estado de M\u00e9xico (8) y Veracruz (5).<\/p>\n<p>Ya en este a\u00f1o, se complet\u00f3 la visita a Tamaulipas que hab\u00eda sido cancelada dos veces en 2013. En marzo 2014, inaugur\u00f3 una planta de energ\u00eda solar en Baja California Sur y un mes despu\u00e9s realiz\u00f3 la primera visita a Sonora. Finalmente, en junio de 2014 pis\u00f3 suelo michoacano por primera vez como presidente. Enrique Pe\u00f1a Nieto prometi\u00f3 visitar toda la rep\u00fablica en sus primeros 100 d\u00edas de gobierno.<\/p>\n<p>En el plano internacional, al concluir su <a href=\"http:\/\/www.24-horas.mx\/pena-nieto-un-ano-de-viajes-a-16-paises\/\" target=\"_blank\">primer<\/a> a\u00f1o de gobierno, Pe\u00f1a Nieto hab\u00eda visitado 16 pa\u00edses, que inclu\u00edan Chile, Uruguay, Costa Rica, Venezuela, China, Jap\u00f3n, Colombia, Irlanda del Norte, entre otros. Para este 2014, algunas de las naciones que han recibido al presidente mexicano son Colombia, Ecuador, Chile, El Vaticano y Estados Unidos.<\/p>\n<p>\u00bfQu\u00e9 pasa con Oaxaca? En abril de 2013, medios locales difundieron la presencia del mandatario para inaugurar un penal de alta seguridad, misma que en palabras del gobernador Gabino Cu\u00e9 no se produjo debido a que no se confirm\u00f3 la visita aunque los docentes de la Secci\u00f3n 22, hab\u00edan acordado d\u00edas antes \u00abaccionar de manera contundente como muestra de la posici\u00f3n pol\u00edtica del magisterio\u00bb contra las reformas laboral y educativa, si Pe\u00f1a Nieto visitaba la entidad.<\/p>\n<div>En junio de 2014, la Presidencia de la Rep\u00fablica, pospuso una visita a la Villa de Tututepec por \u00abrazones climatol\u00f3gicas\u00bb sin haber reprogramado esta gira. Hoy a 1 a\u00f1o y 9 meses (639 d\u00edas) del gobierno de Pe\u00f1a Nieto, Oaxaca es la \u00fanica entidad sin una visita del presidente.<\/p>\n<div><a href=\"http:\/\/www.eloriente.net\/home\/wp-content\/uploads\/2014\/06\/Pe\u00f1a-Nieto-Por-Presidencia-de-la-Rep\u00fablica-Mexicana.jpg\"><img loading=\"lazy\" decoding=\"async\" class=\"alignnone size-medium wp-image-28085\" title=\"Pe\u00f1a Nieto-Por Presidencia de la Rep\u00fablica Mexicana\" src=\"http:\/\/www.eloriente.net\/home\/wp-content\/uploads\/2014\/06\/Pe\u00f1a-Nieto-Por-Presidencia-de-la-Rep\u00fablica-Mexicana-300x214.jpg\" alt=\"\" width=\"300\" height=\"214\" \/><\/a><\/div>\n<div><\/div>\n<div>Foto: Archivo eloriente.net<\/div>\n<div><\/div>\n<div><strong>Entradas relacionadas:<\/strong><\/div>\n<div>\n<p><a title=\"Permalink to Embajada de EU reconoce justicia alternativa en Oaxaca\" href=\"http:\/\/www.eloriente.net\/home\/2014\/08\/29\/avances-de-oaxaca-en-justicia-alternativa-reconocidos-por-la-embajada-de-eu\/\" rel=\"bookmark\">Embajada de EU reconoce justicia alternativa en Oaxaca<\/a><\/p>\n<p><a href=\"http:\/\/www.eloriente.net\/home\/2014\/08\/29\/avances-de-oaxaca-en-justicia-alternativa-reconocidos-por-la-embajada-de-eu\/\" rel=\"bookmark\"><img decoding=\"async\" title=\"Embajada de EU reconoce justicia alternativa en Oaxaca\" src=\"http:\/\/www.eloriente.net\/home\/wp-content\/themes\/city-desk\/timthumb.php?src=http%3A%2F%2Fwww.eloriente.net%2Fhome%2Fwp-content%2Fuploads%2F2014%2F08%2FEl-titular-del-Poder-Judicial-delegaci%C3%B3n-del-Congreso-de-la-Uni%C3%B3n-y-personal-del-CJA-02.jpg&amp;q=90&amp;w=160&amp;h=106&amp;zc=1\" alt=\"Embajada de EU reconoce justicia alternativa en Oaxaca\" \/><\/a><\/p>\n<p>eloriente.net 29\/agosto\/2014 Delegaci\u00f3n de la C\u00e1mara de Diputados, el Senado de la Rep\u00fablica y la Embajada de EU se reuni\u00f3 con el titular del Poder Judicial, magistrado Alfredo Lagunas Rivera Durante doce a\u00f1os, el Centro de Mediaci\u00f3n Judicial, hoy Centro de Justicia Alternativa, ha contribuido a construir un puente de comunicaci\u00f3n entre las partes en [&#8230;]<\/p>\n<p>August 29, 2014<\/p>\n<div id=\"post-31337\">\n<p><a title=\"Permalink to Turnan Iniciativas de Ley de Educaci\u00f3n P\u00fablica a Comisiones\" href=\"http:\/\/www.eloriente.net\/home\/2014\/08\/22\/turnan-iniciativas-de-ley-de-educacion-publica-a-comisiones\/\" rel=\"bookmark\">Turnan Iniciativas de Ley de Educaci\u00f3n P\u00fablica a Comisiones<\/a><\/p>\n<p><a href=\"http:\/\/www.eloriente.net\/home\/2014\/08\/22\/turnan-iniciativas-de-ley-de-educacion-publica-a-comisiones\/\" rel=\"bookmark\"><img decoding=\"async\" title=\"Turnan Iniciativas de Ley de Educaci\u00f3n P\u00fablica a Comisiones\" src=\"http:\/\/www.eloriente.net\/home\/wp-content\/themes\/city-desk\/timthumb.php?src=http%3A%2F%2Fwww.eloriente.net%2Fhome%2Fwp-content%2Fuploads%2F2014%2F08%2FDSC_0124.jpg&amp;q=90&amp;w=160&amp;h=106&amp;zc=1\" alt=\"Turnan Iniciativas de Ley de Educaci\u00f3n P\u00fablica a Comisiones\" \/><\/a><\/p>\n<p>eloriente.net 22\/agosto\/2014 *Genera debate, tema de seguridad p\u00fablica El pleno de la LXII Legislatura turn\u00f3 a las Comisiones Unidas Permanentes de Educaci\u00f3n P\u00fablica, Programaci\u00f3n y Presupuesto, y a la de Administraci\u00f3n de Justicia, los proyectos de Ley de Educaci\u00f3n para el Estado Libre y Soberano de Oaxaca, remitidos por el Gobernador del Estado, Gabino Cu\u00e9 [&#8230;]<\/p>\n<p>August 22, 2014<\/p>\n<\/div>\n<div id=\"post-31242\">\n<p><a title=\"Permalink to Sostener a Esteva Salinas es un costoso capricho\" href=\"http:\/\/www.eloriente.net\/home\/2014\/08\/20\/sostener-a-esteva-salinas-es-un-costoso-capricho\/\" rel=\"bookmark\">Sostener a Esteva Salinas es un costoso capricho<\/a><\/p>\n<p><a href=\"http:\/\/www.eloriente.net\/home\/2014\/08\/20\/sostener-a-esteva-salinas-es-un-costoso-capricho\/\" rel=\"bookmark\"><img decoding=\"async\" title=\"Sostener a Esteva Salinas es un costoso capricho\" src=\"http:\/\/www.eloriente.net\/home\/wp-content\/themes\/city-desk\/timthumb.php?src=http%3A%2F%2Fwww.eloriente.net%2Fhome%2Fwp-content%2Fuploads%2F2013%2F01%2FSSP.jpg&amp;q=90&amp;w=160&amp;h=106&amp;zc=1\" alt=\"Sostener a Esteva Salinas es un costoso capricho\" \/><\/a>eloriente.net 20\/agosto\/2014 Por:\u00a0Adri\u00e1n Ort\u00edz Romero Titular SSP no es experto, ni pol\u00edtico. \u00bfEntonces? En ese nivel de transparencia que qui\u00e9n sabe si alg\u00fan d\u00eda lleguemos a ver los mexicanos que hoy vivimos, el Gobierno del Estado deb\u00eda explicar con claridad cu\u00e1l es la raz\u00f3n por la que sostiene en el cargo a un funcionario como [&#8230;]<\/p>\n<p>August 20, 2014<\/p>\n<\/div>\n<\/div>\n<\/div>\n\n\t\t\t  <div \n\t\t\t  \tclass = \"fb-comments\" \n\t\t\t  \tdata-href = \"http:\/\/www.eloriente.net\/home\/2014\/09\/01\/oaxaca-unica-entidad-sin-visita-de-pena-nieto\/\"\n\t\t\t  \tdata-numposts = \"10\"\n\t\t\t\tdata-colorscheme = \"dark\"\n\t\t\t\tdata-order-by = \"social\"\n\t\t\t\tdata-mobile=true>\n\t\t\t  <\/div>\n\t\t  <style>\n\t\t\t.fb_iframe_widget_fluid_desktop iframe {\n\t\t\t    width: 100% !important;\n\t\t\t}\n\t\t  <\/style>\n\t\t  ","protected":false},"excerpt":{"rendered":"<p>eloriente.net 1\/septiembre\/2014 Cerca de cumplir dos a\u00f1os como Presidente de M\u00e9xico, Enrique Pe\u00f1a Nieto ha realizado giras de trabajo y visitas oficiales a numerosos estados de la rep\u00fablica y pa\u00edses en el mundo. A inicios de 2014, estados como Sonora o Baja California Sur, fueron visitados por el mandatario, hecho que convierte a Oaxaca en [&hellip;]<\/p>\n","protected":false},"author":1,"featured_media":28085,"comment_status":"open","ping_status":"open","sticky":false,"template":"","format":"standard","meta":{"_jetpack_memberships_contains_paid_content":false,"footnotes":""},"categories":[49,32,63,24,464,21],"tags":[73,929,2541],"class_list":["post-31702","post","type-post","status-publish","format-standard","has-post-thumbnail","hentry","category-destacadas","category-entradas","category-estados","category-mexico-y-el-mundo","category-oaxaca-estados","category-politica-y-gobierno","tag-oaxaca","tag-pena-nieto","tag-visitas"],"jetpack_featured_media_url":"http:\/\/www.eloriente.net\/home\/wp-content\/uploads\/2014\/06\/Pe\u00f1a-Nieto-Por-Presidencia-de-la-Rep\u00fablica-Mexicana-e1409587085296.jpg","jetpack_sharing_enabled":true,"_links":{"self":[{"href":"http:\/\/www.eloriente.net\/home\/wp-json\/wp\/v2\/posts\/31702"}],"collection":[{"href":"http:\/\/www.eloriente.net\/home\/wp-json\/wp\/v2\/posts"}],"about":[{"href":"http:\/\/www.eloriente.net\/home\/wp-json\/wp\/v2\/types\/post"}],"author":[{"embeddable":true,"href":"http:\/\/www.eloriente.net\/home\/wp-json\/wp\/v2\/users\/1"}],"replies":[{"embeddable":true,"href":"http:\/\/www.eloriente.net\/home\/wp-json\/wp\/v2\/comments?post=31702"}],"version-history":[{"count":7,"href":"http:\/\/www.eloriente.net\/home\/wp-json\/wp\/v2\/posts\/31702\/revisions"}],"predecessor-version":[{"id":31712,"href":"http:\/\/www.eloriente.net\/home\/wp-json\/wp\/v2\/posts\/31702\/revisions\/31712"}],"wp:featuredmedia":[{"embeddable":true,"href":"http:\/\/www.eloriente.net\/home\/wp-json\/wp\/v2\/media\/28085"}],"wp:attachment":[{"href":"http:\/\/www.eloriente.net\/home\/wp-json\/wp\/v2\/media?parent=31702"}],"wp:term":[{"taxonomy":"category","embeddable":true,"href":"http:\/\/www.eloriente.net\/home\/wp-json\/wp\/v2\/categories?post=31702"},{"taxonomy":"post_tag","embeddable":true,"href":"http:\/\/www.eloriente.net\/home\/wp-json\/wp\/v2\/tags?post=31702"}],"curies":[{"name":"wp","href":"https:\/\/api.w.org\/{rel}","templated":true}]}}