{"id":31722,"date":"2014-09-01T07:58:54","date_gmt":"2014-09-01T13:58:54","guid":{"rendered":"http:\/\/www.eloriente.net\/home\/?p=31722"},"modified":"2014-09-01T07:58:54","modified_gmt":"2014-09-01T13:58:54","slug":"desorden-como-no-creer-que-no-hay-legalidad","status":"publish","type":"post","link":"http:\/\/www.eloriente.net\/home\/2014\/09\/01\/desorden-como-no-creer-que-no-hay-legalidad\/","title":{"rendered":"Desorden: \u00bfc\u00f3mo no creer que no hay legalidad?"},"content":{"rendered":"<p>eloriente.net<\/p>\n<p>1\/septiembre\/2014<\/p>\n<p>Presi\u00f3n, institucionalizada; lucha social, en pleno<\/p>\n<p>En las \u00faltimas semanas hemos visto c\u00f3mo en Oaxaca la legalidad se ha relajado hasta l\u00edmites insospechados. No es la primera vez que la autoridad estatal se queda arrinconada ante los grupos que organizadamente protestan y, rompiendo el orden, exigen respuesta a demandas que no siempre son leg\u00edtimas. \u00bfVale la pena hoy tolerar que organizaciones y sindicatos sigan en esa din\u00e1mica indefinidamente? Es urgente tomar conciencia de ello.<\/p>\n<p>En efecto, si hacemos un recuento de las acciones de protesta de grupos sociales ocurridas en las \u00faltimas semanas, veremos c\u00f3mo cada vez hay m\u00e1s lejan\u00eda entre los postulados \u201csociales\u201d tradicionales y las demandas y disputas que hoy motivan las acciones de violencia. La Secci\u00f3n 22 del SNTE, por ejemplo, mantiene la ocupaci\u00f3n de la plaza principal de la capital oaxaque\u00f1a, la cual est\u00e1 aparentemente justificada por las negociaciones que llevan a cabo con el Gobierno del Estado y la Secretar\u00eda de Gobernaci\u00f3n por la aplicaci\u00f3n de la reforma educativa.<\/p>\n<p>Quiz\u00e1 esa parte sea relativamente comprensible, pero no que le hayan abierto el paso a docenas de vendedores ambulantes que hoy aprovechan la presencia magisterial en el z\u00f3calo y alameda de la capital oaxaque\u00f1a, para comerciar productos sin ning\u00fan tipo de regulaci\u00f3n, y respondiendo a intereses que no quedan claros \u2013es m\u00e1s, ni los abordan, dej\u00e1ndolos deliberadamente como invisibles- ni en las negociaciones con el gobierno, ni en las justificaciones que el magisterio ofrece a la ciudadan\u00eda, y tampoco en los acuerdos que toma la Secci\u00f3n 22 al interior de su Asamblea Estatal.<\/p>\n<p>Si esta violaci\u00f3n al orden p\u00fablico doblemente aberrante, ocurre a plena luz del d\u00eda y a la vista de todos, en Oaxaca tambi\u00e9n la autoridad est\u00e1 traspasando los l\u00edmites de la tolerancia en otras cuestiones que tambi\u00e9n la ciudadan\u00eda comienza a ver sin sorprenderse. \u00bfNos hemos detenido a pensar, por ejemplo, el grado de impunidad y laxitud que hoy en d\u00eda tolera el gobierno al magisterio, como para que \u00e9ste sea capaz de ir a tomar, por varios d\u00edas seguidos, las oficinas de una compa\u00f1\u00eda privada, sin que nadie los moleste tanto por la agresi\u00f3n y el acto de presi\u00f3n que est\u00e1n cometiendo en contra de un particular, como tambi\u00e9n por el hecho de que con su protesta rompen todav\u00eda m\u00e1s el orden y el derecho de paso de toda la poblaci\u00f3n?<\/p>\n<p>Algo muy similar ocurre con las acciones que en las \u00faltimas semanas ha emprendido la Secci\u00f3n 22 en contra de las oficinas de la Secci\u00f3n 59, de legisladores priistas, de edificios p\u00fablicos, de negociaciones, y de todos los que de alguna forma se cruzan en su camino. El gobierno apenas si alcanza a argumentar que la din\u00e1mica social y pol\u00edtica de Oaxaca es compleja y llena de particularidades, pero sin aceptar que hoy en d\u00eda estamos dando pasos irremediables hacia una crisis profunda en cuanto a la noci\u00f3n de orden y a la capacidad que debe tener \u2013y no tiene- el Estado para asumirse como autoridad.<\/p>\n<p>\u00bfQu\u00e9 debemos esperar que pase con la Secci\u00f3n 22? \u00bfQue sitie nuevamente la capital de Oaxaca y decida romper el orden a gran escala, como ya lo han hecho en el pasado? \u00bfPor qu\u00e9 nadie le pide cuentas al magisterio ya no de los vidrios que ha roto y de las negociaciones que ha da\u00f1ado en sus jornadas de lucha, sino de su oprobiosa tolerancia a la presencia de vendedores ambulantes en el z\u00f3calo citadino? \u00bfSabemos, por ejemplo, a qui\u00e9n le sirven y mantienen todos los vendedores ambulantes que hoy se encuentran auspiciados y cobijados por el plant\u00f3n que mantienen los trabajadores de la educaci\u00f3n en z\u00f3calo citadino? Si s\u00ed lo sabemos, entonces alguien deber\u00eda hacer algo. El problema es que la autoridad asume la posici\u00f3n de tolerante y democr\u00e1tica para maquillar lo asustadiza que es; y la ciudadan\u00eda se queda indefensa ante acciones que son cada vez m\u00e1s lesivas y violentas.<\/p>\n<p>TODOS CONTRA TODOS<\/p>\n<p>La Macro Plaza tiene menos de una semana en funcionamiento, pero ya lleva m\u00e1s protestas que d\u00edas laborados. A ese lugar han ido a manifestarse transportistas, materialistas, profesores, taxistas y mototaxistas, que en realidad podr\u00edan tambi\u00e9n responder a las autoridades municipales corruptas que desean tener una participaci\u00f3n en el \u201c\u00e1rea de oportunidad\u201d que ofrece la macroplaza a trav\u00e9s de la tolerancia a la corrupci\u00f3n.<\/p>\n<p>Hace unos d\u00edas, por ejemplo, se fueron a manifestar taxistas que quer\u00edan ser \u201crespetados\u201d en los espacios que dicen que les pertenecen en la nueva plaza comercial, ubicada en jurisdicci\u00f3n de Santa Luc\u00eda del Camino. Esa \u201cpertenencia\u201d est\u00e1 basada en realidad, en una \u00fanica creencia de que la territorialidad tambi\u00e9n significa un derecho f\u00e1ctico que en ese caso est\u00e1 a su favor. Por eso, aquellos taxistas fueron a protestar y a agredir a otras organizaciones, como si en realidad no existiera una autoridad de la materia, que en el \u00faltimo de los casos debiera ser la encargada de regular todas esas cuestiones, y no dejarse chantajear por ninguna organizaci\u00f3n, por numerosa que fuera.<\/p>\n<p>El problema, en este caso, es que la noci\u00f3n de la legalidad y el sentido de la autoridad est\u00e1 totalmente rebasada. S\u00f3lo as\u00ed puede entenderse que no haya noci\u00f3n entre las organizaciones de que primero debe estar la ley y despu\u00e9s la fuerza, o de que ellos no pueden pensar s\u00f3lo en agredir a todos los que se cruzan en su camino tratando siempre de imponer su criterio y sus intereses por la fuerza, y ya sin antes mediar el di\u00e1logo o respetar las acciones que pudiera emprender la autoridad para tratar de controlar situaciones de esta naturaleza.<\/p>\n<p>Nada de eso ocurre hoy en d\u00eda, y eso es preocupante. Ya no se trata s\u00f3lo de que la lucha sea entre grupos y el gobierno, sino que hoy \u00e9sta se da, en los mismos t\u00e9rminos, entre gremios y particulares, entre organizaciones de un mismo ramo, o entre \u00e1mbitos de gobierno que azuzan a grupos sociales para que vayan a protestar en contra de otros \u00e1mbitos de gobierno.<\/p>\n<p>AUTORIDAD, AUSENTE<\/p>\n<p>Esa p\u00e9rdida de la noci\u00f3n de autoridad puede no tener retorno si la \u00fanica intenci\u00f3n de la autoridad, es la de seguir dando largas y canonj\u00edas a quienes deber\u00edan ser controlados pero tienen contra la pared a quien debiera ser la autoridad, pero no lo parece. Por eso, hoy la lucha social vive momentos de desenfreno que ser\u00e1n muy dif\u00edciles de remediar cuando se den cuenta que la tolerancia s\u00f3lo sirve para concentrar m\u00e1s los vicios que hoy se permiten.<\/p>\n<p><a href=\"http:\/\/www.eloriente.net\/home\/wp-content\/uploads\/2014\/07\/Maestros-Por-Secci\u00f3n-22.jpg\"><img loading=\"lazy\" decoding=\"async\" class=\"alignnone size-medium wp-image-29935\" src=\"http:\/\/www.eloriente.net\/home\/wp-content\/uploads\/2014\/07\/Maestros-Por-Secci\u00f3n-22-300x199.jpg\" alt=\"\" width=\"300\" height=\"199\" srcset=\"http:\/\/www.eloriente.net\/home\/wp-content\/uploads\/2014\/07\/Maestros-Por-Secci\u00f3n-22-300x199.jpg 300w, http:\/\/www.eloriente.net\/home\/wp-content\/uploads\/2014\/07\/Maestros-Por-Secci\u00f3n-22-1024x682.jpg 1024w\" sizes=\"(max-width: 300px) 100vw, 300px\" \/><\/a><\/p>\n<p>Foto: Archivo eloriente.net<\/p>\n<p><strong>Entradas relacionadas:<\/strong><\/p>\n<p><a title=\"Permalink to \u00bfDe veras no habr\u00e1 influyentismo en elecci\u00f3n de OPL\u2019s?\" href=\"http:\/\/www.eloriente.net\/home\/2014\/08\/29\/de-veras-no-habra-influyentismo-en-eleccion-de-opls\/\" rel=\"bookmark\">\u00bfDe veras no habr\u00e1 influyentismo en elecci\u00f3n de OPL\u2019s?<\/a><\/p>\n<p><a href=\"http:\/\/www.eloriente.net\/home\/2014\/08\/29\/de-veras-no-habra-influyentismo-en-eleccion-de-opls\/\" rel=\"bookmark\"><img decoding=\"async\" src=\"http:\/\/www.eloriente.net\/home\/wp-content\/themes\/city-desk\/timthumb.php?src=http%3A%2F%2Fwww.eloriente.net%2Fhome%2Fwp-content%2Fuploads%2F2014%2F08%2FINE-Archivo-eloriente.net_.jpg&amp;q=90&amp;w=160&amp;h=106&amp;zc=1\" alt=\"\u00bfDe veras no habr\u00e1 influyentismo en elecci\u00f3n de OPL\u2019s?\" \/><\/a><\/p>\n<p>eloriente.net 29\/agosto\/2014 Por:\u00a0Adri\u00e1n Ort\u00edz Romero INE debe dar m\u00e1s certezas sobre proceso de elecci\u00f3n Desde hace algunas semanas se desarrolla el proceso de selecci\u00f3n de quienes integrar\u00e1n el Organismo P\u00fablico Local (OPL) del Instituto Nacional Electoral (INE), que sustituir\u00e1 al Instituto Estatal Electoral y de Participaci\u00f3n Ciudadana de Oaxaca (IEEPCO). La elecci\u00f3n de los consejeros [&#8230;]<\/p>\n<p>August 29, 2014<\/p>\n<div>\n<p><a title=\"Permalink to Impunidad en la funci\u00f3n p\u00fablica, a la vista de todos\" href=\"http:\/\/www.eloriente.net\/home\/2014\/08\/27\/impunidad-en-la-funcion-publica-a-la-vista-de-todos\/\" rel=\"bookmark\">Impunidad en la funci\u00f3n p\u00fablica, a la vista de todos<\/a><\/p>\n<p><a href=\"http:\/\/www.eloriente.net\/home\/2014\/08\/27\/impunidad-en-la-funcion-publica-a-la-vista-de-todos\/\" rel=\"bookmark\"><img decoding=\"async\" src=\"http:\/\/www.eloriente.net\/home\/wp-content\/themes\/city-desk\/timthumb.php?src=http%3A%2F%2Fwww.eloriente.net%2Fhome%2Fwp-content%2Fuploads%2F2014%2F08%2FJusticia-Chris-Potter.jpg&amp;q=90&amp;w=160&amp;h=106&amp;zc=1\" alt=\"Impunidad en la funci\u00f3n p\u00fablica, a la vista de todos\" \/><\/a><\/p>\n<p>eloriente.net 27\/agosto\/2014 ASE, incapaz de cumplir sus funciones, \u00bfpor qui\u00e9n? Estamos a poco tiempo de que termine el primer a\u00f1o de gesti\u00f3n de las autoridades municipales, y el cuarto de las autoridades estatales, y s\u00f3lo podemos tener una seguridad: que la instancia fiscalizadora ser\u00e1 incapaz de revisar las cuentas de cada uno de los ayuntamientos, [&#8230;]<\/p>\n<p>August 27, 2014<\/p>\n<\/div>\n<div>\n<p><a title=\"Permalink to \u00bfDe verdad va a servir la reducci\u00f3n del Congreso?\" href=\"http:\/\/www.eloriente.net\/home\/2014\/08\/25\/de-verdad-va-a-servir-la-reduccion-del-congreso\/\" rel=\"bookmark\">\u00bfDe verdad va a servir la reducci\u00f3n del Congreso?<\/a><\/p>\n<p><a href=\"http:\/\/www.eloriente.net\/home\/2014\/08\/25\/de-verdad-va-a-servir-la-reduccion-del-congreso\/\" rel=\"bookmark\"><img decoding=\"async\" src=\"http:\/\/www.eloriente.net\/home\/wp-content\/themes\/city-desk\/timthumb.php?src=http%3A%2F%2Fwww.eloriente.net%2Fhome%2Fwp-content%2Fuploads%2F2013%2F12%2Fsenado1.jpg&amp;q=90&amp;w=160&amp;h=106&amp;zc=1\" alt=\"\u00bfDe verdad va a servir la reducci\u00f3n del Congreso?\" \/><\/a><\/p>\n<p>eloriente.net 25\/agosto\/2014 + Quitar legisladores resta legitimidad; \u00bfy privilegios? No es casual que apenas d\u00edas despu\u00e9s de la conclusi\u00f3n del proceso legislativo de las reformas estructurales, fuera el propio PRI quien pusiera en la discusi\u00f3n una vieja propuesta para reducir el n\u00famero de integrantes de las c\u00e1maras legislativas federales. Lejos de tener una intenci\u00f3n democratizadora, [&#8230;]<\/p>\n<p>August 25, 2014<\/p>\n<\/div>\n\n\t\t\t  <div \n\t\t\t  \tclass = \"fb-comments\" \n\t\t\t  \tdata-href = \"http:\/\/www.eloriente.net\/home\/2014\/09\/01\/desorden-como-no-creer-que-no-hay-legalidad\/\"\n\t\t\t  \tdata-numposts = \"10\"\n\t\t\t\tdata-colorscheme = \"dark\"\n\t\t\t\tdata-order-by = \"social\"\n\t\t\t\tdata-mobile=true>\n\t\t\t  <\/div>\n\t\t  <style>\n\t\t\t.fb_iframe_widget_fluid_desktop iframe {\n\t\t\t    width: 100% !important;\n\t\t\t}\n\t\t  <\/style>\n\t\t  ","protected":false},"excerpt":{"rendered":"<p>eloriente.net 1\/septiembre\/2014 Presi\u00f3n, institucionalizada; lucha social, en pleno En las \u00faltimas semanas hemos visto c\u00f3mo en Oaxaca la legalidad se ha relajado hasta l\u00edmites insospechados. No es la primera vez que la autoridad estatal se queda arrinconada ante los grupos que organizadamente protestan y, rompiendo el orden, exigen respuesta a demandas que no siempre son [&hellip;]<\/p>\n","protected":false},"author":2,"featured_media":29935,"comment_status":"open","ping_status":"open","sticky":false,"template":"","format":"standard","meta":{"_jetpack_memberships_contains_paid_content":false,"footnotes":""},"categories":[38,11,32,10],"tags":[427,2332,374],"class_list":["post-31722","post","type-post","status-publish","format-standard","has-post-thumbnail","hentry","category-adrian-ortiz-romero","category-colaboradores","category-entradas","category-lo-mas-reciente","tag-magisterio","tag-planton","tag-seccion-22"],"jetpack_featured_media_url":"http:\/\/www.eloriente.net\/home\/wp-content\/uploads\/2014\/07\/Maestros-Por-Secci\u00f3n-22.jpg","jetpack_sharing_enabled":true,"_links":{"self":[{"href":"http:\/\/www.eloriente.net\/home\/wp-json\/wp\/v2\/posts\/31722"}],"collection":[{"href":"http:\/\/www.eloriente.net\/home\/wp-json\/wp\/v2\/posts"}],"about":[{"href":"http:\/\/www.eloriente.net\/home\/wp-json\/wp\/v2\/types\/post"}],"author":[{"embeddable":true,"href":"http:\/\/www.eloriente.net\/home\/wp-json\/wp\/v2\/users\/2"}],"replies":[{"embeddable":true,"href":"http:\/\/www.eloriente.net\/home\/wp-json\/wp\/v2\/comments?post=31722"}],"version-history":[{"count":2,"href":"http:\/\/www.eloriente.net\/home\/wp-json\/wp\/v2\/posts\/31722\/revisions"}],"predecessor-version":[{"id":31724,"href":"http:\/\/www.eloriente.net\/home\/wp-json\/wp\/v2\/posts\/31722\/revisions\/31724"}],"wp:featuredmedia":[{"embeddable":true,"href":"http:\/\/www.eloriente.net\/home\/wp-json\/wp\/v2\/media\/29935"}],"wp:attachment":[{"href":"http:\/\/www.eloriente.net\/home\/wp-json\/wp\/v2\/media?parent=31722"}],"wp:term":[{"taxonomy":"category","embeddable":true,"href":"http:\/\/www.eloriente.net\/home\/wp-json\/wp\/v2\/categories?post=31722"},{"taxonomy":"post_tag","embeddable":true,"href":"http:\/\/www.eloriente.net\/home\/wp-json\/wp\/v2\/tags?post=31722"}],"curies":[{"name":"wp","href":"https:\/\/api.w.org\/{rel}","templated":true}]}}