{"id":31736,"date":"2014-09-01T10:43:16","date_gmt":"2014-09-01T16:43:16","guid":{"rendered":"http:\/\/www.eloriente.net\/home\/?p=31736"},"modified":"2014-09-01T11:21:04","modified_gmt":"2014-09-01T17:21:04","slug":"poder-judicial-impulsor-de-la-equidad-y-la-igualdad-de-genero-en-oaxaca-alr","status":"publish","type":"post","link":"http:\/\/www.eloriente.net\/home\/2014\/09\/01\/poder-judicial-impulsor-de-la-equidad-y-la-igualdad-de-genero-en-oaxaca-alr\/","title":{"rendered":"\u00abMasculinidades\u00bb, taller por el Poder Judicial y la CNDH"},"content":{"rendered":"<p>eloriente.net<\/p>\n<p>1\/septiembre\/2014<\/p>\n<p>\u2022 El magistrado Alfredo Rodrigo Lagunas Rivera inaugur\u00f3 el taller \u201cMasculinidades\u201d organizado en coordinaci\u00f3n con la CNDH y dirigido a servidores p\u00fablicos judiciales<\/p>\n<p>El titular del Poder Judicial del Estado, magistrado Alfredo Rodrigo Lagunas Rivera, reiter\u00f3 el compromiso de la instituci\u00f3n a su cargo para contribuir en la construcci\u00f3n de un nuevo modelo social m\u00e1s democr\u00e1tico, justo e igualitario, donde los derechos de cada ser humano se respeten y prevalezca una relaci\u00f3n de igualdad y convivencia arm\u00f3nica entre hombres y mujeres, as\u00ed como de consolidar esta cultura entre quienes tienen a su cargo la impartici\u00f3n de la justicia.<\/p>\n<p>Al inaugurar el taller \u201cMasculinidades\u201d organizado en coordinaci\u00f3n con la Comisi\u00f3n Nacional de Derechos Humanos (CNDH) y dirigido a jueces, juezas y servidores p\u00fablicos judiciales como parte de acciones de sensibilizaci\u00f3n en el tema de la perspectiva de g\u00e9nero, se\u00f1al\u00f3 que es necesario establecer mecanismos que promuevan en lo jur\u00eddico, laboral, civil, econ\u00f3mico, educativo, social y pol\u00edtico, la igualdad entre hombres y mujeres, para impedir que se siga limitando el goce y ejercicio de sus garant\u00edas fundamentales.<\/p>\n<p>Indic\u00f3 que el tema de la masculinidad ha tomado en los \u00faltimos a\u00f1os una exigencia social de replanteamiento con el objetivo de impulsar los procesos de institucionalizaci\u00f3n y eficacia de los derechos de las mujeres para acotar la brecha entre aquellos roles estereotipados hist\u00f3ricamente y la posibilidad de establecer relaciones igualitarias entre varones, mujeres y otras identidades sexuales, porque \u201clos hombres tambi\u00e9n ganan con la igualdad\u201d.<\/p>\n<p>En presencia de la subdirectora del programa sobre asuntos de la Ni\u00f1ez y la Familia de la CNDH, Luc\u00eda Rodr\u00edguez Quintero, quien imparti\u00f3 el taller, el magistrado Lagunas Rivera resalt\u00f3 las transformaciones de los roles de g\u00e9nero y los desajustes que se producen dentro de los papeles sexuales tradicionales con respecto a las nuevas formas m\u00e1s igualitarias de organizaci\u00f3n y relaci\u00f3n entre hombres y mujeres.<\/p>\n<p>\u201cHacerse hombre como hacerse mujer equivale a un proceso de equilibrar y preservar los derechos fundamentales\u201d, puntualiz\u00f3 en el acto en el que estuvo acompa\u00f1ado de los directores de Derechos Humanos del Consejo de la Judicatura del Estado, Marina Santiago Cuevas y de la Escuela Judicial, Mayolo Garc\u00eda Garc\u00eda<\/p>\n<p>Por su parte, la representante de la CNDH reconoci\u00f3 la labor del Poder Judicial en la implementaci\u00f3n de diversas acciones encaminadas a lograr la igualdad sustantiva entre las y los oaxaque\u00f1os y destac\u00f3 la importancia de sensibilizar en estos temas a los servidores p\u00fablicos que tienen la responsabilidad de no discriminar ni generar este tipo de situaciones.<\/p>\n<p>En el taller, que se desarroll\u00f3 durante dos d\u00edas, se abordaron temas como el concepto de masculinidad, sus caracter\u00edsticas, tipos y expresiones, efectos en las diversas esferas de la vida como la salud, la familia, la pareja y el trabajo, su ejercicio y los costos que genera adem\u00e1s de que se realiz\u00f3 un an\u00e1lisis del impacto de las masculinidades en la legislaci\u00f3n vigente, a nivel nacional.<\/p>\n<p><a href=\"http:\/\/www.eloriente.net\/home\/wp-content\/uploads\/2014\/09\/El-magistrado-Alfredo-Lagunas-Rivera-T.jpg\"><img loading=\"lazy\" decoding=\"async\" class=\"alignnone size-medium wp-image-31737\" title=\"El magistrado Alfredo Lagunas Rivera (T)\" src=\"http:\/\/www.eloriente.net\/home\/wp-content\/uploads\/2014\/09\/El-magistrado-Alfredo-Lagunas-Rivera-T-300x207.jpg\" alt=\"\" width=\"300\" height=\"207\" srcset=\"http:\/\/www.eloriente.net\/home\/wp-content\/uploads\/2014\/09\/El-magistrado-Alfredo-Lagunas-Rivera-T-300x207.jpg 300w, http:\/\/www.eloriente.net\/home\/wp-content\/uploads\/2014\/09\/El-magistrado-Alfredo-Lagunas-Rivera-T.jpg 1024w\" sizes=\"(max-width: 300px) 100vw, 300px\" \/><\/a><\/p>\n<p>Foto: H. Tribunal Superior de Justicia<\/p>\n<p><strong>Entradas relacionadas:<\/strong><\/p>\n<p><a title=\"Permalink to Capacitaci\u00f3n sobre \u00e9tica judicial para int\u00e9rpretes y traductores\" href=\"http:\/\/www.eloriente.net\/home\/2014\/08\/30\/capacitacion-sobre-etica-judicial-para-interpretes-y-traductores\/\" rel=\"bookmark\">Capacitaci\u00f3n sobre \u00e9tica judicial para int\u00e9rpretes y traductores<\/a><\/p>\n<p><a href=\"http:\/\/www.eloriente.net\/home\/2014\/08\/30\/capacitacion-sobre-etica-judicial-para-interpretes-y-traductores\/\" rel=\"bookmark\"><img decoding=\"async\" title=\"Capacitaci\u00f3n sobre \u00e9tica judicial para int\u00e9rpretes y traductores\" src=\"http:\/\/www.eloriente.net\/home\/wp-content\/themes\/city-desk\/timthumb.php?src=http%3A%2F%2Fwww.eloriente.net%2Fhome%2Fwp-content%2Fuploads%2F2014%2F08%2FInt%C3%A9rpretes-y-traductores-fueron-capacitados-sobre-%C3%A9tica-judicial-T.jpg&amp;q=90&amp;w=160&amp;h=106&amp;zc=1\" alt=\"Capacitaci\u00f3n sobre \u00e9tica judicial para int\u00e9rpretes y traductores\" \/><\/a><\/p>\n<p>eloriente.net 30\/agosto\/2014 \u2022 La consejera Elsa Ang\u00e9lica Alejo Torres, presidenta de la Comisi\u00f3n de \u00c9tica del Poder Judicial del Estado imparti\u00f3 una conferencia a integrantes del CEPIADET La confianza, credibilidad, confidencialidad, profesionalismo, imparcialidad, compromiso institucional, as\u00ed como el respeto irrestricto a los derechos humanos, son pilares para que la justicia se transforme, afirm\u00f3 la consejera [&#8230;]<\/p>\n<p>August 30, 2014<\/p>\n<div id=\"post-31636\">\n<p><a title=\"Permalink to Embajada de EU reconoce justicia alternativa en Oaxaca\" href=\"http:\/\/www.eloriente.net\/home\/2014\/08\/29\/avances-de-oaxaca-en-justicia-alternativa-reconocidos-por-la-embajada-de-eu\/\" rel=\"bookmark\">Embajada de EU reconoce justicia alternativa en Oaxaca<\/a><\/p>\n<p><a href=\"http:\/\/www.eloriente.net\/home\/2014\/08\/29\/avances-de-oaxaca-en-justicia-alternativa-reconocidos-por-la-embajada-de-eu\/\" rel=\"bookmark\"><img decoding=\"async\" title=\"Embajada de EU reconoce justicia alternativa en Oaxaca\" src=\"http:\/\/www.eloriente.net\/home\/wp-content\/themes\/city-desk\/timthumb.php?src=http%3A%2F%2Fwww.eloriente.net%2Fhome%2Fwp-content%2Fuploads%2F2014%2F08%2FEl-titular-del-Poder-Judicial-delegaci%C3%B3n-del-Congreso-de-la-Uni%C3%B3n-y-personal-del-CJA-02.jpg&amp;q=90&amp;w=160&amp;h=106&amp;zc=1\" alt=\"Embajada de EU reconoce justicia alternativa en Oaxaca\" \/><\/a><\/p>\n<p>eloriente.net 29\/agosto\/2014 Delegaci\u00f3n de la C\u00e1mara de Diputados, el Senado de la Rep\u00fablica y la Embajada de EU se reuni\u00f3 con el titular del Poder Judicial, magistrado Alfredo Lagunas Rivera Durante doce a\u00f1os, el Centro de Mediaci\u00f3n Judicial, hoy Centro de Justicia Alternativa, ha contribuido a construir un puente de comunicaci\u00f3n entre las partes en [&#8230;]<\/p>\n<p>August 29, 2014<\/p>\n<\/div>\n<div id=\"post-31582\">\n<p><a title=\"Permalink to Implementaci\u00f3n del NSJP, tema de an\u00e1lisis para Oaxaca y Segob\" href=\"http:\/\/www.eloriente.net\/home\/2014\/08\/27\/implementacion-del-nsjp-tema-de-analisis-para-oaxaca-y-segob\/\" rel=\"bookmark\">Implementaci\u00f3n del NSJP, tema de an\u00e1lisis para Oaxaca y Segob<\/a><\/p>\n<p><a href=\"http:\/\/www.eloriente.net\/home\/2014\/08\/27\/implementacion-del-nsjp-tema-de-analisis-para-oaxaca-y-segob\/\" rel=\"bookmark\"><img decoding=\"async\" title=\"Implementaci\u00f3n del NSJP, tema de an\u00e1lisis para Oaxaca y Segob\" src=\"http:\/\/www.eloriente.net\/home\/wp-content\/themes\/city-desk\/timthumb.php?src=http%3A%2F%2Fwww.eloriente.net%2Fhome%2Fwp-content%2Fuploads%2F2014%2F08%2FAutoridades-locales-con-titular-de-la-SETEC-T.jpg&amp;q=90&amp;w=160&amp;h=106&amp;zc=1\" alt=\"Implementaci\u00f3n del NSJP, tema de an\u00e1lisis para Oaxaca y Segob\" \/><\/a><\/p>\n<p>eloriente.net 27\/agosto\/2014 \u2022 El gobernador Gabino Cu\u00e9 y el titular del Poder Judicial, magistrado Alfredo Lagunas Rivera se reunieron con la titular de la SETEC, \u00c1ngeles Fromow Rangel La secretaria t\u00e9cnica del Consejo de Coordinaci\u00f3n para la Implementaci\u00f3n del Sistema de Justicia Penal, dependiente de la Secretar\u00eda de Gobernaci\u00f3n (SEGOB), Mar\u00eda de los \u00c1ngeles Fromow [&#8230;]<\/p>\n<p>August 27, 2014<\/p>\n<\/div>\n<p>&nbsp;<\/p>\n<p>&nbsp;<\/p>\n\n\t\t\t  <div \n\t\t\t  \tclass = \"fb-comments\" \n\t\t\t  \tdata-href = \"http:\/\/www.eloriente.net\/home\/2014\/09\/01\/poder-judicial-impulsor-de-la-equidad-y-la-igualdad-de-genero-en-oaxaca-alr\/\"\n\t\t\t  \tdata-numposts = \"10\"\n\t\t\t\tdata-colorscheme = \"dark\"\n\t\t\t\tdata-order-by = \"social\"\n\t\t\t\tdata-mobile=true>\n\t\t\t  <\/div>\n\t\t  <style>\n\t\t\t.fb_iframe_widget_fluid_desktop iframe {\n\t\t\t    width: 100% !important;\n\t\t\t}\n\t\t  <\/style>\n\t\t  ","protected":false},"excerpt":{"rendered":"<p>eloriente.net 1\/septiembre\/2014 \u2022 El magistrado Alfredo Rodrigo Lagunas Rivera inaugur\u00f3 el taller \u201cMasculinidades\u201d organizado en coordinaci\u00f3n con la CNDH y dirigido a servidores p\u00fablicos judiciales El titular del Poder Judicial del Estado, magistrado Alfredo Rodrigo Lagunas Rivera, reiter\u00f3 el compromiso de la instituci\u00f3n a su cargo para contribuir en la construcci\u00f3n de un nuevo modelo [&hellip;]<\/p>\n","protected":false},"author":1,"featured_media":31738,"comment_status":"open","ping_status":"open","sticky":false,"template":"","format":"standard","meta":{"_jetpack_memberships_contains_paid_content":false,"footnotes":""},"categories":[1588,32,10,464],"tags":[555,556],"class_list":["post-31736","post","type-post","status-publish","format-standard","has-post-thumbnail","hentry","category-comunicados-y-boletines","category-entradas","category-lo-mas-reciente","category-oaxaca-estados","tag-equidad","tag-genero"],"jetpack_featured_media_url":"http:\/\/www.eloriente.net\/home\/wp-content\/uploads\/2014\/09\/Representante-de-la-CNDH-Luc\u00eda-Rodr\u00edguez-Quintero-T.jpg","jetpack_sharing_enabled":true,"_links":{"self":[{"href":"http:\/\/www.eloriente.net\/home\/wp-json\/wp\/v2\/posts\/31736"}],"collection":[{"href":"http:\/\/www.eloriente.net\/home\/wp-json\/wp\/v2\/posts"}],"about":[{"href":"http:\/\/www.eloriente.net\/home\/wp-json\/wp\/v2\/types\/post"}],"author":[{"embeddable":true,"href":"http:\/\/www.eloriente.net\/home\/wp-json\/wp\/v2\/users\/1"}],"replies":[{"embeddable":true,"href":"http:\/\/www.eloriente.net\/home\/wp-json\/wp\/v2\/comments?post=31736"}],"version-history":[{"count":3,"href":"http:\/\/www.eloriente.net\/home\/wp-json\/wp\/v2\/posts\/31736\/revisions"}],"predecessor-version":[{"id":31740,"href":"http:\/\/www.eloriente.net\/home\/wp-json\/wp\/v2\/posts\/31736\/revisions\/31740"}],"wp:featuredmedia":[{"embeddable":true,"href":"http:\/\/www.eloriente.net\/home\/wp-json\/wp\/v2\/media\/31738"}],"wp:attachment":[{"href":"http:\/\/www.eloriente.net\/home\/wp-json\/wp\/v2\/media?parent=31736"}],"wp:term":[{"taxonomy":"category","embeddable":true,"href":"http:\/\/www.eloriente.net\/home\/wp-json\/wp\/v2\/categories?post=31736"},{"taxonomy":"post_tag","embeddable":true,"href":"http:\/\/www.eloriente.net\/home\/wp-json\/wp\/v2\/tags?post=31736"}],"curies":[{"name":"wp","href":"https:\/\/api.w.org\/{rel}","templated":true}]}}