{"id":31749,"date":"2014-09-02T01:00:44","date_gmt":"2014-09-02T07:00:44","guid":{"rendered":"http:\/\/www.eloriente.net\/home\/?p=31749"},"modified":"2014-09-01T13:14:20","modified_gmt":"2014-09-01T19:14:20","slug":"vive-conciencia-concurso-interuniversitario-de-ciencia-y-tecnologia","status":"publish","type":"post","link":"http:\/\/www.eloriente.net\/home\/2014\/09\/02\/vive-conciencia-concurso-interuniversitario-de-ciencia-y-tecnologia\/","title":{"rendered":"Vive ConCiencia &#8211; Concurso Interuniversitario de Ciencia y Tecnolog\u00eda"},"content":{"rendered":"<p>eloriente.net<\/p>\n<p>2\/septiembre\/2014<\/p>\n<p>La <a href=\"http:\/\/www.agendaciudadana.mx\/conciencia.php\" target=\"_blank\">Agenda Ciudadana de ciencia, tecnolog\u00eda e innovaci\u00f3n<\/a> convoca a\u00a0Vive ConCiencia &#8211; Concurso Interuniversitario de Ciencia y Tecnolog\u00eda, dirigido a estudiantes de licenciatura de cualquier universidad o IES p\u00fablica o privada del pa\u00eds, la participaci\u00f3n podr\u00e1 ser individual o en equipo (m\u00e1ximo 3 integrantes de una sola licenciatura o 5 de diversas licenciaturas o \u00e1reas). El registro y env\u00edo de trabajos ser\u00e1 a partir de la publicaci\u00f3n de la convocatoria y hasta las 13:00 horas del 31 de octubre de 2014 en <a href=\"http:\/\/www.agendaciudadana.mx\/concurso\/index.php\" target=\"_blank\">www.agendaciudana.mx\/concurso<\/a><\/p>\n<p>El concurso consiste en escoger uno de los 10 retos de la Agenda Ciudadana y realizar un video asociado a un problema cotidiano y susceptible de ser resuelto a trav\u00e9s del conocimiento de la ciencia y la tecnolog\u00eda para ser aplicado a nivel local o global. La idea debe ser innovadora, puede consistir en un cambio de conducta o en nuevos usos de uno o varios productos existentes y desde luego, la invenci\u00f3n de nuevos productos, as\u00ed como los principios cient\u00edficos que est\u00e1n detr\u00e1s de la propuesta.<\/p>\n<p>Los 10 retos son:<\/p>\n<ul>\n<li>Educaci\u00f3n &#8211; Modernizar el sistema educativo con el enfoque human\u00edstico, cient\u00edfico y tecnol\u00f3gico.<\/li>\n<li>Agua &#8211; Asegurar el abasto de agua potable para toda la poblaci\u00f3n.<\/li>\n<li>Medio Ambiente &#8211; Recuperar y conservar el medio ambiente para lograr una mejor calidad de vida.<\/li>\n<li>Seguridad Alimentaria &#8211; Lograr un campo m\u00e1s productivo y alcanzar la seguridad alimentaria.<\/li>\n<li>Energ\u00eda &#8211; Contar con un sistema de energ\u00eda limpia, sustentable, eficiente y de bajo costo.<\/li>\n<li>Salud P\u00fablica &#8211; Conformar un sistema integral de salud de alta calidad para toda la poblaci\u00f3n.<\/li>\n<li>Cambio Clim\u00e1tico &#8211; Desarrollar la capacidad de prevenci\u00f3n y adaptaci\u00f3n a los efectos del cambio clim\u00e1tico.<\/li>\n<li>Investigaci\u00f3n Espacial &#8211; Desarrollar una industria aeroespacial mexicana competitiva y con resultados de inter\u00e9s para la sociedad.<\/li>\n<li>Migraci\u00f3n &#8211; Construir una sociedad informada sobre la diversidad migratoria y sensibilizada con los derechos de los migrantes.<\/li>\n<li>Salud Mental y Adicciones &#8211; Integrar la atenci\u00f3n de la salud mental y las adicciones a la salud p\u00fablica.<\/li>\n<\/ul>\n<p>Los objetivos que persigue la convocatoria son socializar los retos de la Agenda Ciudadana de ciencia, tecnolog\u00eda e innovaci\u00f3n; acercar la ciencia y la tecnolog\u00eda a la poblaci\u00f3n de manera sencilla y atractiva e involucrar a estudiantes de licenciatura para que ofrezcan soluciones pr\u00e1cticas a problemas cotidianos que mejoren la calidad de su entorno inmediato y de la poblaci\u00f3n en su conjunto.<\/p>\n<p>La forma de entrega: El proyecto deber\u00e1 plasmar los resultados en una memoria t\u00e9cnica y un video con duraci\u00f3n de entre 60 segundos y 180 segundos que explique el problema a resolver y la forma en que \u00e9ste afecta a su comunidad, sus familias o el entorno donde viven, describa el nuevo producto o soluci\u00f3n al problema, explique los principios cient\u00edficos, la tecnolog\u00eda o la ingenier\u00eda detr\u00e1s de la innovaci\u00f3n o soluci\u00f3n y presente la manera en la cual su innovaci\u00f3n o soluci\u00f3n resuelve el problema planteado y motive su uso en la comunidad.<\/p>\n<p>Los videos no deber\u00e1n contener material con derechos de autor o reservados y \u00fanicamente los miembros del equipo registrado podr\u00e1n participar en su elaboraci\u00f3n y aparecer en el video.<\/p>\n<p>El jurado estar\u00e1 compuesto por cient\u00edficos miembros de la Academia Mexicana de Ciencias, el fallo del jurado ser\u00e1 inapelable y los nombres de los integrantes del jurado ser\u00e1n dados a conocer con los resultados del concurso.<\/p>\n<p>Se entregar\u00e1 un premio de $50,000.00 m\/n a cada una de las diez propuestas ganadoras (un premio por reto) y el viaje a la ceremonia de premiaci\u00f3n que se realizar\u00e1 en la primer semana de diciembre del 2014 en la sede del Senado de la Rep\u00fablica, en la Ciudad de M\u00e9xico y se ofrecer\u00e1n hasta cinco menciones honor\u00edficas por reto.<\/p>\n<p>Los detalles de la evaluaci\u00f3n as\u00ed como cuestiones t\u00e9cnicas del v\u00eddeo, pueden ser consultadas en el siguiente enlace: <a href=\"http:\/\/www.agendaciudadana.mx\/conciencia.php\" target=\"_blank\">Concurso Vive ConCiencia &#8211; Concurso Interuniversitario de Ciencia y Tecnolog\u00eda<\/a>.<\/p>\n<p><a href=\"http:\/\/www.eloriente.net\/home\/wp-content\/uploads\/2014\/09\/Vive-ConCiencia.jpg\"><img loading=\"lazy\" decoding=\"async\" class=\"alignnone size-full wp-image-31750\" title=\"Vive ConCiencia\" src=\"http:\/\/www.eloriente.net\/home\/wp-content\/uploads\/2014\/09\/Vive-ConCiencia.jpg\" alt=\"\" width=\"201\" height=\"290\" \/><\/a><\/p>\n<p>Imagen:\u00a0<a href=\"http:\/\/www.agendaciudadana.mx\/conciencia.php\" target=\"_blank\">Agenda Ciudadana de ciencia, tecnolog\u00eda e innovaci\u00f3n<\/a><\/p>\n<p><strong>Entradas relacionadas:<\/strong><\/p>\n<p><a title=\"Permalink to Convocatoria al programa de Autoempleo Juvenil\" href=\"http:\/\/www.eloriente.net\/home\/2014\/08\/26\/31490\/\" rel=\"bookmark\">Convocatoria al programa de Autoempleo Juvenil<\/a><\/p>\n<p><a href=\"http:\/\/www.eloriente.net\/home\/2014\/08\/26\/31490\/\" rel=\"bookmark\"><img decoding=\"async\" title=\"Convocatoria al programa de Autoempleo Juvenil\" src=\"http:\/\/www.eloriente.net\/home\/wp-content\/themes\/city-desk\/timthumb.php?src=http%3A%2F%2Fwww.eloriente.net%2Fhome%2Fwp-content%2Fuploads%2F2014%2F08%2FAutoempleo.jpg&amp;q=90&amp;w=160&amp;h=106&amp;zc=1\" alt=\"Convocatoria al programa de Autoempleo Juvenil\" \/><\/a><\/p>\n<p>eloriente.net 26\/agosto\/2014 El Gobierno del Estado de Oaxaca, a trav\u00e9s del Instituto de la juventud del Estado de Oaxaca (INJEO) convoca a los j\u00f3venes oaxaque\u00f1os entre 15 y 29 a\u00f1os que realicen alguna actividad productiva o han iniciado una empresa o negocio propio, a participar en el programa \u201cAutoempleo Juvenil\u201d. La inscripci\u00f3n es gratuita de [&#8230;]<\/p>\n<p>August 26, 2014<\/p>\n<p><a title=\"Permalink to Tercera Convocatoria del Concurso P\u00fablico 2013-2014 del INE\" href=\"http:\/\/www.eloriente.net\/home\/2014\/08\/19\/tercera-convocatoria-del-concurso-publico-2013-2014-del-ine\/\" rel=\"bookmark\">Tercera Convocatoria del Concurso P\u00fablico 2013-2014 del INE<\/a><\/p>\n<p><a href=\"http:\/\/www.eloriente.net\/home\/2014\/08\/19\/tercera-convocatoria-del-concurso-publico-2013-2014-del-ine\/\" rel=\"bookmark\"><img decoding=\"async\" title=\"Tercera Convocatoria del Concurso P\u00fablico 2013-2014 del INE\" src=\"http:\/\/www.eloriente.net\/home\/wp-content\/themes\/city-desk\/timthumb.php?src=http%3A%2F%2Fwww.eloriente.net%2Fhome%2Fwp-content%2Fuploads%2F2014%2F07%2FConvenio-Por-INE.jpg&amp;q=90&amp;w=160&amp;h=106&amp;zc=1\" alt=\"Tercera Convocatoria del Concurso P\u00fablico 2013-2014 del INE\" \/><\/a><\/p>\n<p>eloriente.net 18\/agosto\/2014 El Instituto Nacional Electoral a trav\u00e9s de la Direcci\u00f3n Ejecutiva del Servicio Profesional Electoral pone a disposici\u00f3n de las ciudadanas interesadas en postularse por un cargo del Servicio Profesional Electoral, el presente espacio para dar a conocer la informaci\u00f3n sobre la Tercera Convocatoria del Concurso P\u00fablico 2013-2014 exclusivo para mujeres. En la p\u00e1gina [&#8230;]<\/p>\n<p>August 19, 2014<\/p>\n<p><a title=\"Permalink to Iniciativa Joven-Es Por Oaxaca, presentada por el Consejo Ciudadano de la Juventud\" href=\"http:\/\/www.eloriente.net\/home\/2014\/08\/25\/iniciativa-joven-es-por-oaxaca-presentada-por-el-consejo-ciudadano-de-la-juventud\/\" rel=\"bookmark\">Iniciativa Joven-Es Por Oaxaca, presentada por el Consejo Ciudadano de la Juventud<\/a><\/p>\n<p><a href=\"http:\/\/www.eloriente.net\/home\/2014\/08\/25\/iniciativa-joven-es-por-oaxaca-presentada-por-el-consejo-ciudadano-de-la-juventud\/\" rel=\"bookmark\"><img decoding=\"async\" title=\"Iniciativa Joven-Es Por Oaxaca, presentada por el Consejo Ciudadano de la Juventud\" src=\"http:\/\/www.eloriente.net\/home\/wp-content\/themes\/city-desk\/timthumb.php?src=http%3A%2F%2Fwww.eloriente.net%2Fhome%2Fwp-content%2Fuploads%2F2014%2F08%2FJoven-Es.jpg&amp;q=90&amp;w=160&amp;h=106&amp;zc=1\" alt=\"Iniciativa Joven-Es Por Oaxaca, presentada por el Consejo Ciudadano de la Juventud\" \/><\/a><\/p>\n<p>eloriente.net 25\/agosto\/2014 Como resultado de la gesti\u00f3n realizada por Alejandra Silva Soriano, Presidenta del Consejo Ciudadano de la Juventud A.C., Oaxaca ser\u00e1 el primer estado de la Rep\u00fablica en replicar el proyecto \u201cIniciativa Joven-es por M\u00e9xico\u201d. El pr\u00f3ximo 27 de agosto del presente a\u00f1o, con la presencia del Dip. Fed, Jos\u00e9 Luis Oliveros Usabiaga, Presidente [&#8230;]<\/p>\n<p>August 25, 2014<\/p>\n\n\t\t\t  <div \n\t\t\t  \tclass = \"fb-comments\" \n\t\t\t  \tdata-href = \"http:\/\/www.eloriente.net\/home\/2014\/09\/02\/vive-conciencia-concurso-interuniversitario-de-ciencia-y-tecnologia\/\"\n\t\t\t  \tdata-numposts = \"10\"\n\t\t\t\tdata-colorscheme = \"dark\"\n\t\t\t\tdata-order-by = \"social\"\n\t\t\t\tdata-mobile=true>\n\t\t\t  <\/div>\n\t\t  <style>\n\t\t\t.fb_iframe_widget_fluid_desktop iframe {\n\t\t\t    width: 100% !important;\n\t\t\t}\n\t\t  <\/style>\n\t\t  ","protected":false},"excerpt":{"rendered":"<p>eloriente.net 2\/septiembre\/2014 La Agenda Ciudadana de ciencia, tecnolog\u00eda e innovaci\u00f3n convoca a\u00a0Vive ConCiencia &#8211; Concurso Interuniversitario de Ciencia y Tecnolog\u00eda, dirigido a estudiantes de licenciatura de cualquier universidad o IES p\u00fablica o privada del pa\u00eds, la participaci\u00f3n podr\u00e1 ser individual o en equipo (m\u00e1ximo 3 integrantes de una sola licenciatura o 5 de diversas licenciaturas [&hellip;]<\/p>\n","protected":false},"author":1,"featured_media":31750,"comment_status":"open","ping_status":"open","sticky":false,"template":"","format":"standard","meta":{"_jetpack_memberships_contains_paid_content":false,"footnotes":""},"categories":[26,32,10],"tags":[355,2548,175,113,1043],"class_list":["post-31749","post","type-post","status-publish","format-standard","has-post-thumbnail","hentry","category-convocatorias","category-entradas","category-lo-mas-reciente","tag-ciencia","tag-convocatorias-2","tag-produccion","tag-tecnologia-2","tag-video"],"jetpack_featured_media_url":"http:\/\/www.eloriente.net\/home\/wp-content\/uploads\/2014\/09\/Vive-ConCiencia.jpg","jetpack_sharing_enabled":true,"_links":{"self":[{"href":"http:\/\/www.eloriente.net\/home\/wp-json\/wp\/v2\/posts\/31749"}],"collection":[{"href":"http:\/\/www.eloriente.net\/home\/wp-json\/wp\/v2\/posts"}],"about":[{"href":"http:\/\/www.eloriente.net\/home\/wp-json\/wp\/v2\/types\/post"}],"author":[{"embeddable":true,"href":"http:\/\/www.eloriente.net\/home\/wp-json\/wp\/v2\/users\/1"}],"replies":[{"embeddable":true,"href":"http:\/\/www.eloriente.net\/home\/wp-json\/wp\/v2\/comments?post=31749"}],"version-history":[{"count":4,"href":"http:\/\/www.eloriente.net\/home\/wp-json\/wp\/v2\/posts\/31749\/revisions"}],"predecessor-version":[{"id":31754,"href":"http:\/\/www.eloriente.net\/home\/wp-json\/wp\/v2\/posts\/31749\/revisions\/31754"}],"wp:featuredmedia":[{"embeddable":true,"href":"http:\/\/www.eloriente.net\/home\/wp-json\/wp\/v2\/media\/31750"}],"wp:attachment":[{"href":"http:\/\/www.eloriente.net\/home\/wp-json\/wp\/v2\/media?parent=31749"}],"wp:term":[{"taxonomy":"category","embeddable":true,"href":"http:\/\/www.eloriente.net\/home\/wp-json\/wp\/v2\/categories?post=31749"},{"taxonomy":"post_tag","embeddable":true,"href":"http:\/\/www.eloriente.net\/home\/wp-json\/wp\/v2\/tags?post=31749"}],"curies":[{"name":"wp","href":"https:\/\/api.w.org\/{rel}","templated":true}]}}