{"id":31773,"date":"2014-09-02T10:29:24","date_gmt":"2014-09-02T16:29:24","guid":{"rendered":"http:\/\/www.eloriente.net\/home\/?p=31773"},"modified":"2014-09-02T10:29:25","modified_gmt":"2014-09-02T16:29:25","slug":"segundo-informe-de-gobierno-de-enrique-pena-nieto","status":"publish","type":"post","link":"http:\/\/www.eloriente.net\/home\/2014\/09\/02\/segundo-informe-de-gobierno-de-enrique-pena-nieto\/","title":{"rendered":"Segundo Informe de Gobierno de Enrique Pe\u00f1a Nieto"},"content":{"rendered":"<p>eloriente.net<\/p>\n<p>2\/septiembre\/2014<\/p>\n<p><a href=\"http:\/\/www.presidencia.gob.mx\/segundoinforme\/\">De acuerdo con el micrositio oficial del Segundo Informe de Gobierno<\/a>, este, adem\u00e1s de atender una responsabilidad legal, representa un sano ejercicio de rendici\u00f3n de cuentas con la ciudadan\u00eda. En \u00e9l, se ofrece un balance general de la Administraci\u00f3n P\u00fablica Federal y se da cuenta de las reformas, pol\u00edticas, programas y acciones impulsadas por esta administraci\u00f3n del 1 de septiembre de 2013 al 31 de agosto de 2014.<\/p>\n<p>De conformidad con el Plan Nacional de Desarrollo 2013 &#8211; 2018, el Informe presenta los avances y resultados de las tres Estrategias Transversales y de las cinco Metas Nacionales que ha impulsado el Ejecutivo Federal, para transformar al pa\u00eds y llevarlo a una nueva etapa de modernidad institucional, inclusi\u00f3n social y prosperidad econ\u00f3mica para todos.<\/p>\n<p><iframe loading=\"lazy\" src=\"\/\/www.youtube.com\/embed\/jRl4lJKgq5E\" frameborder=\"0\" width=\"560\" height=\"315\"><\/iframe><\/p>\n<p>Video:\u00a0<a dir=\"ltr\" href=\"http:\/\/www.youtube.com\/channel\/UCfBRIj1Tq8k7-SD8PPVPJpQ\" data-sessionlink=\"feature=watch&amp;ei=I-cFVOKyEouMrga4uIDwAg\" data-ytid=\"UCfBRIj1Tq8k7-SD8PPVPJpQ\" data-name=\"watch\">Gobierno de la Rep\u00fablica<\/a><\/p>\n<p>En ELORIENTE.NET ponemos a tu disposici\u00f3n el Segundo Informe de Gobierno Completo, as\u00ed como el Anexo Estad\u00edstico y el Resumen Ejecutivo:<\/p>\n<p><a href=\"http:\/\/cdn.presidencia.gob.mx\/segundoinforme\/Segundo_Informe_escrito_completo.pdf\" target=\"_blank\">Segundo Informe de Gobierno Completo<\/a><\/p>\n<p><a href=\"http:\/\/cdn.presidencia.gob.mx\/segundoinforme\/Anexo_estadistico_completo.pdf\" target=\"_blank\">Anexo Estad\u00edstico<\/a><\/p>\n<p><iframe loading=\"lazy\" src=\"\/\/e.issuu.com\/embed.html#5422719\/9156788\" frameborder=\"0\" width=\"525\" height=\"342\"><\/iframe><\/p>\n<p><a href=\"http:\/\/www.eloriente.net\/home\/wp-content\/uploads\/2014\/09\/Segundo-Informe-de-Gobierno.jpg\"><img loading=\"lazy\" decoding=\"async\" class=\"alignnone size-medium wp-image-31775\" title=\"Segundo Informe de Gobierno\" src=\"http:\/\/www.eloriente.net\/home\/wp-content\/uploads\/2014\/09\/Segundo-Informe-de-Gobierno-300x225.jpg\" alt=\"\" width=\"300\" height=\"225\" srcset=\"http:\/\/www.eloriente.net\/home\/wp-content\/uploads\/2014\/09\/Segundo-Informe-de-Gobierno-300x225.jpg 300w, http:\/\/www.eloriente.net\/home\/wp-content\/uploads\/2014\/09\/Segundo-Informe-de-Gobierno.jpg 600w\" sizes=\"(max-width: 300px) 100vw, 300px\" \/><\/a><\/p>\n<p>Foto: <a href=\"https:\/\/twitter.com\/EPN\" target=\"_blank\">@EPN<\/a><\/p>\n<p><strong>Entradas relacionadas:<\/strong><\/p>\n<p><a title=\"Permalink to Compromisos firmados por Pe\u00f1a Nieto con Oaxaca\" href=\"http:\/\/www.eloriente.net\/home\/2014\/09\/01\/compromisos-de-pena-nieto-para-oaxaca\/\" rel=\"bookmark\">Compromisos firmados por Pe\u00f1a Nieto con Oaxaca<\/a><\/p>\n<p><a href=\"http:\/\/www.eloriente.net\/home\/2014\/09\/01\/compromisos-de-pena-nieto-para-oaxaca\/\" rel=\"bookmark\"><img decoding=\"async\" title=\"Compromisos firmados por Pe\u00f1a Nieto con Oaxaca\" src=\"http:\/\/www.eloriente.net\/home\/wp-content\/themes\/city-desk\/timthumb.php?src=http%3A%2F%2Fwww.eloriente.net%2Fhome%2Fwp-content%2Fuploads%2F2014%2F06%2FPe%C3%B1a-Nieto-Por-Presidencia-de-la-Rep%C3%BAblica-Mexicana-e1409587085296.jpg&amp;q=90&amp;w=160&amp;h=106&amp;zc=1\" alt=\"Compromisos firmados por Pe\u00f1a Nieto con Oaxaca\" \/><\/a><\/p>\n<p>eloriente.net 1\/septiembre\/2014 eloriente.net (Oaxaca, M\u00e9xico, a 1 de septiembre de 2014).- Enrique Pe\u00f1a Nieto, como candidato a la Presidencia de la Rep\u00fablica en 2012, firm\u00f3 ante notario p\u00fablico una lista de 266 compromisos que habr\u00eda de cumplir en caso de ser electo tal y como sucedi\u00f3 en julio de ese mismo a\u00f1o. Algunos de esos [&#8230;]<\/p>\n<p>September 1, 2014<\/p>\n<div id=\"post-31702\">\n<p><a title=\"Permalink to Oaxaca, \u00fanica entidad sin visita de Pe\u00f1a Nieto\" href=\"http:\/\/www.eloriente.net\/home\/2014\/09\/01\/oaxaca-unica-entidad-sin-visita-de-pena-nieto\/\" rel=\"bookmark\">Oaxaca, \u00fanica entidad sin visita de Pe\u00f1a Nieto<\/a><\/p>\n<p><a href=\"http:\/\/www.eloriente.net\/home\/2014\/09\/01\/oaxaca-unica-entidad-sin-visita-de-pena-nieto\/\" rel=\"bookmark\"><img decoding=\"async\" title=\"Oaxaca, \u00fanica entidad sin visita de Pe\u00f1a Nieto\" src=\"http:\/\/www.eloriente.net\/home\/wp-content\/themes\/city-desk\/timthumb.php?src=http%3A%2F%2Fwww.eloriente.net%2Fhome%2Fwp-content%2Fuploads%2F2014%2F06%2FPe%C3%B1a-Nieto-Por-Presidencia-de-la-Rep%C3%BAblica-Mexicana-e1409587085296.jpg&amp;q=90&amp;w=160&amp;h=106&amp;zc=1\" alt=\"Oaxaca, \u00fanica entidad sin visita de Pe\u00f1a Nieto\" \/><\/a><\/p>\n<p>eloriente.net 1\/septiembre\/2014 Cerca de cumplir dos a\u00f1os como Presidente de M\u00e9xico, Enrique Pe\u00f1a Nieto ha realizado giras de trabajo y visitas oficiales a numerosos estados de la rep\u00fablica y pa\u00edses en el mundo. A inicios de 2014, estados como Sonora o Baja California Sur, fueron visitados por el mandatario, hecho que convierte a Oaxaca en [&#8230;]<\/p>\n<p>September 1, 2014<\/p>\n<p><a title=\"Permalink to Deteriorada la confianza econ\u00f3mica de los consumidores\" href=\"http:\/\/www.eloriente.net\/home\/2014\/08\/20\/deteriorada-la-confianza-economica-de-los-consumidores\/\" rel=\"bookmark\">Deteriorada la confianza econ\u00f3mica de los consumidores<\/a><\/p>\n<p><a href=\"http:\/\/www.eloriente.net\/home\/2014\/08\/20\/deteriorada-la-confianza-economica-de-los-consumidores\/\" rel=\"bookmark\"><img decoding=\"async\" title=\"Deteriorada la confianza econ\u00f3mica de los consumidores\" src=\"http:\/\/www.eloriente.net\/home\/wp-content\/themes\/city-desk\/timthumb.php?src=http%3A%2F%2Fwww.eloriente.net%2Fhome%2Fwp-content%2Fuploads%2F2013%2F02%2FAlgunos-derechos-reservados-por-alviseni-dinero.jpg&amp;q=90&amp;w=160&amp;h=106&amp;zc=1\" alt=\"Deteriorada la confianza econ\u00f3mica de los consumidores\" \/><\/a><\/p>\n<p>eloriente.net \/ CNN Expansi\u00f3n 20\/agosto\/2014 El Instituto Nacional de Geograf\u00eda y Estad\u00edstica (INEGI) dar\u00e1 a conocer este jueves la cifra oficial del crecimiento del Producto Interno Bruto (PIB). Aunque los analistas se\u00f1alan que este registrar\u00e1 una mayor desaceleraci\u00f3n pues solo crecer\u00e1 entre 1.4% a 1.6% en comparaci\u00f3n con el 1.8% registrado durante el primer trimestre [&#8230;]<\/p>\n<p>August 20, 2014<\/p>\n<\/div>\n\n\t\t\t  <div \n\t\t\t  \tclass = \"fb-comments\" \n\t\t\t  \tdata-href = \"http:\/\/www.eloriente.net\/home\/2014\/09\/02\/segundo-informe-de-gobierno-de-enrique-pena-nieto\/\"\n\t\t\t  \tdata-numposts = \"10\"\n\t\t\t\tdata-colorscheme = \"dark\"\n\t\t\t\tdata-order-by = \"social\"\n\t\t\t\tdata-mobile=true>\n\t\t\t  <\/div>\n\t\t  <style>\n\t\t\t.fb_iframe_widget_fluid_desktop iframe {\n\t\t\t    width: 100% !important;\n\t\t\t}\n\t\t  <\/style>\n\t\t  ","protected":false},"excerpt":{"rendered":"<p>eloriente.net 2\/septiembre\/2014 De acuerdo con el micrositio oficial del Segundo Informe de Gobierno, este, adem\u00e1s de atender una responsabilidad legal, representa un sano ejercicio de rendici\u00f3n de cuentas con la ciudadan\u00eda. En \u00e9l, se ofrece un balance general de la Administraci\u00f3n P\u00fablica Federal y se da cuenta de las reformas, pol\u00edticas, programas y acciones impulsadas [&hellip;]<\/p>\n","protected":false},"author":1,"featured_media":31775,"comment_status":"open","ping_status":"open","sticky":false,"template":"","format":"standard","meta":{"_jetpack_memberships_contains_paid_content":false,"footnotes":""},"categories":[32,10,21],"tags":[2556,2557,2555],"class_list":["post-31773","post","type-post","status-publish","format-standard","has-post-thumbnail","hentry","category-entradas","category-lo-mas-reciente","category-politica-y-gobierno","tag-enrique-pena-nieto","tag-presidente-de-la-republica","tag-segundo-informe-de-gobierno"],"jetpack_featured_media_url":"http:\/\/www.eloriente.net\/home\/wp-content\/uploads\/2014\/09\/Segundo-Informe-de-Gobierno.jpg","jetpack_sharing_enabled":true,"_links":{"self":[{"href":"http:\/\/www.eloriente.net\/home\/wp-json\/wp\/v2\/posts\/31773"}],"collection":[{"href":"http:\/\/www.eloriente.net\/home\/wp-json\/wp\/v2\/posts"}],"about":[{"href":"http:\/\/www.eloriente.net\/home\/wp-json\/wp\/v2\/types\/post"}],"author":[{"embeddable":true,"href":"http:\/\/www.eloriente.net\/home\/wp-json\/wp\/v2\/users\/1"}],"replies":[{"embeddable":true,"href":"http:\/\/www.eloriente.net\/home\/wp-json\/wp\/v2\/comments?post=31773"}],"version-history":[{"count":2,"href":"http:\/\/www.eloriente.net\/home\/wp-json\/wp\/v2\/posts\/31773\/revisions"}],"predecessor-version":[{"id":31778,"href":"http:\/\/www.eloriente.net\/home\/wp-json\/wp\/v2\/posts\/31773\/revisions\/31778"}],"wp:featuredmedia":[{"embeddable":true,"href":"http:\/\/www.eloriente.net\/home\/wp-json\/wp\/v2\/media\/31775"}],"wp:attachment":[{"href":"http:\/\/www.eloriente.net\/home\/wp-json\/wp\/v2\/media?parent=31773"}],"wp:term":[{"taxonomy":"category","embeddable":true,"href":"http:\/\/www.eloriente.net\/home\/wp-json\/wp\/v2\/categories?post=31773"},{"taxonomy":"post_tag","embeddable":true,"href":"http:\/\/www.eloriente.net\/home\/wp-json\/wp\/v2\/tags?post=31773"}],"curies":[{"name":"wp","href":"https:\/\/api.w.org\/{rel}","templated":true}]}}