{"id":31774,"date":"2014-09-02T10:38:50","date_gmt":"2014-09-02T16:38:50","guid":{"rendered":"http:\/\/www.eloriente.net\/home\/?p=31774"},"modified":"2014-09-02T21:45:51","modified_gmt":"2014-09-03T03:45:51","slug":"programa-de-renovacion-de-la-planta-academica-de-la-unam","status":"publish","type":"post","link":"http:\/\/www.eloriente.net\/home\/2014\/09\/02\/programa-de-renovacion-de-la-planta-academica-de-la-unam\/","title":{"rendered":"Programa de Renovaci\u00f3n de Planta Acad\u00e9mica de la UNAM; convocatoria"},"content":{"rendered":"<p>eloriente.net<\/p>\n<p>2\/septiembre\/2014<\/p>\n<p>El Instituto de Investigaciones Hist\u00f3ricas de la UNAM, convoca al <a href=\"http:\/\/www.h-mexico.unam.mx\/node\/14540\">Programa de Renovaci\u00f3n de la Planta Acad\u00e9mica de la UNAM Subprograma de Incorporaci\u00f3n de J\u00f3venes Acad\u00e9micos de Carrera a la UNAM<\/a>, con fecha l\u00edmite del 4 de noviembre de 2014.<\/p>\n<p>El Instituto de Investigaciones Hist\u00f3ricas invita a los(as)\u00a0interesados(as) en participar en el proceso de selecci\u00f3n para\u00a0ocupar una plaza con remuneraci\u00f3n equivalente a la de\u00a0Investigador, Ordinario, Asociado \u201cC\u201d, de tiempo completo,\u00a0por obra determinada, en el \u00c1rea de Historia Moderna y\u00a0Contempor\u00e1nea.<\/p>\n<p>Requisitos:<\/p>\n<ul>\n<li>Contar con una edad menor de 39 a\u00f1os para mujeres y menor de 37 a\u00f1os para hombres.<\/li>\n<li>Tener grado de doctor en historia o alguna disciplina af\u00edn.<\/li>\n<li>Haber trabajado cuando menos tres a\u00f1os en labores de investigaci\u00f3n y contar con publicaciones originales en la materia o \u00e1rea de su especialidad.<\/li>\n<li>Contar con experiencia docente, a nivel licenciatura o posgrado en humanidades o ciencias sociales, haber impartido cursos o dirigido tesis.<\/li>\n<\/ul>\n<p>Pruebas:<\/p>\n<ul>\n<li>Formular un proyecto de investigaci\u00f3n sobre un tema de historia social de M\u00e9xico en la segunda mitad del Siglo XX, en un m\u00e1ximo de 25 cuartillas, m\u00e1s bibliograf\u00eda. El proyecto deber\u00e1 destacar la relevancia y pertinencia del tema y debe incluir un cronograma de actividades con metas y resultados espec\u00edficos, en un plazo m\u00e1ximo de tres a\u00f1os, detallando los logros y productos esperados cada a\u00f1o.<\/li>\n<li>R\u00e9plica oral sobre el proyecto presentado.<\/li>\n<li>Los(as) interesados(as) deber\u00e1n entregar en forma impresa y en disco compacto en la Direcci\u00f3n del Instituto (en el orden que se indica a continuaci\u00f3n) la siguiente:<\/li>\n<\/ul>\n<p>Documentaci\u00f3n:<\/p>\n<ul>\n<li>Proyecto de investigaci\u00f3n a desarrollar sobre la tem\u00e1tica citada (con una extensi\u00f3n m\u00e1xima de 25 cuartillas, incluyendo fuentes, en letra arial 12 puntos y con interlineado de espacio y medio).<\/li>\n<li>Carta de exposici\u00f3n de motivos sobre su inter\u00e9s en incorporarse al Instituto, en un m\u00e1ximo de dos cuartillas, dirigida a la Directora del Instituto.<\/li>\n<li>Relaci\u00f3n pormenorizada de la documentaci\u00f3n que se anexe.<\/li>\n<li>Principales publicaciones en texto completo.<\/li>\n<li>Comprobante del grado de doctor.<\/li>\n<li>Constancia de experiencia en investigaci\u00f3n y en docencia.<\/li>\n<li>En caso de ser extranjero(a), comprobante de estancia legal en el pa\u00eds, con una vigencia m\u00ednima de seis meses.<\/li>\n<li>Copia del acta de nacimiento.<\/li>\n<li>Curr\u00edculum vitae actualizado y documentos probatorios.<\/li>\n<li>Se\u00f1alamiento de direcci\u00f3n, tel\u00e9fono y correo electr\u00f3nico para recibir notificaciones.<\/li>\n<li>El plazo para la presentaci\u00f3n de documentaci\u00f3n, ser\u00e1 a partir de la fecha de publicaci\u00f3n de la presente invitaci\u00f3n en la p\u00e1gina web del Instituto de Investigaciones Hist\u00f3ricas y hasta el 4 de noviembre de 2014 (sin pr\u00f3rroga). En un horario de 10:00 a 14:30 hrs.<\/li>\n<\/ul>\n<p>La Direcci\u00f3n y el Consejo Interno del Instituto de\u00a0Investigaciones Hist\u00f3ricas ser\u00e1n responsables de revisar la\u00a0documentaci\u00f3n y dar curso al proceso de selecci\u00f3n, que incluye\u00a0una entrevista a los(as) candidatos(as), cuyo perfil y\u00a0trayectoria sean adecuados a las necesidades del Instituto. Una comisi\u00f3n Ad hoc, seleccionar\u00e1 para la plaza al (a la)\u00a0candidato(a) que haya presentado la propuesta de investigaci\u00f3n\u00a0de mayor calidad, viabilidad e inter\u00e9s para esta entidad\u00a0acad\u00e9mica.<\/p>\n<p>Posteriormente, dar\u00e1 inicio el procedimiento se\u00f1alado en el\u00a0art\u00edculo 51 del Estatuto de Personal Acad\u00e9mico de la UNAM,\u00a0para que el(la) candidato(a) seleccionado(a) sea contratado(a)\u00a0por un primer a\u00f1o, sujeto a recontrataci\u00f3n, con base en su<br \/>\ndesempe\u00f1o. La contrataci\u00f3n iniciar\u00e1 con la fecha de aprobaci\u00f3n\u00a0del Consejo T\u00e9cnico de Humanidades, cuya resoluci\u00f3n es\u00a0inapelable.<\/p>\n<p>Atentamente<\/p>\n<p>\u201cPOR MI RAZA HABLAR\u00c1 EL ESP\u00cdRITU\u201d<br \/>\nCiudad Universitaria, a 1\u00ba de septiembre de 2014<\/p>\n<p>LA PRESIDENTA DEL CONSEJO INTERNO<br \/>\nDRA. ANA CAROLINA IBARRA GONZ\u00c1LEZ<\/p>\n<p><strong>Informes<\/strong><\/p>\n<p>Correo electr\u00f3nico:\u00a0historicas@unam.mx<br \/>\nTel\u00e9fono:\u00a056227528 extensiones 214 y 298<\/p>\n<p>Texto de la convocatoria:<br \/>\nUNIVERSIDAD NACIONAL AUTONOMA DE M\u00c9XICO<br \/>\nINSTITUTO DE INVESTIGACIONES HIST\u00d3RICAS<br \/>\nPROGRAMA DE RENOVACI\u00d3N DE LA PLANTA ACAD\u00c9MICA DE LA UNAM<br \/>\nSUBPROGRAMA DE INCORPORACI\u00d3N DE J\u00d3VENES ACAD\u00c9MICOS<br \/>\nDE CARRERA A LA UNAM<\/p>\n<p><a href=\"http:\/\/www.eloriente.net\/home\/wp-content\/uploads\/2014\/09\/UNAM-scanudas.jpg\"><img loading=\"lazy\" decoding=\"async\" class=\"alignnone size-medium wp-image-31776\" title=\"UNAM - scanudas\" src=\"http:\/\/www.eloriente.net\/home\/wp-content\/uploads\/2014\/09\/UNAM-scanudas-300x218.jpg\" alt=\"\" width=\"300\" height=\"218\" srcset=\"http:\/\/www.eloriente.net\/home\/wp-content\/uploads\/2014\/09\/UNAM-scanudas-300x218.jpg 300w, http:\/\/www.eloriente.net\/home\/wp-content\/uploads\/2014\/09\/UNAM-scanudas.jpg 1024w\" sizes=\"(max-width: 300px) 100vw, 300px\" \/><\/a><\/p>\n<p>Foto:\u00a0<a title=\"Ir a la galer\u00eda de scanudas\" href=\"https:\/\/www.flickr.com\/photos\/scanudas\/\" data-track=\"attributionNameClick\" data-rapid_p=\"21\">scanudas<\/a>\u00a0&#8211;\u00a0<a href=\"https:\/\/creativecommons.org\/licenses\/by-sa\/2.0\/\">Algunos derechos reservados<\/a><\/p>\n<p><strong>Entradas relacionadas:<\/strong><\/p>\n<p><a title=\"Permalink to Vive ConCiencia \u2013 Concurso Interuniversitario de Ciencia y Tecnolog\u00eda\" href=\"http:\/\/www.eloriente.net\/home\/2014\/09\/02\/vive-conciencia-concurso-interuniversitario-de-ciencia-y-tecnologia\/\" rel=\"bookmark\">Vive ConCiencia \u2013 Concurso Interuniversitario de Ciencia y Tecnolog\u00eda<\/a><\/p>\n<p><a href=\"http:\/\/www.eloriente.net\/home\/2014\/09\/02\/vive-conciencia-concurso-interuniversitario-de-ciencia-y-tecnologia\/\" rel=\"bookmark\"><img decoding=\"async\" title=\"Vive ConCiencia \u2013 Concurso Interuniversitario de Ciencia y Tecnolog\u00eda\" src=\"http:\/\/www.eloriente.net\/home\/wp-content\/themes\/city-desk\/timthumb.php?src=http%3A%2F%2Fwww.eloriente.net%2Fhome%2Fwp-content%2Fuploads%2F2014%2F09%2FVive-ConCiencia.jpg&amp;q=90&amp;w=160&amp;h=106&amp;zc=1\" alt=\"Vive ConCiencia \u2013 Concurso Interuniversitario de Ciencia y Tecnolog\u00eda\" \/><\/a><\/p>\n<p>eloriente.net 2\/septiembre\/2014 La Agenda Ciudadana de ciencia, tecnolog\u00eda e innovaci\u00f3n convoca a\u00a0Vive ConCiencia \u2013 Concurso Interuniversitario de Ciencia y Tecnolog\u00eda, dirigido a estudiantes de licenciatura de cualquier universidad o IES p\u00fablica o privada del pa\u00eds, la participaci\u00f3n podr\u00e1 ser individual o en equipo (m\u00e1ximo 3 integrantes de una sola licenciatura o 5 de diversas licenciaturas [&#8230;]<\/p>\n<p>September 2, 2014<\/p>\n<p><a title=\"Permalink to Convocatoria al programa de Autoempleo Juvenil\" href=\"http:\/\/www.eloriente.net\/home\/2014\/08\/26\/31490\/\" rel=\"bookmark\">Convocatoria al programa de Autoempleo Juvenil<\/a><\/p>\n<p><a href=\"http:\/\/www.eloriente.net\/home\/2014\/08\/26\/31490\/\" rel=\"bookmark\"><img decoding=\"async\" title=\"Convocatoria al programa de Autoempleo Juvenil\" src=\"http:\/\/www.eloriente.net\/home\/wp-content\/themes\/city-desk\/timthumb.php?src=http%3A%2F%2Fwww.eloriente.net%2Fhome%2Fwp-content%2Fuploads%2F2014%2F08%2FAutoempleo.jpg&amp;q=90&amp;w=160&amp;h=106&amp;zc=1\" alt=\"Convocatoria al programa de Autoempleo Juvenil\" \/><\/a><\/p>\n<p>eloriente.net 26\/agosto\/2014 El Gobierno del Estado de Oaxaca, a trav\u00e9s del Instituto de la juventud del Estado de Oaxaca (INJEO) convoca a los j\u00f3venes oaxaque\u00f1os entre 15 y 29 a\u00f1os que realicen alguna actividad productiva o han iniciado una empresa o negocio propio, a participar en el programa \u201cAutoempleo Juvenil\u201d. La inscripci\u00f3n es gratuita de [&#8230;]<\/p>\n<p>August 26, 2014<\/p>\n<p><a title=\"Permalink to Premio al Fomento de Lectura: M\u00e9xico Lee 2014\" href=\"http:\/\/www.eloriente.net\/home\/2014\/08\/12\/premio-al-fomento-de-lectura-mexico-lee-2014\/\" rel=\"bookmark\">Premio al Fomento de Lectura: M\u00e9xico Lee 2014<\/a><\/p>\n<p><a href=\"http:\/\/www.eloriente.net\/home\/2014\/08\/12\/premio-al-fomento-de-lectura-mexico-lee-2014\/\" rel=\"bookmark\"><img decoding=\"async\" title=\"Premio al Fomento de Lectura: M\u00e9xico Lee 2014\" src=\"http:\/\/www.eloriente.net\/home\/wp-content\/themes\/city-desk\/timthumb.php?src=http%3A%2F%2Fwww.eloriente.net%2Fhome%2Fwp-content%2Fuploads%2F2014%2F08%2FLibros.jpg&amp;q=90&amp;w=160&amp;h=106&amp;zc=1\" alt=\"Premio al Fomento de Lectura: M\u00e9xico Lee 2014\" \/><\/a><\/p>\n<p>eloriente.net 12\/agosto\/2014 Para conocer, reconocer y difundir las experiencias de quienes promueven la lectura en\u00a0M\u00e9xico, el Consejo Nacional para la Cultura y las Artes, a trav\u00e9s de la Direcci\u00f3n General\u00a0de Publicaciones y la Direcci\u00f3n General de Bibliotecas; la Selecci\u00f3n de Libros del Rinc\u00f3n de\u00a0la Secretar\u00eda de Educaci\u00f3n P\u00fablica; la Organizaci\u00f3n de Estados Iberoamericanos (OEI) y\u00a0Editorial [&#8230;]<\/p>\n<p>August 12, 2014<\/p>\n\n\t\t\t  <div \n\t\t\t  \tclass = \"fb-comments\" \n\t\t\t  \tdata-href = \"http:\/\/www.eloriente.net\/home\/2014\/09\/02\/programa-de-renovacion-de-la-planta-academica-de-la-unam\/\"\n\t\t\t  \tdata-numposts = \"10\"\n\t\t\t\tdata-colorscheme = \"dark\"\n\t\t\t\tdata-order-by = \"social\"\n\t\t\t\tdata-mobile=true>\n\t\t\t  <\/div>\n\t\t  <style>\n\t\t\t.fb_iframe_widget_fluid_desktop iframe {\n\t\t\t    width: 100% !important;\n\t\t\t}\n\t\t  <\/style>\n\t\t  ","protected":false},"excerpt":{"rendered":"<p>eloriente.net 2\/septiembre\/2014 El Instituto de Investigaciones Hist\u00f3ricas de la UNAM, convoca al Programa de Renovaci\u00f3n de la Planta Acad\u00e9mica de la UNAM Subprograma de Incorporaci\u00f3n de J\u00f3venes Acad\u00e9micos de Carrera a la UNAM, con fecha l\u00edmite del 4 de noviembre de 2014. El Instituto de Investigaciones Hist\u00f3ricas invita a los(as)\u00a0interesados(as) en participar en el proceso [&hellip;]<\/p>\n","protected":false},"author":1,"featured_media":31779,"comment_status":"open","ping_status":"open","sticky":false,"template":"","format":"standard","meta":{"_jetpack_memberships_contains_paid_content":false,"footnotes":""},"categories":[26,64,18,32,63,10,24,84],"tags":[683],"class_list":["post-31774","post","type-post","status-publish","format-standard","has-post-thumbnail","hentry","category-convocatorias","category-distrito-federal","category-educacion-y-cultura","category-entradas","category-estados","category-lo-mas-reciente","category-mexico-y-el-mundo","category-universidades","tag-unam"],"jetpack_featured_media_url":"http:\/\/www.eloriente.net\/home\/wp-content\/uploads\/2014\/09\/UNAM-scanudas1-e1537633357111.jpg","jetpack_sharing_enabled":true,"_links":{"self":[{"href":"http:\/\/www.eloriente.net\/home\/wp-json\/wp\/v2\/posts\/31774"}],"collection":[{"href":"http:\/\/www.eloriente.net\/home\/wp-json\/wp\/v2\/posts"}],"about":[{"href":"http:\/\/www.eloriente.net\/home\/wp-json\/wp\/v2\/types\/post"}],"author":[{"embeddable":true,"href":"http:\/\/www.eloriente.net\/home\/wp-json\/wp\/v2\/users\/1"}],"replies":[{"embeddable":true,"href":"http:\/\/www.eloriente.net\/home\/wp-json\/wp\/v2\/comments?post=31774"}],"version-history":[{"count":3,"href":"http:\/\/www.eloriente.net\/home\/wp-json\/wp\/v2\/posts\/31774\/revisions"}],"predecessor-version":[{"id":31814,"href":"http:\/\/www.eloriente.net\/home\/wp-json\/wp\/v2\/posts\/31774\/revisions\/31814"}],"wp:featuredmedia":[{"embeddable":true,"href":"http:\/\/www.eloriente.net\/home\/wp-json\/wp\/v2\/media\/31779"}],"wp:attachment":[{"href":"http:\/\/www.eloriente.net\/home\/wp-json\/wp\/v2\/media?parent=31774"}],"wp:term":[{"taxonomy":"category","embeddable":true,"href":"http:\/\/www.eloriente.net\/home\/wp-json\/wp\/v2\/categories?post=31774"},{"taxonomy":"post_tag","embeddable":true,"href":"http:\/\/www.eloriente.net\/home\/wp-json\/wp\/v2\/tags?post=31774"}],"curies":[{"name":"wp","href":"https:\/\/api.w.org\/{rel}","templated":true}]}}