{"id":31781,"date":"2014-09-02T10:54:10","date_gmt":"2014-09-02T16:54:10","guid":{"rendered":"http:\/\/www.eloriente.net\/home\/?p=31781"},"modified":"2014-09-02T10:54:10","modified_gmt":"2014-09-02T16:54:10","slug":"la-homologacion-del-codigo-penal-unico","status":"publish","type":"post","link":"http:\/\/www.eloriente.net\/home\/2014\/09\/02\/la-homologacion-del-codigo-penal-unico\/","title":{"rendered":"La homologaci\u00f3n del C\u00f3digo Penal \u00danico"},"content":{"rendered":"<p>eloriente.net<\/p>\n<p>2\/septiembre\/2014<\/p>\n<p>\u2022 El titular del PJO, Alfredo Lagunas Rivera inform\u00f3 que servidores p\u00fablicos judiciales se actualizan en el tema con especialistas del Despacho de Abogados \u201cF\u00e9lix C\u00e1rdenas\u201d<\/p>\n<p>\u201cAnalizar el impacto de la ley federal que regular\u00e1 los procesos judiciales de car\u00e1cter penal en los estados de la Rep\u00fablica y adaptar sus principios a la realidad de Oaxaca para garantizar una efectiva impartici\u00f3n de justicia, es un reto que asumimos con responsabilidad a trav\u00e9s de la capacitaci\u00f3n y profesionalizaci\u00f3n\u201d, afirm\u00f3 el titular del Poder Judicial, magistrado Alfredo Rodrigo Lagunas Rivera.<\/p>\n<p>Lo anterior, al referirse a la puesta en marcha del curso \u201cC\u00f3digo Nacional de Procedimientos Penales\u201d dirigido a servidores p\u00fablicos judiciales y que imparten en Oaxaca especialistas del Despacho de Abogados \u201cF\u00e9lix C\u00e1rdenas\u201d, que preside el reconocido jurista Rodolfo F\u00e9lix C\u00e1rdenas, ex procurador del Distrito Federal y uno de los autores del proyecto de dicho C\u00f3digo, aprobado por el Senado de la Rep\u00fablica el a\u00f1o pasado y cuyo plazo para su implementaci\u00f3n vence en junio del 2016.<\/p>\n<p>En una entidad pluricultural, donde los imputados por la comisi\u00f3n de alg\u00fan delito penal enfrentan procedimientos a trav\u00e9s del nuevo sistema acusatorio, las recientes disposiciones federales retan a las instituciones de justicia a adoptar nuevas pr\u00e1cticas para homogeneizar sus normas con las del resto del pa\u00eds, dijo el magistrado Lagunas Rivera.<\/p>\n<p>Es as\u00ed que con el respaldo financiero de la Secretar\u00eda T\u00e9cnica del Consejo de Coordinaci\u00f3n para la Implementaci\u00f3n del Sistema de Justicia Penal de la Secretar\u00eda de Gobernaci\u00f3n (SETEC), del 1 de septiembre al 22 de octubre, el Consejo de Coordinaci\u00f3n para la Implementaci\u00f3n del Sistema Acusatorio en el Estado que \u00e9l mismo preside y la Escuela Judicial del Consejo de la Judicatura trabajar\u00e1n con los especialistas nacionales para adecuar el C\u00f3digo penal \u00fanico a las caracter\u00edsticas de Oaxaca.<\/p>\n<p>En el inicio del curso de actualizaci\u00f3n y profesionalizaci\u00f3n en el que participan magistrados de las Salas Penales, Jueces de Garant\u00eda, Jueces del Tribunal de Debate, Jueces de Ejecuci\u00f3n de Penas, Secretarios de Estudio y Cuenta de Salas Penales, as\u00ed como mediadores del Centro de Justicia Alternativa, correspondi\u00f3 al director de la Escuela Judicial, Mayolo Garc\u00eda Garc\u00eda, dar la bienvenida al maestro Alejandro Ram\u00edrez Verdugo, quien impartir\u00e1 el primer m\u00f3dulo de la capacitaci\u00f3n.<\/p>\n<p>Durante el desarrollo de los trabajos, los funcionarios judiciales revisar\u00e1n aspectos del sistema acusatorio y el C\u00f3digo \u00danico, el cual permitir\u00e1 que todos los mexicanos sean juzgados bajo las mismas reglas.<\/p>\n<p><a href=\"http:\/\/www.eloriente.net\/home\/wp-content\/uploads\/2014\/09\/Funcionarios-judiciales-fueron-actualizados-por-el-maestro-Alejandro-Ram\u00edrez-Verdugo-T.jpg\"><img loading=\"lazy\" decoding=\"async\" class=\"alignnone size-medium wp-image-31783\" title=\"Funcionarios judiciales fueron actualizados por el maestro Alejandro Ram\u00edrez Verdugo (T)\" src=\"http:\/\/www.eloriente.net\/home\/wp-content\/uploads\/2014\/09\/Funcionarios-judiciales-fueron-actualizados-por-el-maestro-Alejandro-Ram\u00edrez-Verdugo-T-300x173.jpg\" alt=\"\" width=\"300\" height=\"173\" srcset=\"http:\/\/www.eloriente.net\/home\/wp-content\/uploads\/2014\/09\/Funcionarios-judiciales-fueron-actualizados-por-el-maestro-Alejandro-Ram\u00edrez-Verdugo-T-300x173.jpg 300w, http:\/\/www.eloriente.net\/home\/wp-content\/uploads\/2014\/09\/Funcionarios-judiciales-fueron-actualizados-por-el-maestro-Alejandro-Ram\u00edrez-Verdugo-T.jpg 1024w\" sizes=\"(max-width: 300px) 100vw, 300px\" \/><\/a><\/p>\n<p>Foto: H. Tribunal Superior de Justicia<\/p>\n<p><strong>Entradas relacionadas:<\/strong><\/p>\n<p><a title=\"Permalink to \u201cMasculinidades\u201d, taller por el Poder Judicial y la CNDH\" href=\"http:\/\/www.eloriente.net\/home\/2014\/09\/01\/poder-judicial-impulsor-de-la-equidad-y-la-igualdad-de-genero-en-oaxaca-alr\/\" rel=\"bookmark\">\u201cMasculinidades\u201d, taller por el Poder Judicial y la CNDH<\/a><\/p>\n<p><a href=\"http:\/\/www.eloriente.net\/home\/2014\/09\/01\/poder-judicial-impulsor-de-la-equidad-y-la-igualdad-de-genero-en-oaxaca-alr\/\" rel=\"bookmark\"><img decoding=\"async\" title=\"\u201cMasculinidades\u201d, taller por el Poder Judicial y la CNDH\" src=\"http:\/\/www.eloriente.net\/home\/wp-content\/themes\/city-desk\/timthumb.php?src=http%3A%2F%2Fwww.eloriente.net%2Fhome%2Fwp-content%2Fuploads%2F2014%2F09%2FRepresentante-de-la-CNDH-Luc%C3%ADa-Rodr%C3%ADguez-Quintero-T.jpg&amp;q=90&amp;w=160&amp;h=106&amp;zc=1\" alt=\"\u201cMasculinidades\u201d, taller por el Poder Judicial y la CNDH\" \/><\/a><\/p>\n<p>eloriente.net 1\/septiembre\/2014 \u2022 El magistrado Alfredo Rodrigo Lagunas Rivera inaugur\u00f3 el taller \u201cMasculinidades\u201d organizado en coordinaci\u00f3n con la CNDH y dirigido a servidores p\u00fablicos judiciales El titular del Poder Judicial del Estado, magistrado Alfredo Rodrigo Lagunas Rivera, reiter\u00f3 el compromiso de la instituci\u00f3n a su cargo para contribuir en la construcci\u00f3n de un nuevo modelo [&#8230;]<\/p>\n<p>September 1, 2014<\/p>\n<div id=\"post-31674\">\n<p><a title=\"Permalink to Capacitaci\u00f3n sobre \u00e9tica judicial para int\u00e9rpretes y traductores\" href=\"http:\/\/www.eloriente.net\/home\/2014\/08\/30\/capacitacion-sobre-etica-judicial-para-interpretes-y-traductores\/\" rel=\"bookmark\">Capacitaci\u00f3n sobre \u00e9tica judicial para int\u00e9rpretes y traductores<\/a><\/p>\n<p><a href=\"http:\/\/www.eloriente.net\/home\/2014\/08\/30\/capacitacion-sobre-etica-judicial-para-interpretes-y-traductores\/\" rel=\"bookmark\"><img decoding=\"async\" title=\"Capacitaci\u00f3n sobre \u00e9tica judicial para int\u00e9rpretes y traductores\" src=\"http:\/\/www.eloriente.net\/home\/wp-content\/themes\/city-desk\/timthumb.php?src=http%3A%2F%2Fwww.eloriente.net%2Fhome%2Fwp-content%2Fuploads%2F2014%2F08%2FInt%C3%A9rpretes-y-traductores-fueron-capacitados-sobre-%C3%A9tica-judicial-T.jpg&amp;q=90&amp;w=160&amp;h=106&amp;zc=1\" alt=\"Capacitaci\u00f3n sobre \u00e9tica judicial para int\u00e9rpretes y traductores\" \/><\/a><\/p>\n<p>eloriente.net 30\/agosto\/2014 \u2022 La consejera Elsa Ang\u00e9lica Alejo Torres, presidenta de la Comisi\u00f3n de \u00c9tica del Poder Judicial del Estado imparti\u00f3 una conferencia a integrantes del CEPIADET La confianza, credibilidad, confidencialidad, profesionalismo, imparcialidad, compromiso institucional, as\u00ed como el respeto irrestricto a los derechos humanos, son pilares para que la justicia se transforme, afirm\u00f3 la consejera [&#8230;]<\/p>\n<p>August 30, 2014<\/p>\n<\/div>\n<div id=\"post-31636\">\n<p><a title=\"Permalink to Embajada de EU reconoce justicia alternativa en Oaxaca\" href=\"http:\/\/www.eloriente.net\/home\/2014\/08\/29\/avances-de-oaxaca-en-justicia-alternativa-reconocidos-por-la-embajada-de-eu\/\" rel=\"bookmark\">Embajada de EU reconoce justicia alternativa en Oaxaca<\/a><\/p>\n<p><a href=\"http:\/\/www.eloriente.net\/home\/2014\/08\/29\/avances-de-oaxaca-en-justicia-alternativa-reconocidos-por-la-embajada-de-eu\/\" rel=\"bookmark\"><img decoding=\"async\" title=\"Embajada de EU reconoce justicia alternativa en Oaxaca\" src=\"http:\/\/www.eloriente.net\/home\/wp-content\/themes\/city-desk\/timthumb.php?src=http%3A%2F%2Fwww.eloriente.net%2Fhome%2Fwp-content%2Fuploads%2F2014%2F08%2FEl-titular-del-Poder-Judicial-delegaci%C3%B3n-del-Congreso-de-la-Uni%C3%B3n-y-personal-del-CJA-02.jpg&amp;q=90&amp;w=160&amp;h=106&amp;zc=1\" alt=\"Embajada de EU reconoce justicia alternativa en Oaxaca\" \/><\/a><\/p>\n<p>eloriente.net 29\/agosto\/2014 Delegaci\u00f3n de la C\u00e1mara de Diputados, el Senado de la Rep\u00fablica y la Embajada de EU se reuni\u00f3 con el titular del Poder Judicial, magistrado Alfredo Lagunas Rivera Durante doce a\u00f1os, el Centro de Mediaci\u00f3n Judicial, hoy Centro de Justicia Alternativa, ha contribuido a construir un puente de comunicaci\u00f3n entre las partes en [&#8230;]<\/p>\n<p>August 29, 2014<\/p>\n<\/div>\n\n\t\t\t  <div \n\t\t\t  \tclass = \"fb-comments\" \n\t\t\t  \tdata-href = \"http:\/\/www.eloriente.net\/home\/2014\/09\/02\/la-homologacion-del-codigo-penal-unico\/\"\n\t\t\t  \tdata-numposts = \"10\"\n\t\t\t\tdata-colorscheme = \"dark\"\n\t\t\t\tdata-order-by = \"social\"\n\t\t\t\tdata-mobile=true>\n\t\t\t  <\/div>\n\t\t  <style>\n\t\t\t.fb_iframe_widget_fluid_desktop iframe {\n\t\t\t    width: 100% !important;\n\t\t\t}\n\t\t  <\/style>\n\t\t  ","protected":false},"excerpt":{"rendered":"<p>eloriente.net 2\/septiembre\/2014 \u2022 El titular del PJO, Alfredo Lagunas Rivera inform\u00f3 que servidores p\u00fablicos judiciales se actualizan en el tema con especialistas del Despacho de Abogados \u201cF\u00e9lix C\u00e1rdenas\u201d \u201cAnalizar el impacto de la ley federal que regular\u00e1 los procesos judiciales de car\u00e1cter penal en los estados de la Rep\u00fablica y adaptar sus principios a la [&hellip;]<\/p>\n","protected":false},"author":1,"featured_media":31782,"comment_status":"open","ping_status":"open","sticky":false,"template":"","format":"standard","meta":{"_jetpack_memberships_contains_paid_content":false,"footnotes":""},"categories":[1588,32,10],"tags":[2318],"class_list":["post-31781","post","type-post","status-publish","format-standard","has-post-thumbnail","hentry","category-comunicados-y-boletines","category-entradas","category-lo-mas-reciente","tag-tribunal-superior-de-justicia"],"jetpack_featured_media_url":"http:\/\/www.eloriente.net\/home\/wp-content\/uploads\/2014\/09\/El-magistrado-Alfredo-Lagunas-Rivera.jpg","jetpack_sharing_enabled":true,"_links":{"self":[{"href":"http:\/\/www.eloriente.net\/home\/wp-json\/wp\/v2\/posts\/31781"}],"collection":[{"href":"http:\/\/www.eloriente.net\/home\/wp-json\/wp\/v2\/posts"}],"about":[{"href":"http:\/\/www.eloriente.net\/home\/wp-json\/wp\/v2\/types\/post"}],"author":[{"embeddable":true,"href":"http:\/\/www.eloriente.net\/home\/wp-json\/wp\/v2\/users\/1"}],"replies":[{"embeddable":true,"href":"http:\/\/www.eloriente.net\/home\/wp-json\/wp\/v2\/comments?post=31781"}],"version-history":[{"count":2,"href":"http:\/\/www.eloriente.net\/home\/wp-json\/wp\/v2\/posts\/31781\/revisions"}],"predecessor-version":[{"id":31785,"href":"http:\/\/www.eloriente.net\/home\/wp-json\/wp\/v2\/posts\/31781\/revisions\/31785"}],"wp:featuredmedia":[{"embeddable":true,"href":"http:\/\/www.eloriente.net\/home\/wp-json\/wp\/v2\/media\/31782"}],"wp:attachment":[{"href":"http:\/\/www.eloriente.net\/home\/wp-json\/wp\/v2\/media?parent=31781"}],"wp:term":[{"taxonomy":"category","embeddable":true,"href":"http:\/\/www.eloriente.net\/home\/wp-json\/wp\/v2\/categories?post=31781"},{"taxonomy":"post_tag","embeddable":true,"href":"http:\/\/www.eloriente.net\/home\/wp-json\/wp\/v2\/tags?post=31781"}],"curies":[{"name":"wp","href":"https:\/\/api.w.org\/{rel}","templated":true}]}}