{"id":31786,"date":"2014-09-02T11:12:33","date_gmt":"2014-09-02T17:12:33","guid":{"rendered":"http:\/\/www.eloriente.net\/home\/?p=31786"},"modified":"2014-09-02T11:12:33","modified_gmt":"2014-09-02T17:12:33","slug":"inicia-analisis-de-ley-educativa-para-oaxaca","status":"publish","type":"post","link":"http:\/\/www.eloriente.net\/home\/2014\/09\/02\/inicia-analisis-de-ley-educativa-para-oaxaca\/","title":{"rendered":"Inicia an\u00e1lisis de Ley Educativa para Oaxaca"},"content":{"rendered":"<p>eloriente.net<\/p>\n<p>2\/septiembre\/2014<\/p>\n<p>*Por falta de qu\u00f3rum, se pospone instalaci\u00f3n de sesi\u00f3n de trabajo de Comisiones Unidas<br \/>\n*Toman acuerdos de analizar por comisiones el contenido de las seis iniciativas de Ley de Educaci\u00f3n propuestas<\/p>\n<p>San Raymundo Jalpan, Oaxaca., 01 de septiembre 2014.- Legisladores integrantes de las Comisiones Unidas Permanentes de Educaci\u00f3n P\u00fablica, Administraci\u00f3n de Justicia y Presupuesto y Programaci\u00f3n, acordaron analizar y entregar por separado sus observaciones, esta semana, para continuar con el an\u00e1lisis, discusi\u00f3n y elaboraci\u00f3n de la Iniciativa de Ley de Educaci\u00f3n para el Estado de Oaxaca.<\/p>\n<p>No obstante, que la reuni\u00f3n de trabajo, se suspendi\u00f3 por falta de qu\u00f3rum, los y las diputadas, acordaron el m\u00e9todo de trabajo que adoptar\u00e1n para continuar el proceso legislativo, y concluir la elaboraci\u00f3n del dictamen lo antes posible.<\/p>\n<p>En el sal\u00f3n Presidentes del Congreso del Estado, estuvieron presentes Jes\u00fas L\u00f3pez Rodr\u00edguez, Mar\u00eda Luisa Matus Fuentes as\u00ed como Itaisa L\u00f3pez Galv\u00e1n, Presidente e integrantes de la Comisi\u00f3n de Educaci\u00f3n P\u00fablica; Gerardo Garc\u00eda Henestroza y Juanita Arcelia Cruz Cruz, Presidente e integrante de la Comisi\u00f3n de Administraci\u00f3n de Justicia; as\u00ed como V\u00edctor Cruz V\u00e1squez, integrante de la Comisi\u00f3n de Presupuesto y Programaci\u00f3n.<\/p>\n<p>En ese sentido, el diputado Jes\u00fas L\u00f3pez Rodr\u00edguez, presidente de la Comisi\u00f3n Permanente de Educaci\u00f3n P\u00fablica y Presidente de la Mesa Directiva, indic\u00f3 que uno de los acuerdos de los legisladores asistentes, fue tomar como base la Iniciativa del Ejecutivo del Estado y contrastar las propuestas planteadas en las otras cinco iniciativas.<\/p>\n<p>Por otro lado, el diputado Gerardo Garc\u00eda Henestroza, lament\u00f3 la falta de qu\u00f3rum y sostuvo que la obligaci\u00f3n como habitantes de Oaxaca y legisladores \u201csiempre ser\u00e1 velar por los intereses de cada uno de los y las ciudadanas, la sociedad exige que nuestro trabajo sea m\u00e1s profesional, en donde se privilegie el beneficio colectivo y se deje a un lado el inter\u00e9s personal\u201d.<\/p>\n<p>Garc\u00eda Henestroza subray\u00f3 que ante la falta de qu\u00f3rum, se tomo la decisi\u00f3n de convocar a una nueva reuni\u00f3n, donde se espera contar con la presencia de por lo menos tres diputados integrantes por cada cada una de las comisiones, para instalar formalmente la mesa de trabajo e iniciar con el an\u00e1lisis de las iniciativas, pues en esta primera convocatoria s\u00f3lo asistieron 6 legisladores de 15 que integran las tres comisiones.<\/p>\n<p>La Comisi\u00f3n Permanente de Educaci\u00f3n P\u00fablica esta integrada por : Jes\u00fas L\u00f3pez Rodr\u00edguez (PRD), Mar\u00eda Luisa Matus Fuentes (PRI), Remedios Zonia L\u00f3pez Cruz (PAN), Amando Demetrio Bohorquez Reyes (PRI) e Itaisa L\u00f3pez Galv\u00e1n (PRD).<\/p>\n<p>La Comisi\u00f3n Permanente de Administraci\u00f3n de Justicia esta integrada por: Gerardo Garc\u00eda Henestroza (PAN), Adolfo Garc\u00eda Morales (PRI), Jaime Bola\u00f1os Cacho Guzm\u00e1n (PRD), Anselmo Ortiz Garc\u00eda (PRD) y Carlos Alberto Ramos Arag\u00f3n (PRI).<\/p>\n<p>La Comisi\u00f3n de Presupuesto y Programaci\u00f2n esta integrada por: Sergio L\u00f3pez S\u00e1nchez (PRD), Mar\u00eda del Carmen Ricardez Vela (PRI), V\u00edctor V\u00e1squez Cruz (PAN), Mar\u00eda Luisa Matus Fuentes (PRI) y Carlos Alberto Vera Vidal (PVEM).<\/p>\n<p><a href=\"http:\/\/www.eloriente.net\/home\/wp-content\/uploads\/2014\/09\/20140901_111859_resized.jpg\"><img loading=\"lazy\" decoding=\"async\" class=\"alignnone size-medium wp-image-31788\" title=\"20140901_111859_resized\" src=\"http:\/\/www.eloriente.net\/home\/wp-content\/uploads\/2014\/09\/20140901_111859_resized-300x126.jpg\" alt=\"\" width=\"300\" height=\"126\" srcset=\"http:\/\/www.eloriente.net\/home\/wp-content\/uploads\/2014\/09\/20140901_111859_resized-300x126.jpg 300w, http:\/\/www.eloriente.net\/home\/wp-content\/uploads\/2014\/09\/20140901_111859_resized-1024x432.jpg 1024w, http:\/\/www.eloriente.net\/home\/wp-content\/uploads\/2014\/09\/20140901_111859_resized.jpg 2045w\" sizes=\"(max-width: 300px) 100vw, 300px\" \/><\/a><\/p>\n<p>Foto: \u00a0<span style=\"font-family: Consolas, Monaco, monospace; font-size: 12px; line-height: 18px;\">XII LEGISLATURA CONGRESO DEL ESTADO DE OAXACA<\/span><\/p>\n<p><strong>Entradas relacionadas:<\/strong><\/p>\n<p><a title=\"Permalink to Oaxaca, \u00fanica entidad sin visita de Pe\u00f1a Nieto\" href=\"http:\/\/www.eloriente.net\/home\/2014\/09\/01\/oaxaca-unica-entidad-sin-visita-de-pena-nieto\/\" rel=\"bookmark\">Oaxaca, \u00fanica entidad sin visita de Pe\u00f1a Nieto<\/a><\/p>\n<p><a href=\"http:\/\/www.eloriente.net\/home\/2014\/09\/01\/oaxaca-unica-entidad-sin-visita-de-pena-nieto\/\" rel=\"bookmark\"><img decoding=\"async\" title=\"Oaxaca, \u00fanica entidad sin visita de Pe\u00f1a Nieto\" src=\"http:\/\/www.eloriente.net\/home\/wp-content\/themes\/city-desk\/timthumb.php?src=http%3A%2F%2Fwww.eloriente.net%2Fhome%2Fwp-content%2Fuploads%2F2014%2F06%2FPe%C3%B1a-Nieto-Por-Presidencia-de-la-Rep%C3%BAblica-Mexicana-e1409587085296.jpg&amp;q=90&amp;w=160&amp;h=106&amp;zc=1\" alt=\"Oaxaca, \u00fanica entidad sin visita de Pe\u00f1a Nieto\" \/><\/a><\/p>\n<p>eloriente.net 1\/septiembre\/2014 Cerca de cumplir dos a\u00f1os como Presidente de M\u00e9xico, Enrique Pe\u00f1a Nieto ha realizado giras de trabajo y visitas oficiales a numerosos estados de la rep\u00fablica y pa\u00edses en el mundo. A inicios de 2014, estados como Sonora o Baja California Sur, fueron visitados por el mandatario, hecho que convierte a Oaxaca en [&#8230;]<\/p>\n<p>September 1, 2014<\/p>\n<p><a title=\"Permalink to Iniciativa Joven-Es Por Oaxaca, presentada por el Consejo Ciudadano de la Juventud\" href=\"http:\/\/www.eloriente.net\/home\/2014\/08\/25\/iniciativa-joven-es-por-oaxaca-presentada-por-el-consejo-ciudadano-de-la-juventud\/\" rel=\"bookmark\">Iniciativa Joven-Es Por Oaxaca, presentada por el Consejo Ciudadano de la Juventud<\/a><\/p>\n<p><a href=\"http:\/\/www.eloriente.net\/home\/2014\/08\/25\/iniciativa-joven-es-por-oaxaca-presentada-por-el-consejo-ciudadano-de-la-juventud\/\" rel=\"bookmark\"><img decoding=\"async\" title=\"Iniciativa Joven-Es Por Oaxaca, presentada por el Consejo Ciudadano de la Juventud\" src=\"http:\/\/www.eloriente.net\/home\/wp-content\/themes\/city-desk\/timthumb.php?src=http%3A%2F%2Fwww.eloriente.net%2Fhome%2Fwp-content%2Fuploads%2F2014%2F08%2FJoven-Es.jpg&amp;q=90&amp;w=160&amp;h=106&amp;zc=1\" alt=\"Iniciativa Joven-Es Por Oaxaca, presentada por el Consejo Ciudadano de la Juventud\" \/><\/a><\/p>\n<p>eloriente.net 25\/agosto\/2014 Como resultado de la gesti\u00f3n realizada por Alejandra Silva Soriano, Presidenta del Consejo Ciudadano de la Juventud A.C., Oaxaca ser\u00e1 el primer estado de la Rep\u00fablica en replicar el proyecto \u201cIniciativa Joven-es por M\u00e9xico\u201d. El pr\u00f3ximo 27 de agosto del presente a\u00f1o, con la presencia del Dip. Fed, Jos\u00e9 Luis Oliveros Usabiaga, Presidente [&#8230;]<\/p>\n<p>August 25, 2014<\/p>\n<div id=\"post-31427\">\n<p><a title=\"Permalink to \u00bfDe verdad va a servir la reducci\u00f3n del Congreso?\" href=\"http:\/\/www.eloriente.net\/home\/2014\/08\/25\/de-verdad-va-a-servir-la-reduccion-del-congreso\/\" rel=\"bookmark\">\u00bfDe verdad va a servir la reducci\u00f3n del Congreso?<\/a><\/p>\n<p><a href=\"http:\/\/www.eloriente.net\/home\/2014\/08\/25\/de-verdad-va-a-servir-la-reduccion-del-congreso\/\" rel=\"bookmark\"><img decoding=\"async\" title=\"\u00bfDe verdad va a servir la reducci\u00f3n del Congreso?\" src=\"http:\/\/www.eloriente.net\/home\/wp-content\/themes\/city-desk\/timthumb.php?src=http%3A%2F%2Fwww.eloriente.net%2Fhome%2Fwp-content%2Fuploads%2F2013%2F12%2Fsenado1.jpg&amp;q=90&amp;w=160&amp;h=106&amp;zc=1\" alt=\"\u00bfDe verdad va a servir la reducci\u00f3n del Congreso?\" \/><\/a><\/p>\n<p>eloriente.net 25\/agosto\/2014 + Quitar legisladores resta legitimidad; \u00bfy privilegios? No es casual que apenas d\u00edas despu\u00e9s de la conclusi\u00f3n del proceso legislativo de las reformas estructurales, fuera el propio PRI quien pusiera en la discusi\u00f3n una vieja propuesta para reducir el n\u00famero de integrantes de las c\u00e1maras legislativas federales. Lejos de tener una intenci\u00f3n democratizadora, [&#8230;]<\/p>\n<p>August 25, 2014<\/p>\n<\/div>\n\n\t\t\t  <div \n\t\t\t  \tclass = \"fb-comments\" \n\t\t\t  \tdata-href = \"http:\/\/www.eloriente.net\/home\/2014\/09\/02\/inicia-analisis-de-ley-educativa-para-oaxaca\/\"\n\t\t\t  \tdata-numposts = \"10\"\n\t\t\t\tdata-colorscheme = \"dark\"\n\t\t\t\tdata-order-by = \"social\"\n\t\t\t\tdata-mobile=true>\n\t\t\t  <\/div>\n\t\t  <style>\n\t\t\t.fb_iframe_widget_fluid_desktop iframe {\n\t\t\t    width: 100% !important;\n\t\t\t}\n\t\t  <\/style>\n\t\t  ","protected":false},"excerpt":{"rendered":"<p>eloriente.net 2\/septiembre\/2014 *Por falta de qu\u00f3rum, se pospone instalaci\u00f3n de sesi\u00f3n de trabajo de Comisiones Unidas *Toman acuerdos de analizar por comisiones el contenido de las seis iniciativas de Ley de Educaci\u00f3n propuestas San Raymundo Jalpan, Oaxaca., 01 de septiembre 2014.- Legisladores integrantes de las Comisiones Unidas Permanentes de Educaci\u00f3n P\u00fablica, Administraci\u00f3n de Justicia y [&hellip;]<\/p>\n","protected":false},"author":1,"featured_media":31787,"comment_status":"open","ping_status":"open","sticky":false,"template":"","format":"standard","meta":{"_jetpack_memberships_contains_paid_content":false,"footnotes":""},"categories":[1588,91,32,10],"tags":[2558],"class_list":["post-31786","post","type-post","status-publish","format-standard","has-post-thumbnail","hentry","category-comunicados-y-boletines","category-congreso-y-justicia","category-entradas","category-lo-mas-reciente","tag-ley-de-educacion-oaxaca"],"jetpack_featured_media_url":"http:\/\/www.eloriente.net\/home\/wp-content\/uploads\/2014\/09\/foto-1.jpg","jetpack_sharing_enabled":true,"_links":{"self":[{"href":"http:\/\/www.eloriente.net\/home\/wp-json\/wp\/v2\/posts\/31786"}],"collection":[{"href":"http:\/\/www.eloriente.net\/home\/wp-json\/wp\/v2\/posts"}],"about":[{"href":"http:\/\/www.eloriente.net\/home\/wp-json\/wp\/v2\/types\/post"}],"author":[{"embeddable":true,"href":"http:\/\/www.eloriente.net\/home\/wp-json\/wp\/v2\/users\/1"}],"replies":[{"embeddable":true,"href":"http:\/\/www.eloriente.net\/home\/wp-json\/wp\/v2\/comments?post=31786"}],"version-history":[{"count":1,"href":"http:\/\/www.eloriente.net\/home\/wp-json\/wp\/v2\/posts\/31786\/revisions"}],"predecessor-version":[{"id":31789,"href":"http:\/\/www.eloriente.net\/home\/wp-json\/wp\/v2\/posts\/31786\/revisions\/31789"}],"wp:featuredmedia":[{"embeddable":true,"href":"http:\/\/www.eloriente.net\/home\/wp-json\/wp\/v2\/media\/31787"}],"wp:attachment":[{"href":"http:\/\/www.eloriente.net\/home\/wp-json\/wp\/v2\/media?parent=31786"}],"wp:term":[{"taxonomy":"category","embeddable":true,"href":"http:\/\/www.eloriente.net\/home\/wp-json\/wp\/v2\/categories?post=31786"},{"taxonomy":"post_tag","embeddable":true,"href":"http:\/\/www.eloriente.net\/home\/wp-json\/wp\/v2\/tags?post=31786"}],"curies":[{"name":"wp","href":"https:\/\/api.w.org\/{rel}","templated":true}]}}