{"id":31790,"date":"2014-09-02T11:54:10","date_gmt":"2014-09-02T17:54:10","guid":{"rendered":"http:\/\/www.eloriente.net\/home\/?p=31790"},"modified":"2014-09-17T09:36:59","modified_gmt":"2014-09-17T15:36:59","slug":"arete-digital-publica-su-reporte-mensual-sobre-gestion-cultural-septiembre-2014","status":"publish","type":"post","link":"http:\/\/www.eloriente.net\/home\/2014\/09\/02\/arete-digital-publica-su-reporte-mensual-sobre-gestion-cultural-septiembre-2014\/","title":{"rendered":"Aret\u00e9 Digital publica su reporte mensual sobre gesti\u00f3n cultural, septiembre 2014"},"content":{"rendered":"<p>eloriente.net<\/p>\n<p>2\/septiembre\/2014<\/p>\n<p>La Asociaci\u00f3n Espa\u00f1ola de Gestores de Patrimonio Cultural (AEGPC) public\u00f3 hoy su reporte mensual sobre gesti\u00f3n cultural, Aret\u00e9 Digital,\u00a0julio 2014, en el cual muestra una s\u00edntesis sobre las actividades, convocatorias, cursos, jornadas, congresos, seminarios y noticias de la instituci\u00f3n, en las que se destaca la Convocatoria al Premio Uni\u00f3n Europea de Patrimonio Cultural \/ Premios Europa Nostra 2015.<\/p>\n<p>Asimismo, presenta informaci\u00f3n sobre la Feria Internacional de Danza y Teatro de Huesca y oportunidades de becas para posgrado en otros pa\u00edses, entre varios temas m\u00e1s.<\/p>\n<p>ELORIENTE.NET pone a tu disposici\u00f3n el documento completo para su consulta.<\/p>\n<p><iframe loading=\"lazy\" src=\"\/\/e.issuu.com\/embed.html#5422719\/9157921\" frameborder=\"0\" width=\"525\" height=\"371\"><\/iframe><\/p>\n<p><a href=\"http:\/\/www.eloriente.net\/home\/wp-content\/uploads\/2014\/09\/Aret\u00e9-Ismael-Valladolid-Torres.jpg\"><img loading=\"lazy\" decoding=\"async\" class=\"alignnone size-medium wp-image-31791\" title=\"Aret\u00e9 - Ismael Valladolid Torres\" src=\"http:\/\/www.eloriente.net\/home\/wp-content\/uploads\/2014\/09\/Aret\u00e9-Ismael-Valladolid-Torres-300x225.jpg\" alt=\"\" width=\"300\" height=\"225\" srcset=\"http:\/\/www.eloriente.net\/home\/wp-content\/uploads\/2014\/09\/Aret\u00e9-Ismael-Valladolid-Torres-300x225.jpg 300w, http:\/\/www.eloriente.net\/home\/wp-content\/uploads\/2014\/09\/Aret\u00e9-Ismael-Valladolid-Torres.jpg 1024w\" sizes=\"(max-width: 300px) 100vw, 300px\" \/><\/a><\/p>\n<p>Foto:\u00a0<a title=\"Ir a la galer\u00eda de Ismael Valladolid Torres\" href=\"https:\/\/www.flickr.com\/photos\/ivalladt\/\" data-track=\"attributionNameClick\" data-rapid_p=\"21\">Ismael Valladolid Torres<\/a>\u00a0&#8211;\u00a0<a href=\"https:\/\/creativecommons.org\/licenses\/by-sa\/2.0\/\">Algunos derechos reservados<\/a><\/p>\n<p><strong>Entradas relacionadas:<\/strong><\/p>\n<p><a title=\"Permalink to Aret\u00e9 Digital publica su reporte mensual sobre gesti\u00f3n cultural, julio 2014\" href=\"http:\/\/www.eloriente.net\/home\/2014\/07\/02\/arete-digital-publica-su-reporte-mensual-sobre-gestion-cultural-julio-2014\/\" rel=\"bookmark\">Aret\u00e9 Digital publica su reporte mensual sobre gesti\u00f3n cultural, julio 2014<\/a><\/p>\n<p><a href=\"http:\/\/www.eloriente.net\/home\/2014\/07\/02\/arete-digital-publica-su-reporte-mensual-sobre-gestion-cultural-julio-2014\/\" rel=\"bookmark\"><img decoding=\"async\" title=\"Aret\u00e9 Digital publica su reporte mensual sobre gesti\u00f3n cultural, julio 2014\" src=\"http:\/\/www.eloriente.net\/home\/wp-content\/themes\/city-desk\/timthumb.php?src=http%3A%2F%2Fwww.eloriente.net%2Fhome%2Fwp-content%2Fuploads%2F2014%2F04%2FLas-10-m%C3%A1s-vistas-Por-r2hox.jpg&amp;q=90&amp;w=160&amp;h=106&amp;zc=1\" alt=\"Aret\u00e9 Digital publica su reporte mensual sobre gesti\u00f3n cultural, julio 2014\" \/><\/a><\/p>\n<p>eloriente.net 2\/julio\/2014 La Asociaci\u00f3n Espa\u00f1ola de Gestores de Patrimonio Cultural (AEGPC) public\u00f3 hoy su reporte mensual sobre gesti\u00f3n cultural, Aret\u00e9 Digital,\u00a0julio 2014, en el cual muestra una s\u00edntesis sobre las actividades, convocatorias, cursos, jornadas, congresos, seminarios y noticias de la instituci\u00f3n, en las que se destacan Becas Federaci\u00f3n Estatal de Asociaciones de Gestores Culturales; Festival [&#8230;]<\/p>\n<p>July 2, 2014<\/p>\n<p><a title=\"Permalink to Aret\u00e9 Digital publica su reporte mensual sobre gesti\u00f3n cultural, junio 2014\" href=\"http:\/\/www.eloriente.net\/home\/2014\/06\/02\/arete-digital-publica-su-reporte-mensual-sobre-gestion-cultural-junio-2014\/\" rel=\"bookmark\">Aret\u00e9 Digital publica su reporte mensual sobre gesti\u00f3n cultural, junio 2014<\/a><\/p>\n<p><a href=\"http:\/\/www.eloriente.net\/home\/2014\/06\/02\/arete-digital-publica-su-reporte-mensual-sobre-gestion-cultural-junio-2014\/\" rel=\"bookmark\"><img decoding=\"async\" title=\"Aret\u00e9 Digital publica su reporte mensual sobre gesti\u00f3n cultural, junio 2014\" src=\"http:\/\/www.eloriente.net\/home\/wp-content\/themes\/city-desk\/timthumb.php?src=http%3A%2F%2Fwww.eloriente.net%2Fhome%2Fwp-content%2Fuploads%2F2014%2F03%2FArte-Lego.jpg&amp;q=90&amp;w=160&amp;h=106&amp;zc=1\" alt=\"Aret\u00e9 Digital publica su reporte mensual sobre gesti\u00f3n cultural, junio 2014\" \/><\/a><\/p>\n<p>eloriente.net 2\/junio\/2014 La Asociaci\u00f3n Espa\u00f1ola de Gestores de Patrimonio Cultural (AEGPC) public\u00f3 hoy su reporte mensual sobre gesti\u00f3n cultural, Aret\u00e9 Digital,\u00a0junio 2014, en el cual muestra una s\u00edntesis sobre las actividades, convocatorias, cursos, jornadas, congresos, seminarios y noticias de la instituci\u00f3n, en las que se destacan El Festival Internacional de Teatro Cl\u00e1sico de Almagro, el [&#8230;]<\/p>\n<p>June 2, 2014<\/p>\n<p><a title=\"Permalink to Aret\u00e9 Digital publica su reporte mensual sobre gesti\u00f3n cultural, mayo 2014\" href=\"http:\/\/www.eloriente.net\/home\/2014\/05\/01\/arete-digital-publica-su-reporte-mensual-sobre-gestion-cultural-mayo-2014\/\" rel=\"bookmark\">Aret\u00e9 Digital publica su reporte mensual sobre gesti\u00f3n cultural, mayo 2014<\/a><\/p>\n<p><a href=\"http:\/\/www.eloriente.net\/home\/2014\/05\/01\/arete-digital-publica-su-reporte-mensual-sobre-gestion-cultural-mayo-2014\/\" rel=\"bookmark\"><img decoding=\"async\" title=\"Aret\u00e9 Digital publica su reporte mensual sobre gesti\u00f3n cultural, mayo 2014\" src=\"http:\/\/www.eloriente.net\/home\/wp-content\/themes\/city-desk\/timthumb.php?src=http%3A%2F%2Fwww.eloriente.net%2Fhome%2Fwp-content%2Fuploads%2F2014%2F05%2FAret%C3%A9-Por-aegpc.gif&amp;q=90&amp;w=160&amp;h=106&amp;zc=1\" alt=\"Aret\u00e9 Digital publica su reporte mensual sobre gesti\u00f3n cultural, mayo 2014\" \/><\/a><\/p>\n<p>eloriente.net 1 de mayo de 2014 La Asociaci\u00f3n Espa\u00f1ola de Gestores de Patrimonio Cultural (AEGPC) public\u00f3 hoy su reporte mensual sobre gesti\u00f3n cultural, Aret\u00e9 Digital,\u00a0mayo 2014, en el cual muestra una s\u00edntesis sobre las actividades, convocatorias, cursos, jornadas, congresos, seminarios y noticias de la instituci\u00f3n, en las que se destacan el convenio de colaboraci\u00f3n con [&#8230;]<\/p>\n<p>May 1, 2014<\/p>\n\n\t\t\t  <div \n\t\t\t  \tclass = \"fb-comments\" \n\t\t\t  \tdata-href = \"http:\/\/www.eloriente.net\/home\/2014\/09\/02\/arete-digital-publica-su-reporte-mensual-sobre-gestion-cultural-septiembre-2014\/\"\n\t\t\t  \tdata-numposts = \"10\"\n\t\t\t\tdata-colorscheme = \"dark\"\n\t\t\t\tdata-order-by = \"social\"\n\t\t\t\tdata-mobile=true>\n\t\t\t  <\/div>\n\t\t  <style>\n\t\t\t.fb_iframe_widget_fluid_desktop iframe {\n\t\t\t    width: 100% !important;\n\t\t\t}\n\t\t  <\/style>\n\t\t  ","protected":false},"excerpt":{"rendered":"<p>eloriente.net 2\/septiembre\/2014 La Asociaci\u00f3n Espa\u00f1ola de Gestores de Patrimonio Cultural (AEGPC) public\u00f3 hoy su reporte mensual sobre gesti\u00f3n cultural, Aret\u00e9 Digital,\u00a0julio 2014, en el cual muestra una s\u00edntesis sobre las actividades, convocatorias, cursos, jornadas, congresos, seminarios y noticias de la instituci\u00f3n, en las que se destaca la Convocatoria al Premio Uni\u00f3n Europea de Patrimonio Cultural [&hellip;]<\/p>\n","protected":false},"author":1,"featured_media":31791,"comment_status":"open","ping_status":"open","sticky":false,"template":"","format":"standard","meta":{"_jetpack_memberships_contains_paid_content":false,"footnotes":""},"categories":[49,18,32,10,24],"tags":[2559],"class_list":["post-31790","post","type-post","status-publish","format-standard","has-post-thumbnail","hentry","category-destacadas","category-educacion-y-cultura","category-entradas","category-lo-mas-reciente","category-mexico-y-el-mundo","tag-arete-digital"],"jetpack_featured_media_url":"http:\/\/www.eloriente.net\/home\/wp-content\/uploads\/2014\/09\/Aret\u00e9-Ismael-Valladolid-Torres.jpg","jetpack_sharing_enabled":true,"_links":{"self":[{"href":"http:\/\/www.eloriente.net\/home\/wp-json\/wp\/v2\/posts\/31790"}],"collection":[{"href":"http:\/\/www.eloriente.net\/home\/wp-json\/wp\/v2\/posts"}],"about":[{"href":"http:\/\/www.eloriente.net\/home\/wp-json\/wp\/v2\/types\/post"}],"author":[{"embeddable":true,"href":"http:\/\/www.eloriente.net\/home\/wp-json\/wp\/v2\/users\/1"}],"replies":[{"embeddable":true,"href":"http:\/\/www.eloriente.net\/home\/wp-json\/wp\/v2\/comments?post=31790"}],"version-history":[{"count":3,"href":"http:\/\/www.eloriente.net\/home\/wp-json\/wp\/v2\/posts\/31790\/revisions"}],"predecessor-version":[{"id":31793,"href":"http:\/\/www.eloriente.net\/home\/wp-json\/wp\/v2\/posts\/31790\/revisions\/31793"}],"wp:featuredmedia":[{"embeddable":true,"href":"http:\/\/www.eloriente.net\/home\/wp-json\/wp\/v2\/media\/31791"}],"wp:attachment":[{"href":"http:\/\/www.eloriente.net\/home\/wp-json\/wp\/v2\/media?parent=31790"}],"wp:term":[{"taxonomy":"category","embeddable":true,"href":"http:\/\/www.eloriente.net\/home\/wp-json\/wp\/v2\/categories?post=31790"},{"taxonomy":"post_tag","embeddable":true,"href":"http:\/\/www.eloriente.net\/home\/wp-json\/wp\/v2\/tags?post=31790"}],"curies":[{"name":"wp","href":"https:\/\/api.w.org\/{rel}","templated":true}]}}