{"id":31826,"date":"2014-09-03T13:12:48","date_gmt":"2014-09-03T19:12:48","guid":{"rendered":"http:\/\/www.eloriente.net\/home\/?p=31826"},"modified":"2014-09-04T11:22:35","modified_gmt":"2014-09-04T17:22:35","slug":"31826","status":"publish","type":"post","link":"http:\/\/www.eloriente.net\/home\/2014\/09\/03\/31826\/","title":{"rendered":"Maestr\u00edas y Doctorados en la UniSan"},"content":{"rendered":"<p>eloriente.net<\/p>\n<p>3\/septiembre\/2014<\/p>\n<p>La Universidad Santander a trav\u00e9s de su unidad de posgrados, convocan a las maestr\u00edas en:<\/p>\n<p>Educaci\u00f3n en el \u00c1rea de Docencia e Investigaci\u00f3n (autorizada por DGP)<br \/>\nEducaci\u00f3n en el \u00c1rea de Competencias Did\u00e1cticas<br \/>\nEducaci\u00f3n para la Cultura F\u00edsica<\/p>\n<p>Asimismo, est\u00e1 disponible el doctorado en Ciencias de la Educaci\u00f3n, autorizada por la DGP.<\/p>\n<p>En Posgrados Unisan, tambi\u00e9n se cuenta con cursos de ingl\u00e9s y computaci\u00f3n.<\/p>\n<p>Para mayores informes, visita las instalaciones de la Unidad Acad\u00e9mica Oaxaca en Calle Flor de Azahar No 115, Fracc. Valle de los Lirios, Oaxaca de Ju\u00e1rez, Oax. o visita www.unisan.edu.mx<\/p>\n<p>El correo electr\u00f3nico y tel\u00e9fono celular a tu disposici\u00f3n son 951 199 67 65 e informes.oaxaca@unisan.edu.mx<\/p>\n<p>Las aperturas de los cursos ser\u00e1n:<\/p>\n<p>Unidad Acad\u00e9mica Oaxaca &#8211; 11 de Octubre<\/p>\n<p>Subsede Huatulco &#8211; 06 de Septiembre<\/p>\n<p>Subsede Pochutla &#8211; 06 de Septiembre<\/p>\n<p>Subsede Huajuapan &#8211; 04 de Octubre<\/p>\n<p>Subsede Tlaxiaco &#8211; 18 de Octubre<\/p>\n<p><a href=\"http:\/\/www.eloriente.net\/home\/wp-content\/uploads\/2014\/09\/Flayer-UNISAN.jpg\"><img loading=\"lazy\" decoding=\"async\" class=\"alignnone size-medium wp-image-31827\" title=\"Flayer UNISAN\" src=\"http:\/\/www.eloriente.net\/home\/wp-content\/uploads\/2014\/09\/Flayer-UNISAN-285x300.jpg\" alt=\"\" width=\"285\" height=\"300\" srcset=\"http:\/\/www.eloriente.net\/home\/wp-content\/uploads\/2014\/09\/Flayer-UNISAN-285x300.jpg 285w, http:\/\/www.eloriente.net\/home\/wp-content\/uploads\/2014\/09\/Flayer-UNISAN-975x1024.jpg 975w, http:\/\/www.eloriente.net\/home\/wp-content\/uploads\/2014\/09\/Flayer-UNISAN-1024x1074.jpg 1024w\" sizes=\"(max-width: 285px) 100vw, 285px\" \/><\/a><\/p>\n<p><strong>Entradas relacionadas:<\/strong><\/p>\n<p><a title=\"Permalink to Seduce siglo XVII a mel\u00f3manos en la Catedral de Oaxaca\" href=\"http:\/\/www.eloriente.net\/home\/2014\/09\/02\/seduce-siglo-xvii-a-melomanos-en-la-catedral-de-oaxaca\/\" rel=\"bookmark\">Seduce siglo XVII a mel\u00f3manos en la Catedral de Oaxaca<\/a><\/p>\n<p><a href=\"http:\/\/www.eloriente.net\/home\/2014\/09\/02\/seduce-siglo-xvii-a-melomanos-en-la-catedral-de-oaxaca\/\" rel=\"bookmark\"><img decoding=\"async\" title=\"Seduce siglo XVII a mel\u00f3manos en la Catedral de Oaxaca\" src=\"http:\/\/www.eloriente.net\/home\/wp-content\/themes\/city-desk\/timthumb.php?src=http%3A%2F%2Fwww.eloriente.net%2Fhome%2Fwp-content%2Fuploads%2F2014%2F09%2FCatedral-1.jpg&amp;q=90&amp;w=160&amp;h=106&amp;zc=1\" alt=\"Seduce siglo XVII a mel\u00f3manos en la Catedral de Oaxaca\" \/><\/a><\/p>\n<p>eloriente.net 2\/septiembre\/2014 *Composiciones sacras, halladas en legendarios archivos y pertenecientes a quien se conoce como el \u00b4Primer gran compositor de Am\u00e9rica\u2019 fueron compartidas en una velada realizada en la Catedral de Oaxaca Con matices tonales del siglo XVII, la Catedral de la ciudad de Oaxaca se colm\u00f3 de Canto Gregoriano y Polifon\u00eda Cl\u00e1sica Novohispana a [&#8230;]<\/p>\n<p>September 2, 2014<\/p>\n<div id=\"post-31790\">\n<p><a title=\"Permalink to Aret\u00e9 Digital publica su reporte mensual sobre gesti\u00f3n cultural, septiembre 2014\" href=\"http:\/\/www.eloriente.net\/home\/2014\/09\/02\/arete-digital-publica-su-reporte-mensual-sobre-gestion-cultural-septiembre-2014\/\" rel=\"bookmark\">Aret\u00e9 Digital publica su reporte mensual sobre gesti\u00f3n cultural, septiembre 2014<\/a><\/p>\n<p><a href=\"http:\/\/www.eloriente.net\/home\/2014\/09\/02\/arete-digital-publica-su-reporte-mensual-sobre-gestion-cultural-septiembre-2014\/\" rel=\"bookmark\"><img decoding=\"async\" title=\"Aret\u00e9 Digital publica su reporte mensual sobre gesti\u00f3n cultural, septiembre 2014\" src=\"http:\/\/www.eloriente.net\/home\/wp-content\/themes\/city-desk\/timthumb.php?src=http%3A%2F%2Fwww.eloriente.net%2Fhome%2Fwp-content%2Fuploads%2F2014%2F09%2FAret%C3%A9-Ismael-Valladolid-Torres.jpg&amp;q=90&amp;w=160&amp;h=106&amp;zc=1\" alt=\"Aret\u00e9 Digital publica su reporte mensual sobre gesti\u00f3n cultural, septiembre 2014\" \/><\/a><\/p>\n<p>eloriente.net 2\/septiembre\/2014 La Asociaci\u00f3n Espa\u00f1ola de Gestores de Patrimonio Cultural (AEGPC) public\u00f3 hoy su reporte mensual sobre gesti\u00f3n cultural, Aret\u00e9 Digital,\u00a0julio 2014, en el cual muestra una s\u00edntesis sobre las actividades, convocatorias, cursos, jornadas, congresos, seminarios y noticias de la instituci\u00f3n, en las que se destaca la Convocatoria al Premio Uni\u00f3n Europea de Patrimonio Cultural [&#8230;]<\/p>\n<p>September 2, 2014<\/p>\n<\/div>\n<div id=\"post-31774\">\n<p><a title=\"Permalink to Programa de Renovaci\u00f3n de Planta Acad\u00e9mica de la UNAM; convocatoria\" href=\"http:\/\/www.eloriente.net\/home\/2014\/09\/02\/programa-de-renovacion-de-la-planta-academica-de-la-unam\/\" rel=\"bookmark\">Programa de Renovaci\u00f3n de Planta Acad\u00e9mica de la UNAM; convocatoria<\/a><\/p>\n<p><a href=\"http:\/\/www.eloriente.net\/home\/2014\/09\/02\/programa-de-renovacion-de-la-planta-academica-de-la-unam\/\" rel=\"bookmark\"><img decoding=\"async\" title=\"Programa de Renovaci\u00f3n de Planta Acad\u00e9mica de la UNAM; convocatoria\" src=\"http:\/\/www.eloriente.net\/home\/wp-content\/themes\/city-desk\/timthumb.php?src=http%3A%2F%2Fwww.eloriente.net%2Fhome%2Fwp-content%2Fuploads%2F2014%2F09%2FUNAM-scanudas1.jpg&amp;q=90&amp;w=160&amp;h=106&amp;zc=1\" alt=\"Programa de Renovaci\u00f3n de Planta Acad\u00e9mica de la UNAM; convocatoria\" \/><\/a><\/p>\n<p>eloriente.net 2\/septiembre\/2014 El Instituto de Investigaciones Hist\u00f3ricas de la UNAM, convoca al Programa de Renovaci\u00f3n de la Planta Acad\u00e9mica de la UNAM Subprograma de Incorporaci\u00f3n de J\u00f3venes Acad\u00e9micos de Carrera a la UNAM, con fecha l\u00edmite del 4 de noviembre de 2014. El Instituto de Investigaciones Hist\u00f3ricas invita a los(as)\u00a0interesados(as) en participar en el proceso [&#8230;]<\/p>\n<p>September 2, 2014<\/p>\n<\/div>\n\n\t\t\t  <div \n\t\t\t  \tclass = \"fb-comments\" \n\t\t\t  \tdata-href = \"http:\/\/www.eloriente.net\/home\/2014\/09\/03\/31826\/\"\n\t\t\t  \tdata-numposts = \"10\"\n\t\t\t\tdata-colorscheme = \"dark\"\n\t\t\t\tdata-order-by = \"social\"\n\t\t\t\tdata-mobile=true>\n\t\t\t  <\/div>\n\t\t  <style>\n\t\t\t.fb_iframe_widget_fluid_desktop iframe {\n\t\t\t    width: 100% !important;\n\t\t\t}\n\t\t  <\/style>\n\t\t  ","protected":false},"excerpt":{"rendered":"<p>eloriente.net 3\/septiembre\/2014 La Universidad Santander a trav\u00e9s de su unidad de posgrados, convocan a las maestr\u00edas en: Educaci\u00f3n en el \u00c1rea de Docencia e Investigaci\u00f3n (autorizada por DGP) Educaci\u00f3n en el \u00c1rea de Competencias Did\u00e1cticas Educaci\u00f3n para la Cultura F\u00edsica Asimismo, est\u00e1 disponible el doctorado en Ciencias de la Educaci\u00f3n, autorizada por la DGP. En [&hellip;]<\/p>\n","protected":false},"author":1,"featured_media":31827,"comment_status":"open","ping_status":"open","sticky":false,"template":"","format":"standard","meta":{"_jetpack_memberships_contains_paid_content":false,"footnotes":""},"categories":[18,32,10,23,84],"tags":[1819,2568],"class_list":["post-31826","post","type-post","status-publish","format-standard","has-post-thumbnail","hentry","category-educacion-y-cultura","category-entradas","category-lo-mas-reciente","category-municipios","category-universidades","tag-unisan","tag-universidad-santander"],"jetpack_featured_media_url":"http:\/\/www.eloriente.net\/home\/wp-content\/uploads\/2014\/09\/Flayer-UNISAN.jpg","jetpack_sharing_enabled":true,"_links":{"self":[{"href":"http:\/\/www.eloriente.net\/home\/wp-json\/wp\/v2\/posts\/31826"}],"collection":[{"href":"http:\/\/www.eloriente.net\/home\/wp-json\/wp\/v2\/posts"}],"about":[{"href":"http:\/\/www.eloriente.net\/home\/wp-json\/wp\/v2\/types\/post"}],"author":[{"embeddable":true,"href":"http:\/\/www.eloriente.net\/home\/wp-json\/wp\/v2\/users\/1"}],"replies":[{"embeddable":true,"href":"http:\/\/www.eloriente.net\/home\/wp-json\/wp\/v2\/comments?post=31826"}],"version-history":[{"count":3,"href":"http:\/\/www.eloriente.net\/home\/wp-json\/wp\/v2\/posts\/31826\/revisions"}],"predecessor-version":[{"id":31875,"href":"http:\/\/www.eloriente.net\/home\/wp-json\/wp\/v2\/posts\/31826\/revisions\/31875"}],"wp:featuredmedia":[{"embeddable":true,"href":"http:\/\/www.eloriente.net\/home\/wp-json\/wp\/v2\/media\/31827"}],"wp:attachment":[{"href":"http:\/\/www.eloriente.net\/home\/wp-json\/wp\/v2\/media?parent=31826"}],"wp:term":[{"taxonomy":"category","embeddable":true,"href":"http:\/\/www.eloriente.net\/home\/wp-json\/wp\/v2\/categories?post=31826"},{"taxonomy":"post_tag","embeddable":true,"href":"http:\/\/www.eloriente.net\/home\/wp-json\/wp\/v2\/tags?post=31826"}],"curies":[{"name":"wp","href":"https:\/\/api.w.org\/{rel}","templated":true}]}}