{"id":31831,"date":"2014-09-03T13:20:36","date_gmt":"2014-09-03T19:20:36","guid":{"rendered":"http:\/\/www.eloriente.net\/home\/?p=31831"},"modified":"2014-09-03T13:20:36","modified_gmt":"2014-09-03T19:20:36","slug":"de-verdad-querriamos-de-nuevo-a-pf-en-oaxaca","status":"publish","type":"post","link":"http:\/\/www.eloriente.net\/home\/2014\/09\/03\/de-verdad-querriamos-de-nuevo-a-pf-en-oaxaca\/","title":{"rendered":"\u00bfDe verdad querr\u00edamos de nuevo a PF en Oaxaca?"},"content":{"rendered":"<p>eloriente.net<\/p>\n<p>3\/septiembre\/2014<\/p>\n<p>Escenario infundado: EPN, sin prisa por la entidad<\/p>\n<p>Ayer por la ma\u00f1ana, de paso, arrib\u00f3 a la capital oaxaque\u00f1a un convoy de la nueva Gendarmer\u00eda Nacional. De inmediato se formularon versiones que, en un tono irresponsable y poco anal\u00edtico, apuntaban a que los elementos federales hab\u00edan sido mandados a la ciudad para restablecer el orden, como ocurri\u00f3 en 2006. Aunque hay manifestaciones de beligerancia por parte de la Secci\u00f3n 22, ninguna parece tener la dimensi\u00f3n suficiente como para generar una respuesta de fuerza que, adem\u00e1s, hoy en d\u00eda tampoco le interesar\u00eda dar al gobierno federal respecto a Oaxaca.<\/p>\n<p>En efecto, vale la pena partir del an\u00e1lisis de las condiciones en que se dio la incursi\u00f3n de elementos federales a Oaxaca en 2006, para constatar que esto no podr\u00eda ocurrir en las circunstancias en que se encuentra actualmente el conflicto magisterial, por la reforma educativa.<\/p>\n<p>Es que no puede ser as\u00ed, de entrada, porque si bien el gobierno federal tiene instalada una mesa de negociaci\u00f3n con la Secci\u00f3n 22, en el caso actual, y a diferencia de lo que pasaba en 2006, el tema central de la disputa entre los maestros y los gobiernos federal y de Oaxaca, se centra en el contenido de una reforma constitucional de alcance nacional. En 2006, sin embargo, el caso fue considerado como un asunto \u201cinterno\u201d del estado y por ende el gobierno federal se abstuvo de intervenir en \u00e9l.<\/p>\n<p>Ahora bien, vayamos a las condiciones concretas de c\u00f3mo se dio la intervenci\u00f3n federal en el conflicto de hace ocho a\u00f1os. \u00bfPodemos creer a\u00fan que la decisi\u00f3n del presidente Vicente Fox, de enviar las fuerzas federales a la entidad, vino de una simple ocurrencia o incluso de una supuesta preocupaci\u00f3n por lo que padec\u00edamos los oaxaque\u00f1os? No.<\/p>\n<p>M\u00e1s bien, en el contexto real s\u00f3lo pesaron dos variables para la decisi\u00f3n de mandar a 5 mil elementos federales a Oaxaca: primera, el homicidio ocurrido el 27 de octubre, del reportero estadounidense Bradley Rolland Will, durante un enfrentamiento entre polic\u00edas de Santa Luc\u00eda del Camino e integrantes de la APPO, y segunda, el contexto nacional, en el que Fox se estaba preparando para dejar el poder presidencial, y tem\u00eda que el conflicto magisterial de Oaxaca terminara de galvanizar la v\u00eda violenta de las protestas que entonces encabezaba el candidato presidencial derrotado, Andr\u00e9s Manuel L\u00f3pez Obrador (AMLO), y la uni\u00f3n de esos dos conflictos derivara en una revuelta de mayores dimensiones.<\/p>\n<p>De hecho, las protestas postelectorales de L\u00f3pez Obrador tuvieron mucho que ver en las decisiones que en ese a\u00f1o se tomaron respecto a Oaxaca. AMLO, como quiz\u00e1 se recuerde, inici\u00f3 sus protestas al d\u00eda siguiente de los comicios presidenciales, pero arreci\u00f3 su inconformidad una vez que el Tribunal Electoral del Poder Judicial de la Federaci\u00f3n resolvi\u00f3, a finales de agosto de 2006, todas las impugnaciones y declar\u00f3 como presidente electo a Felipe Calder\u00f3n.<\/p>\n<p>Vale la pena repasar la importancia que tuvieron esos hechos respecto al conflicto de Oaxaca. Pues de hecho, en la entidad las condiciones estaban dadas tambi\u00e9n desde finales de agosto de 2006 para que las fuerzas federales entraran a Oaxaca para restablecer el orden. No lo hicieron, porque el gobierno federal calcul\u00f3 que el movimiento magisterial no se hab\u00eda desgastado lo suficiente, y que la presencia de la Polic\u00eda Federal Preventiva s\u00f3lo avivar\u00eda la crisis y orillar\u00eda a los grupos inconformes de Oaxaca a unirse con quienes protestaban en la Ciudad de M\u00e9xico por motivos electorales.<\/p>\n<p>De hecho, en aquellos momentos hubo dos percepciones decisivas respecto a este punto espec\u00edfico: primera, que dentro de los grupos que acompa\u00f1aban a L\u00f3pez Obrador en sus protestas s\u00ed hab\u00eda quienes estar\u00edan dispuestos a utilizar la v\u00eda de la violencia para tratar de hacer valer su inconformidad con la elecci\u00f3n presidencial, y segunda, que en Oaxaca s\u00ed operaban movimientos armados en su calidad de luchadores sociales (como lo acept\u00f3 un a\u00f1o despu\u00e9s el EPR, ante la desaparici\u00f3n de dos de sus integrantes) brindando asesor\u00eda a los grupos inconformes y poniendo en pr\u00e1ctica t\u00e1cticas de defensa en las calles de Oaxaca.<\/p>\n<p>Ese era un c\u00f3ctel explosivo que hoy en d\u00eda no existe y que de hecho dej\u00f3 de tener connotaciones de riesgo cuando finalmente, a finales del mes de octubre de 2006, el gobierno federal decidi\u00f3 enviar a la Polic\u00eda Federal a Oaxaca para restablecer el orden, pero sobre todo para generar una inercia de desmovilizaci\u00f3n, frente a grupos violentos oaxaque\u00f1os en decadencia e inconformidades postelectorales que ya hab\u00edan vivido sus momentos m\u00e1s \u00e1lgidos.<\/p>\n<p>\u00bfQU\u00c9 PASA HOY?<\/p>\n<p>Hoy las condiciones son claramente distintas, y s\u00f3lo quienes apuestan al fatalismo o al sensacionalismo podr\u00edan creer que se diera una nueva posibilidad de presencia de fuerzas federales en Oaxaca para contener una resistencia magisterial. Eso no ocurrir\u00e1 porque el magisterio no ha escalado en su capacidad de movilizaci\u00f3n. M\u00e1s bien, lo que he hecho son \u201cpeque\u00f1os\u201d \u2014relativamente\u2014 actos de hostigamiento que no pasan de la comisi\u00f3n de delitos comunes, que quedan en la impunidad de la protecci\u00f3n del gobierno estatal.<\/p>\n<p>Pero, adem\u00e1s no habr\u00e1 presencia de elementos federales porque no existen condiciones que pongan en riesgo a la federaci\u00f3n. M\u00e1s bien, h\u00e1bilmente \u00e9sta le pas\u00f3 el problema aparente de que la implementaci\u00f3n de la reforma educativa nacional pasa por la armonizaci\u00f3n de las normas locales, cuando en realidad el costo pol\u00edtico de fondo deber\u00eda centrarse en la capacidad \u2014o incapacidad\u2014 del gobierno federal para poner en pr\u00e1ctica el contenido de la reforma, venciendo resistencias como la de la Secci\u00f3n 22, con quien hoy en d\u00eda, incluso, est\u00e1 negociando.<\/p>\n<p>As\u00ed, al final lo que queda claro es que s\u00f3lo quien quisiera ver a Oaxaca sumida en un nuevo desastre vio con alarma la presencia de elementos federales y lo interpret\u00f3 como la respuesta de fuerza del gobierno federal a los excesos cometidos al magisterio. No entienden que hoy en d\u00eda la situaci\u00f3n es igual que en 2006, pero al rev\u00e9s: en aquel entonces, un gobernador priista fue abandonado por un presidente emanado del PAN; y hoy, es clar\u00edsimo que un presidente priista (Enrique Pe\u00f1a Nieto) no tiene ning\u00fan inter\u00e9s por intervenir para ayudar \u2014al menos no p\u00fablicamente\u2014 al gobierno de Gabino Cu\u00e9 Monteagudo.<\/p>\n<p>TIEMPOS, \u00bfCU\u00c1LES?<\/p>\n<p>Dice el diputado Alejandro Avil\u00e9s que la LXII Legislatura \u201cest\u00e1 en tiempo\u201d para aprobar la ley educativa. \u00bfEst\u00e1n en tiempo? \u00bfEn tiempo, seg\u00fan qui\u00e9n? Porque el plazo legal se les venci\u00f3 desde el 11 de marzo. \u00bfEntonces?<\/p>\n<p><a href=\"http:\/\/www.eloriente.net\/home\/wp-content\/uploads\/2014\/06\/Polic\u00eda-Por-GobOax.jpg\"><img loading=\"lazy\" decoding=\"async\" class=\"alignnone size-medium wp-image-28662\" src=\"http:\/\/www.eloriente.net\/home\/wp-content\/uploads\/2014\/06\/Polic\u00eda-Por-GobOax-300x195.jpg\" alt=\"\" width=\"300\" height=\"195\" \/><\/a><\/p>\n<p>Foto: Archivo eloriente.net<\/p>\n<p><strong>Entradas relacionadas:<\/strong><\/p>\n<p><a title=\"Permalink to Desorden: \u00bfc\u00f3mo no creer que no hay legalidad?\" href=\"http:\/\/www.eloriente.net\/home\/2014\/09\/01\/desorden-como-no-creer-que-no-hay-legalidad\/\" rel=\"bookmark\">Desorden: \u00bfc\u00f3mo no creer que no hay legalidad?<\/a><\/p>\n<p><a href=\"http:\/\/www.eloriente.net\/home\/2014\/09\/01\/desorden-como-no-creer-que-no-hay-legalidad\/\" rel=\"bookmark\"><img decoding=\"async\" src=\"http:\/\/www.eloriente.net\/home\/wp-content\/themes\/city-desk\/timthumb.php?src=http%3A%2F%2Fwww.eloriente.net%2Fhome%2Fwp-content%2Fuploads%2F2014%2F07%2FMaestros-Por-Secci%C3%B3n-22.jpg&amp;q=90&amp;w=160&amp;h=106&amp;zc=1\" alt=\"Desorden: \u00bfc\u00f3mo no creer que no hay legalidad?\" \/><\/a><\/p>\n<p>eloriente.net 1\/septiembre\/2014 Presi\u00f3n, institucionalizada; lucha social, en pleno En las \u00faltimas semanas hemos visto c\u00f3mo en Oaxaca la legalidad se ha relajado hasta l\u00edmites insospechados. No es la primera vez que la autoridad estatal se queda arrinconada ante los grupos que organizadamente protestan y, rompiendo el orden, exigen respuesta a demandas que no siempre son [&#8230;]<\/p>\n<p>September 1, 2014<\/p>\n<div>\n<p><a title=\"Permalink to Oaxaca, \u00fanica entidad sin visita de Pe\u00f1a Nieto\" href=\"http:\/\/www.eloriente.net\/home\/2014\/09\/01\/oaxaca-unica-entidad-sin-visita-de-pena-nieto\/\" rel=\"bookmark\">Oaxaca, \u00fanica entidad sin visita de Pe\u00f1a Nieto<\/a><\/p>\n<p><a href=\"http:\/\/www.eloriente.net\/home\/2014\/09\/01\/oaxaca-unica-entidad-sin-visita-de-pena-nieto\/\" rel=\"bookmark\"><img decoding=\"async\" src=\"http:\/\/www.eloriente.net\/home\/wp-content\/themes\/city-desk\/timthumb.php?src=http%3A%2F%2Fwww.eloriente.net%2Fhome%2Fwp-content%2Fuploads%2F2014%2F06%2FPe%C3%B1a-Nieto-Por-Presidencia-de-la-Rep%C3%BAblica-Mexicana-e1409587085296.jpg&amp;q=90&amp;w=160&amp;h=106&amp;zc=1\" alt=\"Oaxaca, \u00fanica entidad sin visita de Pe\u00f1a Nieto\" \/><\/a><\/p>\n<p>eloriente.net 1\/septiembre\/2014 Cerca de cumplir dos a\u00f1os como Presidente de M\u00e9xico, Enrique Pe\u00f1a Nieto ha realizado giras de trabajo y visitas oficiales a numerosos estados de la rep\u00fablica y pa\u00edses en el mundo. A inicios de 2014, estados como Sonora o Baja California Sur, fueron visitados por el mandatario, hecho que convierte a Oaxaca en [&#8230;]<\/p>\n<p>September 1, 2014<\/p>\n<\/div>\n<div>\n<p><a title=\"Permalink to \u00bfDe veras no habr\u00e1 influyentismo en elecci\u00f3n de OPL\u2019s?\" href=\"http:\/\/www.eloriente.net\/home\/2014\/08\/29\/de-veras-no-habra-influyentismo-en-eleccion-de-opls\/\" rel=\"bookmark\">\u00bfDe veras no habr\u00e1 influyentismo en elecci\u00f3n de OPL\u2019s?<\/a><\/p>\n<p><a href=\"http:\/\/www.eloriente.net\/home\/2014\/08\/29\/de-veras-no-habra-influyentismo-en-eleccion-de-opls\/\" rel=\"bookmark\"><img decoding=\"async\" src=\"http:\/\/www.eloriente.net\/home\/wp-content\/themes\/city-desk\/timthumb.php?src=http%3A%2F%2Fwww.eloriente.net%2Fhome%2Fwp-content%2Fuploads%2F2014%2F08%2FINE-Archivo-eloriente.net_.jpg&amp;q=90&amp;w=160&amp;h=106&amp;zc=1\" alt=\"\u00bfDe veras no habr\u00e1 influyentismo en elecci\u00f3n de OPL\u2019s?\" \/><\/a><\/p>\n<p>eloriente.net 29\/agosto\/2014 Por:\u00a0Adri\u00e1n Ort\u00edz Romero INE debe dar m\u00e1s certezas sobre proceso de elecci\u00f3n Desde hace algunas semanas se desarrolla el proceso de selecci\u00f3n de quienes integrar\u00e1n el Organismo P\u00fablico Local (OPL) del Instituto Nacional Electoral (INE), que sustituir\u00e1 al Instituto Estatal Electoral y de Participaci\u00f3n Ciudadana de Oaxaca (IEEPCO). La elecci\u00f3n de los consejeros [&#8230;]<\/p>\n<p>August 29, 2014<\/p>\n<\/div>\n\n\t\t\t  <div \n\t\t\t  \tclass = \"fb-comments\" \n\t\t\t  \tdata-href = \"http:\/\/www.eloriente.net\/home\/2014\/09\/03\/de-verdad-querriamos-de-nuevo-a-pf-en-oaxaca\/\"\n\t\t\t  \tdata-numposts = \"10\"\n\t\t\t\tdata-colorscheme = \"dark\"\n\t\t\t\tdata-order-by = \"social\"\n\t\t\t\tdata-mobile=true>\n\t\t\t  <\/div>\n\t\t  <style>\n\t\t\t.fb_iframe_widget_fluid_desktop iframe {\n\t\t\t    width: 100% !important;\n\t\t\t}\n\t\t  <\/style>\n\t\t  ","protected":false},"excerpt":{"rendered":"<p>eloriente.net 3\/septiembre\/2014 Escenario infundado: EPN, sin prisa por la entidad Ayer por la ma\u00f1ana, de paso, arrib\u00f3 a la capital oaxaque\u00f1a un convoy de la nueva Gendarmer\u00eda Nacional. De inmediato se formularon versiones que, en un tono irresponsable y poco anal\u00edtico, apuntaban a que los elementos federales hab\u00edan sido mandados a la ciudad para restablecer [&hellip;]<\/p>\n","protected":false},"author":2,"featured_media":28662,"comment_status":"open","ping_status":"open","sticky":false,"template":"","format":"standard","meta":{"_jetpack_memberships_contains_paid_content":false,"footnotes":""},"categories":[38,11,32,10],"tags":[1717],"class_list":["post-31831","post","type-post","status-publish","format-standard","has-post-thumbnail","hentry","category-adrian-ortiz-romero","category-colaboradores","category-entradas","category-lo-mas-reciente","tag-adrian-ortiz-romero-2"],"jetpack_featured_media_url":"http:\/\/www.eloriente.net\/home\/wp-content\/uploads\/2014\/06\/Polic\u00eda-Por-GobOax-e1424046323877.jpg","jetpack_sharing_enabled":true,"_links":{"self":[{"href":"http:\/\/www.eloriente.net\/home\/wp-json\/wp\/v2\/posts\/31831"}],"collection":[{"href":"http:\/\/www.eloriente.net\/home\/wp-json\/wp\/v2\/posts"}],"about":[{"href":"http:\/\/www.eloriente.net\/home\/wp-json\/wp\/v2\/types\/post"}],"author":[{"embeddable":true,"href":"http:\/\/www.eloriente.net\/home\/wp-json\/wp\/v2\/users\/2"}],"replies":[{"embeddable":true,"href":"http:\/\/www.eloriente.net\/home\/wp-json\/wp\/v2\/comments?post=31831"}],"version-history":[{"count":1,"href":"http:\/\/www.eloriente.net\/home\/wp-json\/wp\/v2\/posts\/31831\/revisions"}],"predecessor-version":[{"id":31832,"href":"http:\/\/www.eloriente.net\/home\/wp-json\/wp\/v2\/posts\/31831\/revisions\/31832"}],"wp:featuredmedia":[{"embeddable":true,"href":"http:\/\/www.eloriente.net\/home\/wp-json\/wp\/v2\/media\/28662"}],"wp:attachment":[{"href":"http:\/\/www.eloriente.net\/home\/wp-json\/wp\/v2\/media?parent=31831"}],"wp:term":[{"taxonomy":"category","embeddable":true,"href":"http:\/\/www.eloriente.net\/home\/wp-json\/wp\/v2\/categories?post=31831"},{"taxonomy":"post_tag","embeddable":true,"href":"http:\/\/www.eloriente.net\/home\/wp-json\/wp\/v2\/tags?post=31831"}],"curies":[{"name":"wp","href":"https:\/\/api.w.org\/{rel}","templated":true}]}}